{"id":11947,"date":"2021-01-21T15:25:42","date_gmt":"2021-01-21T18:25:42","guid":{"rendered":"http:\/\/www.centraldenoticias.com.ar\/?p=11947"},"modified":"2021-01-21T16:42:33","modified_gmt":"2021-01-21T19:42:33","slug":"jose-arteaga-destaco-la-presencia-la-cercania-y-el-control-del-transporte-terrestre","status":"publish","type":"post","link":"https:\/\/cdnoticias.com\/index.php\/2021\/01\/21\/jose-arteaga-destaco-la-presencia-la-cercania-y-el-control-del-transporte-terrestre\/","title":{"rendered":"Jos\u00e9 Arteaga destac\u00f3 \u201cla presencia, la cercan\u00eda y el control del transporte terrestre\u201d"},"content":{"rendered":"<p>Valor\u00f3 as\u00ed la importancia de la subdelegaci\u00f3n Olavarr\u00eda de la CNRT. Adem\u00e1s, adelant\u00f3 que el organismo busca un acuerdo con Vialidad para avanzar en el pesaje de camiones.<!--more--><\/p>\n<hr \/>\n<p>El <strong>director Ejecutivo de la Comisi\u00f3n Nacional de Regulaci\u00f3n del Transporte (CNRT), Jose Arteaga,<\/strong> estuvo este jueves en Olavarr\u00eda para participar de la<a href=\"https:\/\/cdnoticias.com\/index.php\/2021\/01\/21\/inauguraron-la-sede-de-la-cnrt-en-la-terminal-de-olavarria\/\" target=\"_blank\" rel=\"noopener\"> inauguraci\u00f3n de la oficina regional<\/a> que se ubica en la Terminal.<\/p>\n<p>Tras el acto, brind\u00f3 una entrevista en la que resalt\u00f3 la importancia de la sede en nuestra ciudad, asegur\u00f3 que <strong>\u201cmuchos municipios est\u00e1n pidiendo colaboraci\u00f3n\u201d al organismo para avanzar en controles<\/strong> y adelant\u00f3 que la CNRT gestiona un<strong> acuerdo con Vialidad Nacional para poder adem\u00e1s hacer pesajes de camiones<\/strong>.<\/p>\n<p><img data-recalc-dims=\"1\" loading=\"lazy\" decoding=\"async\" class=\"aligncenter wp-image-11955\" src=\"https:\/\/i0.wp.com\/cdnoticias.com\/wp-content\/uploads\/2021\/01\/arteaga01.jpg?resize=800%2C454&#038;ssl=1\" alt=\"\" width=\"800\" height=\"454\" srcset=\"https:\/\/i0.wp.com\/cdnoticias.com\/wp-content\/uploads\/2021\/01\/arteaga01.jpg?resize=300%2C170&amp;ssl=1 300w, https:\/\/i0.wp.com\/cdnoticias.com\/wp-content\/uploads\/2021\/01\/arteaga01.jpg?resize=768%2C435&amp;ssl=1 768w, https:\/\/i0.wp.com\/cdnoticias.com\/wp-content\/uploads\/2021\/01\/arteaga01.jpg?w=1000&amp;ssl=1 1000w\" sizes=\"auto, (max-width: 800px) 100vw, 800px\" \/><\/p>\n<p>Respecto del <strong>transporte de pasajeros, asegur\u00f3 que la demanda \u201cno llega al 25 o 30% del hist\u00f3rico\u201d<\/strong> y que los controles se centran en el cumplimiento de los protocolos del Covid.<\/p>\n<p>Adem\u00e1s, Arteaga agradeci\u00f3 la presencia del intendente Ezequiel Galli y del diputado provincial C\u00e9sar Valicenti en el acto.<\/p>\n<p><em>\u00bfQu\u00e9 beneficios trae para Olavarr\u00eda tener una delegaci\u00f3n de la CNRT?<\/em><\/p>\n<p><strong>El beneficio para la comunidad tiene que ver en la presencia, la cercan\u00eda y el control del transporte terrestre<\/strong>. Camiones de carga, transporte de larga distancia de pasajeros, transporte ferroviario de pasajeros y de carga de la regi\u00f3n. Por eso es \u201cregi\u00f3n centro\u201d,<strong> va a abarcar con cabecera en Olavarr\u00eda, las localidades de Bol\u00edvar, Benito Ju\u00e1rez, Azul, Tandil<\/strong>. Todo lo que pase en las rutas y fundamentalmente en el transporte de carga, Olavarr\u00eda es el centro de la provincia, <strong>es un nudo ferroviario y vial m\u00e1s que importante<\/strong>.<\/p>\n<blockquote><p>El presidente Fern\u00e1ndez fue muy claro cuando iniciamos la gesti\u00f3n: que seamos verdaderamente un organismo federal. Y el ministro (Mario) Meoni, sobre todo en esta pandemia, trabaja para que la CNRT no est\u00e9 solamente en los grandes centros urbanos sino en el interior del pa\u00eds y de la provincia.<\/p><\/blockquote>\n<p><img data-recalc-dims=\"1\" loading=\"lazy\" decoding=\"async\" class=\"aligncenter wp-image-11956\" src=\"https:\/\/i0.wp.com\/cdnoticias.com\/wp-content\/uploads\/2021\/01\/arteaga02.jpg?resize=800%2C420&#038;ssl=1\" alt=\"\" width=\"800\" height=\"420\" srcset=\"https:\/\/i0.wp.com\/cdnoticias.com\/wp-content\/uploads\/2021\/01\/arteaga02.jpg?resize=300%2C158&amp;ssl=1 300w, https:\/\/i0.wp.com\/cdnoticias.com\/wp-content\/uploads\/2021\/01\/arteaga02.jpg?resize=768%2C403&amp;ssl=1 768w, https:\/\/i0.wp.com\/cdnoticias.com\/wp-content\/uploads\/2021\/01\/arteaga02.jpg?resize=390%2C205&amp;ssl=1 390w, https:\/\/i0.wp.com\/cdnoticias.com\/wp-content\/uploads\/2021\/01\/arteaga02.jpg?w=1000&amp;ssl=1 1000w\" sizes=\"auto, (max-width: 800px) 100vw, 800px\" \/><\/p>\n<p><em>Le pidi\u00f3 al titular de la delegaci\u00f3n que haga controles en todos los municipios y atienda los pedidos de los intendentes. \u00bfPor qu\u00e9 es importante estar en contacto con los municipios?<\/em><\/p>\n<p>Primero porque <strong>es la obligaci\u00f3n de la creaci\u00f3n regional de la presencia de la CNRT en Olavarr\u00eda<\/strong>. Segundo porque <strong>muchos municipios est\u00e1n pidiendo colaboraci\u00f3n<\/strong> en la preocupaci\u00f3n de no saber las caracter\u00edsticas de la unidad que, por lo general, cuando hablamos de j\u00f3venes van a Bariloche o al sur o a C\u00f3rdoba, o en el caso de la tercera edad los adultos mayores que tambi\u00e9n con mucho esfuerzo logran tener alg\u00fan viaje de recreaci\u00f3n.<\/p>\n<blockquote><p>Cuando se trata de viajes fuera de la provincia esa unidad puede y debe ser controlada a pedido de los municipios por la CNRT.<\/p><\/blockquote>\n<p>Controlamos que est\u00e9 habilitada para circular, que tenga permiso, que tenga seguro, que el chofer haya descansado, que tenga el test psicof\u00edsico y alcoholemia de sustancias, y que la unidad est\u00e9 habilitada en su condici\u00f3n t\u00e9cnica. Eso le da tranquilidad a todos, no hay mayor preocupaci\u00f3n de una mam\u00e1 o un pap\u00e1 que cuando ve que su hijo se va con alegr\u00eda en el viaje, y se preguntan c\u00f3mo estar\u00e1 este micro. Nos pasa a todos.<\/p>\n<p><img data-recalc-dims=\"1\" loading=\"lazy\" decoding=\"async\" class=\"aligncenter wp-image-11950\" src=\"https:\/\/i0.wp.com\/cdnoticias.com\/wp-content\/uploads\/2021\/01\/arteaga05.jpg?resize=800%2C444&#038;ssl=1\" alt=\"\" width=\"800\" height=\"444\" srcset=\"https:\/\/i0.wp.com\/cdnoticias.com\/wp-content\/uploads\/2021\/01\/arteaga05.jpg?resize=300%2C167&amp;ssl=1 300w, https:\/\/i0.wp.com\/cdnoticias.com\/wp-content\/uploads\/2021\/01\/arteaga05.jpg?resize=768%2C426&amp;ssl=1 768w, https:\/\/i0.wp.com\/cdnoticias.com\/wp-content\/uploads\/2021\/01\/arteaga05.jpg?resize=800%2C445&amp;ssl=1 800w, https:\/\/i0.wp.com\/cdnoticias.com\/wp-content\/uploads\/2021\/01\/arteaga05.jpg?w=1000&amp;ssl=1 1000w\" sizes=\"auto, (max-width: 800px) 100vw, 800px\" \/><\/p>\n<p><em>\u00bfQu\u00e9 se han encontrado en los operativos?<\/em><\/p>\n<p>Despu\u00e9s y en medio de la pandemia <strong>el transporte de pasajeros de larga distancia te dir\u00eda que est\u00e1 en una frecuencia m\u00ednima, es muy poca la demanda, no llega al 25 o 30% del hist\u00f3rico<\/strong>. Con lo cual el organismo est\u00e1 trabajando no s\u00f3lo en lo que ya dije sino en el control del<strong> protocolo Covid<\/strong>. Esto es que todos los pasajeros lleven barbijo, que haya la debida distancia en las terminales y estaciones, que se tome la temperatura a pasajeros, que no haya material de uso com\u00fan en las unidades -ni catering, auriculares, ni elementos de lectura, ni mantas- nada que el manoseo pueda permitir un contagio entre pasajeros. Tambi\u00e9n es muy importante el factor de ocupaci\u00f3n: <strong>que ninguna unidad tenga m\u00e1s del 80% de sus butacas ocupadas<\/strong>, para que si sucede en caso de un tr\u00e1nsito que un pasajero tenga s\u00edntomas pueda actuar r\u00e1pidamente la autoridad sanitaria.<\/p>\n<p><em>\u00bfC\u00f3mo vienen manejando esto con las empresas respecto de la necesaria reactivaci\u00f3n econ\u00f3mica?<\/em><\/p>\n<blockquote><p>Las empresas tienen que tener mayor cuidado en el factor de ocupaci\u00f3n. Hemos realizado sanciones fuertes a algunas empresas por el incumplimiento.<\/p><\/blockquote>\n<p>Y <strong>tienen que tener mayor cuidado tambi\u00e9n en que la trazabilidad es origen y destino siempre en terminales<\/strong>, no hay paradas intermedias para que nadie se suba o se baje de la unidad sin control de la autoridad sanitaria. Y sobre todo los usuarios tenemos que tener la obligaci\u00f3n, la responsabilidad y el compromiso del barbijo, el alcohol, el agua, el jab\u00f3n y la distancia.<\/p>\n<p><img data-recalc-dims=\"1\" loading=\"lazy\" decoding=\"async\" class=\"aligncenter wp-image-11949\" src=\"https:\/\/i0.wp.com\/cdnoticias.com\/wp-content\/uploads\/2021\/01\/arteaga04.jpg?resize=800%2C443&#038;ssl=1\" alt=\"\" width=\"800\" height=\"443\" srcset=\"https:\/\/i0.wp.com\/cdnoticias.com\/wp-content\/uploads\/2021\/01\/arteaga04.jpg?resize=300%2C166&amp;ssl=1 300w, https:\/\/i0.wp.com\/cdnoticias.com\/wp-content\/uploads\/2021\/01\/arteaga04.jpg?resize=768%2C425&amp;ssl=1 768w, https:\/\/i0.wp.com\/cdnoticias.com\/wp-content\/uploads\/2021\/01\/arteaga04.jpg?w=1000&amp;ssl=1 1000w\" sizes=\"auto, (max-width: 800px) 100vw, 800px\" \/><\/p>\n<p><em>\u00bfEn qu\u00e9 va a cambiar el control de los transportes de carga en Olavarr\u00eda tanto los locales como los que llegan por la piedra, que muchas veces son acusados de con los excesos de carga rompen las rutas?<\/em><\/p>\n<p>Hasta ahora nuestras facultades tienen que ver con lo t\u00e9cnico y la seguridad. <strong>Estamos gestionando con Vialidad Nacional para que con los camiones interjurisdiccionales de carga tengamos la posibilidad de hacer un convenio donde podamos controlar el exceso de carga.<\/strong> Hoy es una facultad de vialidad. Estamos articulando con su presidente, (Gustavo) Arrieta, la posibilidad de que la CNRT tambi\u00e9n lleve adelante el control de cargas, la sanci\u00f3n y la retenci\u00f3n de la unidad cuando est\u00e1 en exceso de carga. Porque en todos los intendentes, como lo dijo muy bien Galli en la presentaci\u00f3n, hay mucha preocupaci\u00f3n por el nivel de deterioro de la infraestructura vial a partir del exceso de carga, que por cierto tambi\u00e9n genera accidentes.<\/p>\n","protected":false},"excerpt":{"rendered":"<p>Valor\u00f3 as\u00ed la importancia de la subdelegaci\u00f3n Olavarr\u00eda de la CNRT. Adem\u00e1s, adelant\u00f3 que el organismo busca un acuerdo con<\/p>\n","protected":false},"author":4,"featured_media":11954,"comment_status":"closed","ping_status":"closed","sticky":false,"template":"","format":"standard","meta":{"_jetpack_memberships_contains_paid_content":false,"footnotes":""},"categories":[4,1],"tags":[],"class_list":["post-11947","post","type-post","status-publish","format-standard","has-post-thumbnail","hentry","category-politica","category-portada"],"jetpack_featured_media_url":"https:\/\/i0.wp.com\/cdnoticias.com\/wp-content\/uploads\/2021\/01\/arteaga.jpg?fit=1000%2C559&ssl=1","jetpack_sharing_enabled":true,"_links":{"self":[{"href":"https:\/\/cdnoticias.com\/index.php\/wp-json\/wp\/v2\/posts\/11947","targetHints":{"allow":["GET"]}}],"collection":[{"href":"https:\/\/cdnoticias.com\/index.php\/wp-json\/wp\/v2\/posts"}],"about":[{"href":"https:\/\/cdnoticias.com\/index.php\/wp-json\/wp\/v2\/types\/post"}],"author":[{"embeddable":true,"href":"https:\/\/cdnoticias.com\/index.php\/wp-json\/wp\/v2\/users\/4"}],"replies":[{"embeddable":true,"href":"https:\/\/cdnoticias.com\/index.php\/wp-json\/wp\/v2\/comments?post=11947"}],"version-history":[{"count":0,"href":"https:\/\/cdnoticias.com\/index.php\/wp-json\/wp\/v2\/posts\/11947\/revisions"}],"wp:featuredmedia":[{"embeddable":true,"href":"https:\/\/cdnoticias.com\/index.php\/wp-json\/wp\/v2\/media\/11954"}],"wp:attachment":[{"href":"https:\/\/cdnoticias.com\/index.php\/wp-json\/wp\/v2\/media?parent=11947"}],"wp:term":[{"taxonomy":"category","embeddable":true,"href":"https:\/\/cdnoticias.com\/index.php\/wp-json\/wp\/v2\/categories?post=11947"},{"taxonomy":"post_tag","embeddable":true,"href":"https:\/\/cdnoticias.com\/index.php\/wp-json\/wp\/v2\/tags?post=11947"}],"curies":[{"name":"wp","href":"https:\/\/api.w.org\/{rel}","templated":true}]}}