{"id":119455,"date":"2024-06-28T18:00:27","date_gmt":"2024-06-28T21:00:27","guid":{"rendered":"https:\/\/cdnoticias.com\/?p=119455"},"modified":"2024-06-28T20:56:11","modified_gmt":"2024-06-28T23:56:11","slug":"estela-diaz-es-enorme-la-preocupacion-por-las-politicas-que-lleva-adelante-el-gobierno-nacional","status":"publish","type":"post","link":"https:\/\/cdnoticias.com\/index.php\/2024\/06\/28\/estela-diaz-es-enorme-la-preocupacion-por-las-politicas-que-lleva-adelante-el-gobierno-nacional\/","title":{"rendered":"Estela D\u00edaz: \u201cEs enorme la preocupaci\u00f3n por las pol\u00edticas que lleva adelante el Gobierno Nacional\u201d"},"content":{"rendered":"<p>La ministra se\u00f1al\u00f3 la ausencia del pa\u00eds en la reuni\u00f3n de seguimiento de la Convenci\u00f3n de Bel\u00e9n de Par\u00e1 y la participaci\u00f3n de Argentina en la OEA \u201cponiendo en cuesti\u00f3n la agenda del desarrollo 2030\u201d. \u201cSienta una posici\u00f3n absolutamente retr\u00f3grada\u201d en materia de pol\u00edticas de g\u00e9nero dijo.<!--more--><\/p>\n<hr \/>\n<p><a href=\"https:\/\/cdnoticias.com\/index.php\/2024\/06\/28\/violencia-de-genero-en-olavarria-se-implementara-el-sistema-de-tobilleras-duales\/\" target=\"_blank\" rel=\"noopener\">En el marco de su visita a Olavarr\u00eda<\/a>, la <strong>ministra Estela D\u00edaz<\/strong> fue consultada por la continuidad de la cartera que encabeza -de Mujeres y Diversidad de la provincia de Buenos Aires- en contraste con la <strong>eliminaci\u00f3n del Ministerio de Mujeres a nivel nacional.<\/strong><\/p>\n<blockquote><p>\u201cPara nosotras es enorme la preocupaci\u00f3n por las pol\u00edticas que lleva adelante el Gobierno Nacional que se van consolidando. Lamentablemente ayer se vot\u00f3 la Ley Bases, una ley que consolida pol\u00edticas de ajuste\u201d sostuvo la funcionaria.<\/p><\/blockquote>\n<p>Expres\u00f3 que \u201clo vemos con mucha preocupaci\u00f3n porque lo que hemos visto es que <strong>se deterioran todos los indicadores sociales, econ\u00f3micos, laborales<\/strong>. Pero adem\u00e1s el <strong>retiro del estado en pol\u00edticas fundamentales, como son las pol\u00edticas que previenen las violencias, que abordan desigualdades de g\u00e9nero<\/strong>, como ha eliminado el Ministerio Nacional (primero lo desjerarquiz\u00f3, despu\u00e9s lo eliminaron), pero adem\u00e1s <strong>no han tenido continuidad ni pol\u00edticas ni programas por los que se ha luchado por a\u00f1os<\/strong> para que se lleven adelante\u201d.<\/p>\n<p><img data-recalc-dims=\"1\" loading=\"lazy\" decoding=\"async\" class=\"size-full wp-image-119450 aligncenter\" src=\"https:\/\/i0.wp.com\/cdnoticias.com\/wp-content\/uploads\/2024\/06\/estela-diaz-olavarria-00.jpg?resize=800%2C445&#038;ssl=1\" alt=\"\" width=\"800\" height=\"445\" srcset=\"https:\/\/i0.wp.com\/cdnoticias.com\/wp-content\/uploads\/2024\/06\/estela-diaz-olavarria-00.jpg?w=800&amp;ssl=1 800w, https:\/\/i0.wp.com\/cdnoticias.com\/wp-content\/uploads\/2024\/06\/estela-diaz-olavarria-00.jpg?resize=300%2C167&amp;ssl=1 300w, https:\/\/i0.wp.com\/cdnoticias.com\/wp-content\/uploads\/2024\/06\/estela-diaz-olavarria-00.jpg?resize=768%2C427&amp;ssl=1 768w\" sizes=\"auto, (max-width: 800px) 100vw, 800px\" \/><\/p>\n<blockquote><p>Este D\u00edaz sostuvo que actualmente Argentina est\u00e1 \u201csentando una posici\u00f3n absolutamente retr\u00f3grada a escala del mundo y de Am\u00e9rica Latina\u201d en materia de pol\u00edticas de g\u00e9nero.<\/p><\/blockquote>\n<p>Apunt\u00f3 a dos aspectos. Por un lado, cont\u00f3 que<strong> \u201cArgentina, por primera vez no particip\u00f3 en Santiago de Chile en este mes -11 y 12 de junio- del encuentro del mecanismo que hace el seguimiento de la Convenci\u00f3n de Bel\u00e9n de Par\u00e1<\/strong>, que es la convenci\u00f3n que garantiza pol\u00edticas para abordar las violencias de g\u00e9nero. Por primera vez el pa\u00eds no estuvo presente en el seguimiento de esta convenci\u00f3n\u201d.<\/p>\n<p>Luego cont\u00f3 que Argentina participa <strong>\u201cahora en la Organizaci\u00f3n de Estados Americanos poniendo en cuesti\u00f3n la agenda del desarrollo 2030<\/strong>. Una agenda que es base. Lo m\u00ednimo que pueden pedir los pa\u00edses del mundo, porque ese fue un consenso mundial en erradicaci\u00f3n de la pobreza, en el tema de ambiente y en los temas de g\u00e9nero y de erradicaci\u00f3n de las violencias de g\u00e9nero. Argentina est\u00e1 tachando, planteando tachar el reconocimiento de estos derechos\u201d.<\/p>\n<p>\u201cCon enorme preocupaci\u00f3n vemos esto, pero eso<strong> no nos desalienta en lo m\u00e1s m\u00ednimo en la tarea que venimos llevando con compromiso\u201d<\/strong> contrast\u00f3 D\u00edaz para subrayar que<strong> \u201chay que mejorar las pol\u00edticas p\u00fablicas.<\/strong> Tenemos que seguir construyendo presencia del estado para dar respuesta a las necesidades de nuestra poblaci\u00f3n. En nuestro caso, en temas de g\u00e9nero y diversidad\u201d.<\/p>\n","protected":false},"excerpt":{"rendered":"<p>La ministra se\u00f1al\u00f3 la ausencia del pa\u00eds en la reuni\u00f3n de seguimiento de la Convenci\u00f3n de Bel\u00e9n de Par\u00e1 y<\/p>\n","protected":false},"author":4,"featured_media":119448,"comment_status":"closed","ping_status":"closed","sticky":false,"template":"","format":"standard","meta":{"_jetpack_memberships_contains_paid_content":false,"footnotes":""},"categories":[3,1],"tags":[],"class_list":["post-119455","post","type-post","status-publish","format-standard","has-post-thumbnail","hentry","category-genero","category-portada"],"jetpack_featured_media_url":"https:\/\/i0.wp.com\/cdnoticias.com\/wp-content\/uploads\/2024\/06\/estela-diaz-olavarria-01.jpg?fit=800%2C445&ssl=1","jetpack_sharing_enabled":true,"_links":{"self":[{"href":"https:\/\/cdnoticias.com\/index.php\/wp-json\/wp\/v2\/posts\/119455","targetHints":{"allow":["GET"]}}],"collection":[{"href":"https:\/\/cdnoticias.com\/index.php\/wp-json\/wp\/v2\/posts"}],"about":[{"href":"https:\/\/cdnoticias.com\/index.php\/wp-json\/wp\/v2\/types\/post"}],"author":[{"embeddable":true,"href":"https:\/\/cdnoticias.com\/index.php\/wp-json\/wp\/v2\/users\/4"}],"replies":[{"embeddable":true,"href":"https:\/\/cdnoticias.com\/index.php\/wp-json\/wp\/v2\/comments?post=119455"}],"version-history":[{"count":0,"href":"https:\/\/cdnoticias.com\/index.php\/wp-json\/wp\/v2\/posts\/119455\/revisions"}],"wp:featuredmedia":[{"embeddable":true,"href":"https:\/\/cdnoticias.com\/index.php\/wp-json\/wp\/v2\/media\/119448"}],"wp:attachment":[{"href":"https:\/\/cdnoticias.com\/index.php\/wp-json\/wp\/v2\/media?parent=119455"}],"wp:term":[{"taxonomy":"category","embeddable":true,"href":"https:\/\/cdnoticias.com\/index.php\/wp-json\/wp\/v2\/categories?post=119455"},{"taxonomy":"post_tag","embeddable":true,"href":"https:\/\/cdnoticias.com\/index.php\/wp-json\/wp\/v2\/tags?post=119455"}],"curies":[{"name":"wp","href":"https:\/\/api.w.org\/{rel}","templated":true}]}}