{"id":119430,"date":"2024-06-28T11:08:11","date_gmt":"2024-06-28T14:08:11","guid":{"rendered":"https:\/\/cdnoticias.com\/?p=119430"},"modified":"2024-06-28T11:08:13","modified_gmt":"2024-06-28T14:08:13","slug":"el-foro-de-seguridad-rural-argentino-tambien-rechazo-el-cambio-de-calificacion-a-un-caso-de-abigeato","status":"publish","type":"post","link":"https:\/\/cdnoticias.com\/index.php\/2024\/06\/28\/el-foro-de-seguridad-rural-argentino-tambien-rechazo-el-cambio-de-calificacion-a-un-caso-de-abigeato\/","title":{"rendered":"El Foro de Seguridad Rural Argentino tambi\u00e9n rechaz\u00f3 el cambio de calificaci\u00f3n a un caso de abigeato"},"content":{"rendered":"<p>Productores Autoconvocados de Olavarr\u00eda que integran el foro difundieron el pronunciamiento. \u201cNos deja perplejos al cambiar la calificaci\u00f3n a robo simple\u201d expres\u00f3 la entidad que apunt\u00f3 a la amplia variedad de delitos que se registran en el sector rural.<!--more--><\/p>\n<hr \/>\n<p>El <strong>Foro de Seguridad Rural Argentino<\/strong> tambi\u00e9n se expres\u00f3 en<strong> rechazo al fallo del Tribunal de Casaci\u00f3n<\/strong> que <a href=\"https:\/\/cdnoticias.com\/index.php\/2024\/06\/24\/por-un-cambio-de-calificacion-a-dos-olavarrienses-les-bajaron-las-penas-por-matar-vacunos-y-robar-la-carne\/\" target=\"_blank\" rel=\"noopener\">reconfigur\u00f3 una causa que lleg\u00f3 a juicio como <strong>\u201cabigeato agravado\u201d hacia \u201crobo simple\u201d<\/strong>.<\/a><\/p>\n<p><strong>Productores Autoconvocados de Olavarr\u00eda<\/strong> que integran el foro<strong> difundieron el pronunciamiento<\/strong> y agregaron que tambi\u00e9n adhieren a la manifestaci\u00f3n que <a href=\"https:\/\/cdnoticias.com\/index.php\/2024\/06\/27\/fuertes-criticas-de-la-sociedad-rural-sobre-la-decision-de-casacion-para-recaratular-un-abigeato\/\" target=\"_blank\" rel=\"noopener\">expuso la Sociedad Rural de Olavarr\u00eda<\/a> en el mismo sentido.<\/p>\n<p>El Foro de Seguridad Rural Argentino emiti\u00f3 un comunicado que titul\u00f3<strong> \u201cCansados del ninguneo\u201d<\/strong>. \u201cEl reciente fallo de la Sala III de la C\u00e1mara de Casaci\u00f3n Penal de la Provincia de Buenos Aires,- cuya importancia en la producci\u00f3n ganadera es indiscutible- <strong>nos deja perplejos, al cambiar la calificaci\u00f3n a robo simple, la condena por abigeato agravado<\/strong>, Art.167 ter del C. Penal, dispuesta por el Tribunal Oral en lo Criminal N\u00b01 de Azul, a una t\u00edpica carneada dentro de un campo, argumentando que para que el delito de abigeato se tipifique, los animales deben ser sacados fuera del establecimiento, vivos\u201d sostuvo el organismo.<\/p>\n<blockquote><p>\u201cTremendo disparate factico y jur\u00eddico solo se explica en esas mentes garantistas, protectoras de la delincuencia, esas que dejan a las v\u00edctimas de delitos lejos de toda protecci\u00f3n y que la familia rural sufre permanentemente por el estado de indefensi\u00f3n en que se encuentra\u201d cuestion\u00f3 el Foro.<\/p><\/blockquote>\n<p>En el comunicado se reafirm\u00f3 que <strong>\u201cel campo es uno de los motores m\u00e1s importantes de la econom\u00eda nacional\u201d<\/strong> y que<strong> \u201clos delitos que se cometen en zonas rurales constituyen uno de los factores limitantes a su capacidad productiva y exportadora\u201d<\/strong>. Apunt\u00f3 a la amplia variedad de delitos que se registran en el sector rural, tanto \u201ccomplejos\u201d como \u201ccomunes y reiterados\u201d.<\/p>\n<p>En ese marco, se record\u00f3 que<strong> \u201csostenemos la necesidad de que se implemente una Pol\u00edtica Nacional de Seguridad Rural<\/strong> a trav\u00e9s de un organismo nacional, con jurisdicci\u00f3n en todo el pa\u00eds, que deber\u00eda instrumentar un sistema de planeamiento estrat\u00e9gico para poder brindar, con inmediatez, respuestas eficaces y eficientes\u201d. <em>Aseguraron que eso le propusieron a Patricia Bullrich en su anterior gesti\u00f3n al frente del Ministerio de Seguridad nacional<\/em> para concluir en que \u201clos resultados est\u00e1n a la vista,<strong> solamente nos tienen en cuenta como sector, para que financiemos con nuestros h\u00edper impuestos los d\u00e9ficit nacionales, provinciales y municipales<\/strong> en un ninguneo constante a todo lo dem\u00e1s expuesto\u201d.<\/p>\n<p>A continuaci\u00f3n el Foro mencion\u00f3 que<strong> \u201cel caso Loan, que nos conmueve, como tantos otros muchos a lo largo y ancho del pa\u00eds, es prueba suficiente de la falta de prevenci\u00f3n adecuada y de una persecuci\u00f3n ineficiente<\/strong> de los delitos a que nos vemos sometidos\u201d en el sector rural y, por \u00faltimo, se pronunci\u00f3 sobre el fallo el tribunal de segunda instancia de La Plata que cambi\u00f3 el juzgamiento sobre los hechos que se dieron en Olavarr\u00eda en 2020.<\/p>\n","protected":false},"excerpt":{"rendered":"<p>Productores Autoconvocados de Olavarr\u00eda que integran el foro difundieron el pronunciamiento. \u201cNos deja perplejos al cambiar la calificaci\u00f3n a robo<\/p>\n","protected":false},"author":4,"featured_media":39327,"comment_status":"closed","ping_status":"closed","sticky":false,"template":"","format":"standard","meta":{"_jetpack_memberships_contains_paid_content":false,"footnotes":""},"categories":[5,1],"tags":[],"class_list":["post-119430","post","type-post","status-publish","format-standard","has-post-thumbnail","hentry","category-informacion-general","category-portada"],"jetpack_featured_media_url":"https:\/\/i0.wp.com\/cdnoticias.com\/wp-content\/uploads\/2021\/11\/foro-seguridad-rural-00.jpg?fit=800%2C445&ssl=1","jetpack_sharing_enabled":true,"_links":{"self":[{"href":"https:\/\/cdnoticias.com\/index.php\/wp-json\/wp\/v2\/posts\/119430","targetHints":{"allow":["GET"]}}],"collection":[{"href":"https:\/\/cdnoticias.com\/index.php\/wp-json\/wp\/v2\/posts"}],"about":[{"href":"https:\/\/cdnoticias.com\/index.php\/wp-json\/wp\/v2\/types\/post"}],"author":[{"embeddable":true,"href":"https:\/\/cdnoticias.com\/index.php\/wp-json\/wp\/v2\/users\/4"}],"replies":[{"embeddable":true,"href":"https:\/\/cdnoticias.com\/index.php\/wp-json\/wp\/v2\/comments?post=119430"}],"version-history":[{"count":0,"href":"https:\/\/cdnoticias.com\/index.php\/wp-json\/wp\/v2\/posts\/119430\/revisions"}],"wp:featuredmedia":[{"embeddable":true,"href":"https:\/\/cdnoticias.com\/index.php\/wp-json\/wp\/v2\/media\/39327"}],"wp:attachment":[{"href":"https:\/\/cdnoticias.com\/index.php\/wp-json\/wp\/v2\/media?parent=119430"}],"wp:term":[{"taxonomy":"category","embeddable":true,"href":"https:\/\/cdnoticias.com\/index.php\/wp-json\/wp\/v2\/categories?post=119430"},{"taxonomy":"post_tag","embeddable":true,"href":"https:\/\/cdnoticias.com\/index.php\/wp-json\/wp\/v2\/tags?post=119430"}],"curies":[{"name":"wp","href":"https:\/\/api.w.org\/{rel}","templated":true}]}}