{"id":119425,"date":"2024-06-28T09:35:23","date_gmt":"2024-06-28T12:35:23","guid":{"rendered":"https:\/\/cdnoticias.com\/?p=119425"},"modified":"2024-06-28T12:23:20","modified_gmt":"2024-06-28T15:23:20","slug":"otra-vez-olavarria-fue-la-ciudad-mas-fria-de-la-provincia","status":"publish","type":"post","link":"https:\/\/cdnoticias.com\/index.php\/2024\/06\/28\/otra-vez-olavarria-fue-la-ciudad-mas-fria-de-la-provincia\/","title":{"rendered":"Otra vez Olavarr\u00eda fue la ciudad m\u00e1s fr\u00eda de la provincia"},"content":{"rendered":"\n<p>Los datos son aportados por el Servicio Meteorol\u00f3gico Nacional en su ranking de temperaturas.<\/p>\n\n\n\n<hr class=\"wp-block-separator has-alpha-channel-opacity\"\/>\n\n\n\n<p>A las 8 de la ma\u00f1ana, <strong>Olavarr\u00eda se ubic\u00f3 como la ciudad m\u00e1s fr\u00eda de la provincia de Buenos Aires con 2.1\u00b0C y -3.1\u00b0C de Sensaci\u00f3n T\u00e9rmica (ST).<\/strong> As\u00ed lo inform\u00f3 el Servicio Meteorol\u00f3gico Nacional (SMN) en su ranking de temperaturas.<\/p>\n\n\n\n<p><\/p>\n\n\n\n<p>Por detr\u00e1s de nuestra ciudad, se ubicaron otras dos ciudades bonaerenses: <strong>Pehuaj\u00f3<\/strong> con 2.3\u00b0C y -1.2\u00b0C de ST; y <strong>Bah\u00eda Blanca<\/strong> con 2.6\u00b0C y -1.7\u00b0C de ST.<\/p>\n\n\n\n<p><\/p>\n\n\n\n<p>Respecto a la medici\u00f3n a nivel nacional, la ciudad m\u00e1s fr\u00eda del pa\u00eds fue <strong>El Calafate<\/strong>, en Santa Cruz con -9.2\u00b0C y -14.7 ST. Le siguen <strong>R\u00edo Grande<\/strong> (Tierra del Fuego) con -7\u00b0 y -12\u00b0 de ST; y <strong>Rio Gallegos<\/strong> (Santa Cruz) con -6.8\u00b0C y -11.8 de ST.<\/p>\n\n\n\n<p><\/p>\n\n\n\n<p>Este viernes en Olavarr\u00eda <strong>la m\u00e1xima estimada es de tan solo 8\u00b0.<\/strong> Las bajas temperaturas continuar\u00e1n durante el fin de semana, siendo el <strong>s\u00e1bado<\/strong> el d\u00eda con el registro m\u00e1s bajo: <strong>solo 7\u00b0 de m\u00e1xima y una m\u00ednima que se ubica en -1\u00b0.<\/strong><\/p>\n\n\n\n<p><\/p>\n\n\n\n<figure class=\"wp-block-image size-full\"><img data-recalc-dims=\"1\" loading=\"lazy\" decoding=\"async\" width=\"606\" height=\"177\" src=\"https:\/\/i0.wp.com\/cdnoticias.com\/wp-content\/uploads\/2024\/06\/image-1.png?resize=606%2C177&#038;ssl=1\" alt=\"\" class=\"wp-image-119426\" srcset=\"https:\/\/i0.wp.com\/cdnoticias.com\/wp-content\/uploads\/2024\/06\/image-1.png?w=606&amp;ssl=1 606w, https:\/\/i0.wp.com\/cdnoticias.com\/wp-content\/uploads\/2024\/06\/image-1.png?resize=300%2C88&amp;ssl=1 300w\" sizes=\"auto, (max-width: 606px) 100vw, 606px\" \/><\/figure>\n","protected":false},"excerpt":{"rendered":"<p>Los datos son aportados por el Servicio Meteorol\u00f3gico Nacional en su ranking de temperaturas. A las 8 de la ma\u00f1ana,<\/p>\n","protected":false},"author":2,"featured_media":90583,"comment_status":"closed","ping_status":"closed","sticky":false,"template":"","format":"standard","meta":{"_jetpack_memberships_contains_paid_content":false,"footnotes":""},"categories":[5,1],"tags":[],"class_list":["post-119425","post","type-post","status-publish","format-standard","has-post-thumbnail","hentry","category-informacion-general","category-portada"],"jetpack_featured_media_url":"https:\/\/i0.wp.com\/cdnoticias.com\/wp-content\/uploads\/2023\/07\/helada-frio-invierno-06.jpg?fit=800%2C445&ssl=1","jetpack_sharing_enabled":true,"_links":{"self":[{"href":"https:\/\/cdnoticias.com\/index.php\/wp-json\/wp\/v2\/posts\/119425","targetHints":{"allow":["GET"]}}],"collection":[{"href":"https:\/\/cdnoticias.com\/index.php\/wp-json\/wp\/v2\/posts"}],"about":[{"href":"https:\/\/cdnoticias.com\/index.php\/wp-json\/wp\/v2\/types\/post"}],"author":[{"embeddable":true,"href":"https:\/\/cdnoticias.com\/index.php\/wp-json\/wp\/v2\/users\/2"}],"replies":[{"embeddable":true,"href":"https:\/\/cdnoticias.com\/index.php\/wp-json\/wp\/v2\/comments?post=119425"}],"version-history":[{"count":0,"href":"https:\/\/cdnoticias.com\/index.php\/wp-json\/wp\/v2\/posts\/119425\/revisions"}],"wp:featuredmedia":[{"embeddable":true,"href":"https:\/\/cdnoticias.com\/index.php\/wp-json\/wp\/v2\/media\/90583"}],"wp:attachment":[{"href":"https:\/\/cdnoticias.com\/index.php\/wp-json\/wp\/v2\/media?parent=119425"}],"wp:term":[{"taxonomy":"category","embeddable":true,"href":"https:\/\/cdnoticias.com\/index.php\/wp-json\/wp\/v2\/categories?post=119425"},{"taxonomy":"post_tag","embeddable":true,"href":"https:\/\/cdnoticias.com\/index.php\/wp-json\/wp\/v2\/tags?post=119425"}],"curies":[{"name":"wp","href":"https:\/\/api.w.org\/{rel}","templated":true}]}}