{"id":119421,"date":"2024-06-28T09:19:59","date_gmt":"2024-06-28T12:19:59","guid":{"rendered":"https:\/\/cdnoticias.com\/?p=119421"},"modified":"2024-06-28T13:15:48","modified_gmt":"2024-06-28T16:15:48","slug":"violencia-de-genero-un-detenido-con-graves-acusaciones","status":"publish","type":"post","link":"https:\/\/cdnoticias.com\/index.php\/2024\/06\/28\/violencia-de-genero-un-detenido-con-graves-acusaciones\/","title":{"rendered":"Violencia de g\u00e9nero: un detenido con graves acusaciones"},"content":{"rendered":"<p>Intento de femicidio y lesiones es la causa por la que se produjo la detenci\u00f3n de un hombre de 33 a\u00f1os. Fue hallado en la v\u00eda p\u00fablica, en inmediaciones de \u00c1lvaro Barros y calle 1.<!--more--><\/p>\n<hr \/>\n<p>Un hombre fue<strong> detenido en Olavarr\u00eda<\/strong> por <strong>graves acusaciones<\/strong> en el marco de un caso de <strong>violencia de g\u00e9nero<\/strong>: lo buscaban por <strong>intento de femicidio y lesiones agravados.<\/strong><\/p>\n<p>Se hab\u00eda emitido una <strong>orden de allanamiento y detenci\u00f3n<\/strong> contra el<strong> imputado, de 33 a\u00f1os.<\/strong><\/p>\n<p>Personal del <strong>Gabinete Externo de la Comisar\u00eda Primera<\/strong> llevaron a cabo<strong> el allanamiento que arroj\u00f3 resultado negativo<\/strong> en cuanto al hallazgo de elementos de inter\u00e9s para la causa.<\/p>\n<blockquote><p>En tanto, a fin de dar con el imputado, realizaron tareas encubiertas en inmediaciones de su domicilio. De esa manera se logr\u00f3 la detenci\u00f3n en calle 1 a pocos metros de calle \u00c1lvaro Barros, en la v\u00eda p\u00fablica.<\/p><\/blockquote>\n<p>Las medidas hab\u00edan sido solicitadas por la <strong>UFI N\u00ba 5 de Olavarr\u00eda<\/strong> a cargo de la fiscal Mariela Viceconte.<\/p>\n<p>Tras efectuar informe m\u00e9dico, el acusado qued\u00f3 <strong>alojado en la sede de la Comisar\u00eda Primera a la espera de cupo para ser trasladado a una unidad penitenciaria<\/strong>.<\/p>\n<p>Tal como se dio a conocer, est\u00e1 imputado por<strong> \u201clesiones leves doblemente agravadas por ser cometidas contra una persona con la que se mantiene o se ha mantenido una relaci\u00f3n de pareja y por ser perpetrado por un hombre contra una mujer mediando violencia de g\u00e9nero y, homicidio doblemente agravado por ser cometido contra una persona con la que se mantiene o se ha mantenido una relaci\u00f3n de pareja y por ser perpetrado por un hombre contra una mujer mediando violencia de genero -femicidio- en grado de tentativa en concurso real y contexto de violencia familiar y de g\u00e9nero\u201d<\/strong>. Los delitos imputados est\u00e1n contemplados en los art\u00edculos 60, 89, 90, 92, 247 y 272 del C\u00f3digo Penal.<\/p>\n","protected":false},"excerpt":{"rendered":"<p>Intento de femicidio y lesiones es la causa por la que se produjo la detenci\u00f3n de un hombre de 33<\/p>\n","protected":false},"author":4,"featured_media":119423,"comment_status":"closed","ping_status":"closed","sticky":false,"template":"","format":"standard","meta":{"_jetpack_memberships_contains_paid_content":false,"footnotes":""},"categories":[14,1],"tags":[],"class_list":["post-119421","post","type-post","status-publish","format-standard","has-post-thumbnail","hentry","category-policiales","category-portada"],"jetpack_featured_media_url":"https:\/\/i0.wp.com\/cdnoticias.com\/wp-content\/uploads\/2024\/06\/detenido-violencia-de-genero-alvaro-barros-y-calle-1-a.jpg?fit=1000%2C556&ssl=1","jetpack_sharing_enabled":true,"_links":{"self":[{"href":"https:\/\/cdnoticias.com\/index.php\/wp-json\/wp\/v2\/posts\/119421","targetHints":{"allow":["GET"]}}],"collection":[{"href":"https:\/\/cdnoticias.com\/index.php\/wp-json\/wp\/v2\/posts"}],"about":[{"href":"https:\/\/cdnoticias.com\/index.php\/wp-json\/wp\/v2\/types\/post"}],"author":[{"embeddable":true,"href":"https:\/\/cdnoticias.com\/index.php\/wp-json\/wp\/v2\/users\/4"}],"replies":[{"embeddable":true,"href":"https:\/\/cdnoticias.com\/index.php\/wp-json\/wp\/v2\/comments?post=119421"}],"version-history":[{"count":0,"href":"https:\/\/cdnoticias.com\/index.php\/wp-json\/wp\/v2\/posts\/119421\/revisions"}],"wp:featuredmedia":[{"embeddable":true,"href":"https:\/\/cdnoticias.com\/index.php\/wp-json\/wp\/v2\/media\/119423"}],"wp:attachment":[{"href":"https:\/\/cdnoticias.com\/index.php\/wp-json\/wp\/v2\/media?parent=119421"}],"wp:term":[{"taxonomy":"category","embeddable":true,"href":"https:\/\/cdnoticias.com\/index.php\/wp-json\/wp\/v2\/categories?post=119421"},{"taxonomy":"post_tag","embeddable":true,"href":"https:\/\/cdnoticias.com\/index.php\/wp-json\/wp\/v2\/tags?post=119421"}],"curies":[{"name":"wp","href":"https:\/\/api.w.org\/{rel}","templated":true}]}}