{"id":119395,"date":"2024-06-27T20:37:01","date_gmt":"2024-06-27T23:37:01","guid":{"rendered":"https:\/\/cdnoticias.com\/?p=119395"},"modified":"2024-06-28T09:20:16","modified_gmt":"2024-06-28T12:20:16","slug":"el-mayor-miedo-que-tenemos-las-pymes-es-el-ingreso-de-productos-de-afuera","status":"publish","type":"post","link":"https:\/\/cdnoticias.com\/index.php\/2024\/06\/27\/el-mayor-miedo-que-tenemos-las-pymes-es-el-ingreso-de-productos-de-afuera\/","title":{"rendered":"\u201cEl mayor miedo que tenemos las pymes es el ingreso de productos de afuera\u201d"},"content":{"rendered":"\n<p>En el D\u00eda de las Pymes, Central de Noticias dialog\u00f3 con Jorge Sobarzo, empresario local. El impacto de los primeros seis meses del Gobierno Nacional y los desaf\u00edos en la actualidad. En su empresa, tuvo aumentos de tarifas de hasta seis millones de pesos en la luz, y tuvo que despedir empleados: &#8220;no hubo cierres de pymes pero s\u00ed despidos&#8221;.<\/p>\n\n\n\n<hr class=\"wp-block-separator aligncenter has-alpha-channel-opacity\"\/>\n\n\n\n<p>El 27 de junio se celebra en la Argentina el <strong>D\u00eda de las Microempresas y las Peque\u00f1as y Medianas Empresas<\/strong>, fecha que fue instaurada por la Asamblea General de las Naciones Unidas.<\/p>\n\n\n\n<p><\/p>\n\n\n\n<p>No es un d\u00eda m\u00e1s para las Pymes en nuestro pa\u00eds, y m\u00e1s precisamente en Olavarr\u00eda: en el medio de una brutal recesi\u00f3n, con aumentos de tarifas siderales y despidos, <strong>hay poco para celebrar<\/strong>. Por el contrario, <strong>se visibiliz\u00f3 la dif\u00edcil situaci\u00f3n que sufren actualmente<\/strong> y se reflexion\u00f3 sobre los <strong>nuevos desaf\u00edos<\/strong> en las peque\u00f1as empresas para que se sigan sosteniendo los pr\u00f3ximos seis meses. <\/p>\n\n\n\n<p><\/p>\n\n\n\n<p>Es por ello que <em>Central de Noticias<\/em> dialog\u00f3 con<strong> Jorge Sobarzo, <\/strong>empresario pyme, titular de Qutral e integrante de la Uni\u00f3n Industrial de Olavarr\u00eda<strong>, <\/strong>quien sostuvo que actualmente \u201c<strong>no estamos ajenos a la realidad<\/strong>\u201d y que en nuestra ciudad particularmente <strong>\u201cse sienten las consecuencias un poco m\u00e1s fuerte porque Olavarr\u00eda es dependiente de la obra p\u00fablica por naturaleza\u201d.<\/strong><\/p>\n\n\n\n<p><\/p>\n\n\n\n<p>En este sentido, la econom\u00eda sigue fuertemente ligada a las cementeras, mineras y canteras. \u201c<strong><em>Cuando eso no funciona porque no es demandado por la obra p\u00fablica hay un sinf\u00edn de PYMES que se empiezan a paralizar\u201d<\/em><\/strong> indic\u00f3 Sobarzo.<\/p>\n\n\n\n<p><\/p>\n\n\n\n<p>El empresario ejemplific\u00f3: \u201cMuchas de las de las empresas locales prestamos servicios y &nbsp;cuando ellos no tienen ventas no demandan el servicio tampoco. Por ejemplo, si las cementeras no venden cemento no demandan log\u00edstica. Cuando a la empresa de transporte se le cae la log\u00edstica, no compra una nueva carrocer\u00eda, entonces la gente que fabrica acoplados o que fabrican cajas no venden tampoco. Se hace una cadena que impacta negativamente en todos lados\u201d.<\/p>\n\n\n\n<p><\/p>\n\n\n\n<figure class=\"wp-block-image aligncenter size-large\"><img data-recalc-dims=\"1\" loading=\"lazy\" decoding=\"async\" width=\"800\" height=\"480\" src=\"https:\/\/i0.wp.com\/cdnoticias.com\/wp-content\/uploads\/2022\/11\/jorge-sobarzo-04.jpg?resize=800%2C480&#038;ssl=1\" alt=\"\" class=\"wp-image-70550\" srcset=\"https:\/\/i0.wp.com\/cdnoticias.com\/wp-content\/uploads\/2022\/11\/jorge-sobarzo-04-scaled.jpg?resize=1024%2C614&amp;ssl=1 1024w, https:\/\/i0.wp.com\/cdnoticias.com\/wp-content\/uploads\/2022\/11\/jorge-sobarzo-04-scaled.jpg?resize=300%2C180&amp;ssl=1 300w, https:\/\/i0.wp.com\/cdnoticias.com\/wp-content\/uploads\/2022\/11\/jorge-sobarzo-04-scaled.jpg?resize=768%2C461&amp;ssl=1 768w, https:\/\/i0.wp.com\/cdnoticias.com\/wp-content\/uploads\/2022\/11\/jorge-sobarzo-04-scaled.jpg?resize=1536%2C921&amp;ssl=1 1536w, https:\/\/i0.wp.com\/cdnoticias.com\/wp-content\/uploads\/2022\/11\/jorge-sobarzo-04-scaled.jpg?resize=2048%2C1229&amp;ssl=1 2048w, https:\/\/i0.wp.com\/cdnoticias.com\/wp-content\/uploads\/2022\/11\/jorge-sobarzo-04-scaled.jpg?w=1600&amp;ssl=1 1600w, https:\/\/i0.wp.com\/cdnoticias.com\/wp-content\/uploads\/2022\/11\/jorge-sobarzo-04-scaled.jpg?w=2400&amp;ssl=1 2400w\" sizes=\"auto, (max-width: 800px) 100vw, 800px\" \/><\/figure>\n\n\n\n<p><\/p>\n\n\n\n<blockquote class=\"wp-block-quote is-layout-flow wp-block-quote-is-layout-flow\">\n<p>En esta cadena de impacto negativo, tambi\u00e9n llegan los despidos. Sobarzo lament\u00f3 la desocupaci\u00f3n e indic\u00f3 \u201cno hubo cierre de pymes pero si y me incluyo en que hemos tenido que despedir personas\u201d.<\/p>\n<\/blockquote>\n\n\n\n<p><\/p>\n\n\n\n<p>Sobarzo es titular de <strong>Qutral<\/strong>, una <strong>empresa que se dedica a la venta de estufas de le\u00f1a<\/strong> y se\u00f1al\u00f3 que si bien estamos en temporada alta de estufas con la llegada del invierno \u201chay que generar beneficios para los consumidores, hay que hacer promociones y descuentos&#8221;.<\/p>\n\n\n\n<p><\/p>\n\n\n\n<p>El empresario not\u00f3 que \u00faltimamente se frecuenta <strong>\u201cla compra del producto m\u00e1s chiquito y en la mayor cantidad de cuotas posibles<\/strong>\u201d y agreg\u00f3 que <strong>\u201cvan directamente a lo m\u00e1s econ\u00f3mico\u201d.<\/strong><\/p>\n\n\n\n<p><\/p>\n\n\n\n<blockquote class=\"wp-block-quote is-layout-flow wp-block-quote-is-layout-flow\">\n<p>Asimismo, a la hora de trabajar en la actividad, Sobarzo coment\u00f3 que \u201ccuando llegaba el invierno hac\u00edamos turnos rotativos y trabaj\u00e1bamos veinticuatro horas. Hoy a las cinco de la tarde se cierra la f\u00e1brica y no se produce porque no se vende, tenemos una capacidad de producci\u00f3n ociosa en este momento\u201d.<\/p>\n<\/blockquote>\n\n\n\n<p><\/p>\n\n\n\n<figure class=\"wp-block-image aligncenter size-large\"><img data-recalc-dims=\"1\" loading=\"lazy\" decoding=\"async\" width=\"800\" height=\"480\" src=\"https:\/\/i0.wp.com\/cdnoticias.com\/wp-content\/uploads\/2022\/11\/jorge-sobarzo-02.jpg?resize=800%2C480&#038;ssl=1\" alt=\"\" class=\"wp-image-70548\" srcset=\"https:\/\/i0.wp.com\/cdnoticias.com\/wp-content\/uploads\/2022\/11\/jorge-sobarzo-02-scaled.jpg?resize=1024%2C614&amp;ssl=1 1024w, https:\/\/i0.wp.com\/cdnoticias.com\/wp-content\/uploads\/2022\/11\/jorge-sobarzo-02-scaled.jpg?resize=300%2C180&amp;ssl=1 300w, https:\/\/i0.wp.com\/cdnoticias.com\/wp-content\/uploads\/2022\/11\/jorge-sobarzo-02-scaled.jpg?resize=768%2C461&amp;ssl=1 768w, https:\/\/i0.wp.com\/cdnoticias.com\/wp-content\/uploads\/2022\/11\/jorge-sobarzo-02-scaled.jpg?resize=1536%2C922&amp;ssl=1 1536w, https:\/\/i0.wp.com\/cdnoticias.com\/wp-content\/uploads\/2022\/11\/jorge-sobarzo-02-scaled.jpg?resize=2048%2C1229&amp;ssl=1 2048w, https:\/\/i0.wp.com\/cdnoticias.com\/wp-content\/uploads\/2022\/11\/jorge-sobarzo-02-scaled.jpg?w=1600&amp;ssl=1 1600w, https:\/\/i0.wp.com\/cdnoticias.com\/wp-content\/uploads\/2022\/11\/jorge-sobarzo-02-scaled.jpg?w=2400&amp;ssl=1 2400w\" sizes=\"auto, (max-width: 800px) 100vw, 800px\" \/><\/figure>\n\n\n\n<p>Las pymes tampoco quedaron ajenas a las <strong>fuertes subas de tarifas de luz y gas. <\/strong>Sobarzo indic\u00f3 que \u201cimpactaron bastante\u201d y ejemplific\u00f3 que \u201c<strong>ven\u00edamos pagando en el primer trimestre de este a\u00f1o facturas de luz por debajo del mill\u00f3n de pesos y esta \u00faltima me lleg\u00f3 de casi seis millones\u201d.<\/strong><\/p>\n\n\n\n<p><\/p>\n\n\n\n<p>De todas maneras indic\u00f3 que \u201c<em>si bien las tarifas subieron mucho, nosotros tambi\u00e9n en \u00e9poca de invierno tenemos un mayor consumo porque las m\u00e1quinas est\u00e1n m\u00e1s operativas\u201d.<\/em><\/p>\n\n\n\n<p><\/p>\n\n\n\n<p class=\"has-medium-font-size\"><strong>Nuevos desaf\u00edos para las Pymes<\/strong><\/p>\n\n\n\n<p><\/p>\n\n\n\n<p>En este contexto de incertidumbre, Sobarzo reflexion\u00f3 sobre los mayores desaf\u00edos a la hora de vender productos.<\/p>\n\n\n\n<p><\/p>\n\n\n\n<blockquote class=\"wp-block-quote is-layout-flow wp-block-quote-is-layout-flow\">\n<p>\u201cEl mayor miedo que tenemos las pymes que producimos para el mercado interno es el ingreso de productos de afuera. Si predomina este producto, las pymes de ac\u00e1 vamos a desacelerar en cuanto a la producci\u00f3n y eso trae un sinf\u00edn de problemas que son dif\u00edciles de revertir despu\u00e9s\u201d asegur\u00f3.<\/p>\n<\/blockquote>\n\n\n\n<p><\/p>\n\n\n\n<p>Adem\u00e1s, agreg\u00f3 que \u201cel problema m\u00e1s grande que empieza a haber es que <strong>uno no est\u00e1 mirando c\u00f3mo puede producir m\u00e1s<\/strong> (que es lo normal de una PYME cuando est\u00e1 en crecimiento); <strong>siempre ten\u00e9s una inversi\u00f3n por hacer\u201d<\/strong>.<\/p>\n\n\n\n<p><\/p>\n\n\n\n<blockquote class=\"wp-block-quote is-layout-flow wp-block-quote-is-layout-flow\">\n<p>\u201cEn este contexto, cuando est\u00e1s trabajando por debajo de tu capacidad pasa al contrario: te sobran m\u00e1quinas. La no inversi\u00f3n paraliza un mont\u00f3n de otros sectores tambi\u00e9n\u201d sostuvo.<\/p>\n<\/blockquote>\n\n\n\n<p><\/p>\n\n\n\n<p>Finalmente, el empresario pyme remarc\u00f3: \u201c<strong>Yo creo que esto no es una recesi\u00f3n, esto es una decisi\u00f3n pol\u00edtica, principalmente de la apertura comercial que te comentaba. Creo que debe haber un proteccionismo a la industria nacional\u201d.<\/strong><\/p>\n\n\n\n<p><\/p>\n\n\n\n<p>\u201cSiempre<strong> el empresario pyme es optimista y est\u00e1 viendo hacia adelante,<\/strong> si no directamente cuando vienen tipos de gobiernos que toman estas medidas uno &nbsp;bajar\u00eda la persiana, &nbsp;y de hecho no lo hacemos. Trascendemos a los buenos y trascendemos a los malos gobiernos tambi\u00e9n. <strong>Uno tiene la mirada focalizada en el largo plazo<\/strong> y la pol\u00edtica por ah\u00ed es de corto plazo, entonces, a veces, no coincidimos\u201d cerr\u00f3 el empresario pyme.<\/p>\n\n\n\n<p><\/p>\n","protected":false},"excerpt":{"rendered":"<p>En el D\u00eda de las Pymes, Central de Noticias dialog\u00f3 con Jorge Sobarzo, empresario local. El impacto de los primeros<\/p>\n","protected":false},"author":6,"featured_media":70551,"comment_status":"closed","ping_status":"closed","sticky":false,"template":"","format":"standard","meta":{"_jetpack_memberships_contains_paid_content":false,"footnotes":""},"categories":[5,1],"tags":[],"class_list":["post-119395","post","type-post","status-publish","format-standard","has-post-thumbnail","hentry","category-informacion-general","category-portada"],"jetpack_featured_media_url":"https:\/\/i0.wp.com\/cdnoticias.com\/wp-content\/uploads\/2022\/11\/jorge-sobarzo-05-scaled.jpg?fit=2560%2C1536&ssl=1","jetpack_sharing_enabled":true,"_links":{"self":[{"href":"https:\/\/cdnoticias.com\/index.php\/wp-json\/wp\/v2\/posts\/119395","targetHints":{"allow":["GET"]}}],"collection":[{"href":"https:\/\/cdnoticias.com\/index.php\/wp-json\/wp\/v2\/posts"}],"about":[{"href":"https:\/\/cdnoticias.com\/index.php\/wp-json\/wp\/v2\/types\/post"}],"author":[{"embeddable":true,"href":"https:\/\/cdnoticias.com\/index.php\/wp-json\/wp\/v2\/users\/6"}],"replies":[{"embeddable":true,"href":"https:\/\/cdnoticias.com\/index.php\/wp-json\/wp\/v2\/comments?post=119395"}],"version-history":[{"count":0,"href":"https:\/\/cdnoticias.com\/index.php\/wp-json\/wp\/v2\/posts\/119395\/revisions"}],"wp:featuredmedia":[{"embeddable":true,"href":"https:\/\/cdnoticias.com\/index.php\/wp-json\/wp\/v2\/media\/70551"}],"wp:attachment":[{"href":"https:\/\/cdnoticias.com\/index.php\/wp-json\/wp\/v2\/media?parent=119395"}],"wp:term":[{"taxonomy":"category","embeddable":true,"href":"https:\/\/cdnoticias.com\/index.php\/wp-json\/wp\/v2\/categories?post=119395"},{"taxonomy":"post_tag","embeddable":true,"href":"https:\/\/cdnoticias.com\/index.php\/wp-json\/wp\/v2\/tags?post=119395"}],"curies":[{"name":"wp","href":"https:\/\/api.w.org\/{rel}","templated":true}]}}