{"id":119377,"date":"2024-06-27T14:04:15","date_gmt":"2024-06-27T17:04:15","guid":{"rendered":"https:\/\/cdnoticias.com\/?p=119377"},"modified":"2024-06-28T08:48:28","modified_gmt":"2024-06-28T11:48:28","slug":"envenenamiento-de-perros-en-la-delegacion-de-sierra-chica-se-reportaron-16-casos","status":"publish","type":"post","link":"https:\/\/cdnoticias.com\/index.php\/2024\/06\/27\/envenenamiento-de-perros-en-la-delegacion-de-sierra-chica-se-reportaron-16-casos\/","title":{"rendered":"Envenenamiento de perros: en la Delegaci\u00f3n de Sierra Chica se reportaron 16 casos"},"content":{"rendered":"<p>Es un n\u00famero superior a los casos denunciados. Lo inform\u00f3 el concejal Agust\u00edn Romero en la sesi\u00f3n del HCD. \u201cEsto tiene que cortarse de ra\u00edz\u201d subray\u00f3 la concejal Guillermina Amespil quien alert\u00f3 por \u201cr\u00e9plicas\u201d en otras localidades.<!--more--><\/p>\n<hr \/>\n<p><strong>Este jueves sesion\u00f3 el Concejo Deliberante<\/strong> y uno de los temas que lleg\u00f3 a debate fue el <a href=\"https:\/\/cdnoticias.com\/index.php\/2024\/06\/21\/pedido-de-informes-en-el-hcd-por-el-envenenamiento-de-perros-en-sierra-chica\/\" target=\"_blank\" rel=\"noopener\"><strong>pedido de informe<\/strong> que present\u00f3 el bloque PRO-ERF<\/a> acerca de los casos de <strong>envenenamiento de perros en la localidad de Sierra Chica<\/strong> que conmovieron a la comunidad <a href=\"https:\/\/cdnoticias.com\/index.php\/2024\/06\/18\/preocupacion-en-sierra-chica-por-la-aparicion-de-perros-envenenados\/\" target=\"_blank\" rel=\"noopener\">la semana pasada<\/a>.<\/p>\n<p>En ese marco, la <strong>presidenta de la bancada opositora, Guillermina Amespil<\/strong>, expuso sobre el proyecto, <strong>alert\u00f3 que se han registrado \u201cr\u00e9plicas\u201d<\/strong> de estas pr\u00e1cticas en otras localidades y subray\u00f3 que <strong>\u201cesto tiene que cortarse de ra\u00edz\u201d<\/strong>.<\/p>\n<p>Desde el oficialismo, <strong>el concejal Agust\u00edn Romero<\/strong>, quien adem\u00e1s es veterinario, respondi\u00f3 a los puntos planteados y as\u00ed inform\u00f3 que <strong>en la Delegaci\u00f3n de Sierra Chica se reportaron 16 casos de perros afectados<\/strong>, una cifra mucho mayor a las denunciadas en la Justicia, donde <a href=\"https:\/\/cdnoticias.com\/index.php\/2024\/06\/26\/perros-envenenados-en-sierra-chica-el-fiscal-pidio-la-colaboracion-de-la-comunidad\/\" target=\"_blank\" rel=\"noopener\">se investigan 4 casos tal como detall\u00f3 el ayudante fiscal Jos\u00e9 Iturralde.<\/a><\/p>\n<h3>\u201cDe ninguna manera puede volver a pasar una cosa as\u00ed\u201d<\/h3>\n<p><strong>Guillermina Amespil<\/strong> fue la primera en intervenir. Repas\u00f3 lo sucedido la semana pasada en Sierra Chica, <strong>\u201ceste tema por supuesto nos preocupa a todos\u201d<\/strong> para definir que se trat\u00f3 de <strong>\u201cun envenenamiento masivo e intencional\u201d<\/strong>. <em>\u201cLa localidad est\u00e1 apenada y quiere respuestas\u201d<\/em> consider\u00f3.<\/p>\n<p>Hizo hincapi\u00e9 en que \u201calgunos encontraron rastros de veneno camuflados con carne\u201d y en que<strong> \u201cllama la atenci\u00f3n el alcance del ataque\u201d<\/strong> para describir que se encontraron animales intoxicados y muertos en la avenida principal y en puntos alejados de la localidad.<\/p>\n<blockquote><p>A\u00f1adi\u00f3 que \u201cnos llega la informaci\u00f3n de que se est\u00e1 replicando en otras localidades, lo cual genera una situaci\u00f3n de alarma que excede a Sierra Chica, que debemos acompa\u00f1ar y que debemos tomar como ejemplo para ya tomar medidas de prevenci\u00f3n\u201d.<\/p><\/blockquote>\n<p><img data-recalc-dims=\"1\" loading=\"lazy\" decoding=\"async\" class=\"size-full wp-image-119380 aligncenter\" src=\"https:\/\/i0.wp.com\/cdnoticias.com\/wp-content\/uploads\/2024\/06\/HCD-guillermina-amespil-sesion-27-6-24.jpg?resize=800%2C446&#038;ssl=1\" alt=\"\" width=\"800\" height=\"446\" srcset=\"https:\/\/i0.wp.com\/cdnoticias.com\/wp-content\/uploads\/2024\/06\/HCD-guillermina-amespil-sesion-27-6-24.jpg?w=1000&amp;ssl=1 1000w, https:\/\/i0.wp.com\/cdnoticias.com\/wp-content\/uploads\/2024\/06\/HCD-guillermina-amespil-sesion-27-6-24.jpg?resize=300%2C167&amp;ssl=1 300w, https:\/\/i0.wp.com\/cdnoticias.com\/wp-content\/uploads\/2024\/06\/HCD-guillermina-amespil-sesion-27-6-24.jpg?resize=768%2C428&amp;ssl=1 768w, https:\/\/i0.wp.com\/cdnoticias.com\/wp-content\/uploads\/2024\/06\/HCD-guillermina-amespil-sesion-27-6-24.jpg?resize=800%2C445&amp;ssl=1 800w\" sizes=\"auto, (max-width: 800px) 100vw, 800px\" \/><\/p>\n<p>A su vez, manifest\u00f3 <strong>preocupaci\u00f3n de su bloque \u201cporque no se haya hecho un barrido de la localidad para eliminar cualquier rastro que haya quedado\u201d<\/strong> de veneno y afirmo que <strong>\u201clos vecinos esperan que les informen c\u00f3mo tienen que actuar en estos casos\u201d<\/strong>.<\/p>\n<p>Coment\u00f3 que este mi\u00e9rcoles visit\u00f3 Sierra Chica junto a otros concejales. As\u00ed dio a conocer que<strong> \u201clos vecinos informan que las c\u00e1maras de monitoreo no estaban funcionando esa noche<\/strong>, pero algunos aportaron im\u00e1genes de c\u00e1maras privadas\u201d para tratar de determinar la autor\u00eda del caso. \u201cNo queremos que se pierda de vista que aunque se trate de animales no lo hace menos grave, <strong>es un caso de salud p\u00fablica, y est\u00e1 al alcance de cualquier vecino de la localidad<\/strong> o chico que pude tomar contacto con esto\u201d.<\/p>\n<blockquote><p>\u201cEsto tiene que cortarse de ra\u00edz, es una pr\u00e1ctica penada por la ley y penada por la sociedad. Es un delito, es grave y la escalada, que es donde queremos poner el principal punto, hay que cortarla ya. Nos informan que en Olavarr\u00eda hubo dos casos a principios de esta semana. Es una pr\u00e1ctica ilegal y repudiable, de ninguna manera puede volver a pasar una cosa as\u00ed\u201d defini\u00f3 Amespil.<\/p><\/blockquote>\n<p>Por \u00faltimo, la concejal record\u00f3 que <strong>el domingo habr\u00e1 una marcha en el Paseo Mend\u00eda<\/strong> convocada por protectoras para visibilizar este caso. \u201cEs un momento para revalidar pol\u00edticas p\u00fablicas y sobre todo conciencia p\u00fablica\u201d dijo.<\/p>\n<h3>\u201cEl riesgo de salud p\u00fablica es tremendo\u201d<\/h3>\n<p>El <strong>concejal Agust\u00edn Romero<\/strong> hizo una extensa intervenci\u00f3n sobre el tema. Puntualmente, sobre el pedido de informe presentado respondi\u00f3 que los casos denunciados en la justicia son 4 mientras que <strong>los reportados Delegaci\u00f3n de Sierra Chica \u201cson 16 casos, sabemos que fueron m\u00e1s\u201d<\/strong>.<\/p>\n<p>Acerca del <a href=\"https:\/\/cdnoticias.com\/index.php\/2024\/06\/19\/perros-envenenados-en-sierra-chica-realizaron-un-operativo-municipal-y-policial\/\" target=\"_blank\" rel=\"noopener\">operativo de la semana pasada<\/a> detall\u00f3 que el Municipio, la Direcci\u00f3n de Bromatolog\u00eda, la Subcomisaria, Defensa Civil, la Ayudant\u00eda Fiscal y Control Urbano<strong> \u201chicieron un relevamiento en el pueblo. Personal policial acompa\u00f1\u00f3 a los domicilios donde se hab\u00eda denunciado el envenenamiento. Se hizo exhumaci\u00f3n de dos animales para las necropsias<\/strong> y toma de muestras que se mandaron a periciar a La Plata. <strong>Tambi\u00e9n se recogieron bolitas de carne y se mandaron a analizar<\/strong> para verificar si hay coincidencia por el tipo de t\u00f3xico\u201d. Indic\u00f3 que a\u00fan no se present\u00f3 el resultado de las autopsias.<\/p>\n<p><img data-recalc-dims=\"1\" loading=\"lazy\" decoding=\"async\" class=\"size-full wp-image-119378 aligncenter\" src=\"https:\/\/i0.wp.com\/cdnoticias.com\/wp-content\/uploads\/2024\/06\/HCD-gustin-romero-sesion-27-6-24.jpg?resize=800%2C446&#038;ssl=1\" alt=\"\" width=\"800\" height=\"446\" srcset=\"https:\/\/i0.wp.com\/cdnoticias.com\/wp-content\/uploads\/2024\/06\/HCD-gustin-romero-sesion-27-6-24.jpg?w=1000&amp;ssl=1 1000w, https:\/\/i0.wp.com\/cdnoticias.com\/wp-content\/uploads\/2024\/06\/HCD-gustin-romero-sesion-27-6-24.jpg?resize=300%2C167&amp;ssl=1 300w, https:\/\/i0.wp.com\/cdnoticias.com\/wp-content\/uploads\/2024\/06\/HCD-gustin-romero-sesion-27-6-24.jpg?resize=768%2C428&amp;ssl=1 768w, https:\/\/i0.wp.com\/cdnoticias.com\/wp-content\/uploads\/2024\/06\/HCD-gustin-romero-sesion-27-6-24.jpg?resize=800%2C445&amp;ssl=1 800w\" sizes=\"auto, (max-width: 800px) 100vw, 800px\" \/><\/p>\n<p>Asegur\u00f3 que<em> \u201cno hubo consultas de personas en el sistema de salud p\u00fablica\u201d<\/em> por este tipo de casos de intoxicaci\u00f3n y en cuanto al <em>an\u00e1lisis de las c\u00e1maras de vigilancia p\u00fablicas y privadas dijo que \u201cson de exclusiva competencia de la Justicia. Son ellos quienes disponen la fecha de pericia\u201d<\/em>.<\/p>\n<p><strong>\u201cPor suerte las sociedades evolucionan y estas estas pr\u00e1cticas desaparecen.<\/strong> Y hasta uno llega a tener la convicci\u00f3n de que ya no va a volver a aparecer\u201d inici\u00f3 su intervenci\u00f3n el representante de Uni\u00f3n por la Patria. Al igual que lo hab\u00eda hecho Amespil, apunt\u00f3 a \u201cla masividad\u201d y agreg\u00f3 <strong>\u201cllama la atenci\u00f3n que haya gente que tenga estas pr\u00e1cticas<\/strong>, que no tenga empat\u00eda ni la capacidad de conmoverse con el sufrimiento animal ni de las personas, ya que muchos de estos animales tienen due\u00f1os\u201d.<\/p>\n<blockquote><p>Sobre la intoxicaci\u00f3n de los perros inform\u00f3 que \u201cen este caso son venenos de acci\u00f3n r\u00e1pida donde pr\u00e1cticamente no ten\u00e9s tiempo de nada. Es muy dif\u00edcil llegar a tener atenci\u00f3n veterinaria r\u00e1pida y oportuna\u201d. Con ello, destac\u00f3 que \u201cel riesgo de salud p\u00fablica es tremendo\u201d ya que puede afectar tambi\u00e9n a las personas.<\/p><\/blockquote>\n<p>Por \u00faltimo, afirm\u00f3 que<strong> \u201chay que continuar con la educaci\u00f3n. La tarea del estado en esto es fundamental<\/strong>, no solamente en las castraciones masivas que por suerte en Olavarr\u00eda hace muchos a\u00f1os que se hacen y muy bien\u201d. Por \u00faltimo, elogi\u00f3 la labor del equipo de trabajo municipal y de las protectoras de animales.<\/p>\n","protected":false},"excerpt":{"rendered":"<p>Es un n\u00famero superior a los casos denunciados. Lo inform\u00f3 el concejal Agust\u00edn Romero en la sesi\u00f3n del HCD. \u201cEsto<\/p>\n","protected":false},"author":4,"featured_media":119379,"comment_status":"closed","ping_status":"closed","sticky":false,"template":"","format":"standard","meta":{"_jetpack_memberships_contains_paid_content":false,"footnotes":""},"categories":[4,1],"tags":[],"class_list":["post-119377","post","type-post","status-publish","format-standard","has-post-thumbnail","hentry","category-politica","category-portada"],"jetpack_featured_media_url":"https:\/\/i0.wp.com\/cdnoticias.com\/wp-content\/uploads\/2024\/06\/HCD-sesion-27-6-24.jpg?fit=1000%2C556&ssl=1","jetpack_sharing_enabled":true,"_links":{"self":[{"href":"https:\/\/cdnoticias.com\/index.php\/wp-json\/wp\/v2\/posts\/119377","targetHints":{"allow":["GET"]}}],"collection":[{"href":"https:\/\/cdnoticias.com\/index.php\/wp-json\/wp\/v2\/posts"}],"about":[{"href":"https:\/\/cdnoticias.com\/index.php\/wp-json\/wp\/v2\/types\/post"}],"author":[{"embeddable":true,"href":"https:\/\/cdnoticias.com\/index.php\/wp-json\/wp\/v2\/users\/4"}],"replies":[{"embeddable":true,"href":"https:\/\/cdnoticias.com\/index.php\/wp-json\/wp\/v2\/comments?post=119377"}],"version-history":[{"count":0,"href":"https:\/\/cdnoticias.com\/index.php\/wp-json\/wp\/v2\/posts\/119377\/revisions"}],"wp:featuredmedia":[{"embeddable":true,"href":"https:\/\/cdnoticias.com\/index.php\/wp-json\/wp\/v2\/media\/119379"}],"wp:attachment":[{"href":"https:\/\/cdnoticias.com\/index.php\/wp-json\/wp\/v2\/media?parent=119377"}],"wp:term":[{"taxonomy":"category","embeddable":true,"href":"https:\/\/cdnoticias.com\/index.php\/wp-json\/wp\/v2\/categories?post=119377"},{"taxonomy":"post_tag","embeddable":true,"href":"https:\/\/cdnoticias.com\/index.php\/wp-json\/wp\/v2\/tags?post=119377"}],"curies":[{"name":"wp","href":"https:\/\/api.w.org\/{rel}","templated":true}]}}