{"id":119351,"date":"2024-06-27T12:40:13","date_gmt":"2024-06-27T15:40:13","guid":{"rendered":"https:\/\/cdnoticias.com\/?p=119351"},"modified":"2024-06-27T16:59:43","modified_gmt":"2024-06-27T19:59:43","slug":"especies-nativas-se-plantaron-mas-de-50-nuevos-ejemplares-en-los-barrios-belen-y-evita","status":"publish","type":"post","link":"https:\/\/cdnoticias.com\/index.php\/2024\/06\/27\/especies-nativas-se-plantaron-mas-de-50-nuevos-ejemplares-en-los-barrios-belen-y-evita\/","title":{"rendered":"Especies nativas: se plantaron m\u00e1s de 50 nuevos ejemplares en los barrios Bel\u00e9n y Evita"},"content":{"rendered":"\n<p>La actividad se enmarca en el Plan Provincial impulsado desde el Ministerio de Ambiente. Adem\u00e1s, instalaron un mariposario en el Jard\u00edn Bel\u00e9n.<\/p>\n\n\n\n<hr class=\"wp-block-separator has-alpha-channel-opacity\"\/>\n\n\n\n<p>D\u00edas atr\u00e1s se llev\u00f3 adelante una jornada en el Jard\u00edn de Infantes Municipal Bel\u00e9n, que incluy\u00f3 la <strong>plantaci\u00f3n de especies nativas en el predio del establecimiento, adem\u00e1s de otras actividades.<\/strong><\/p>\n\n\n\n<p><\/p>\n\n\n\n<p>Esta iniciativa estuvo enmarcada dentro del <strong>Plan Provincial Nativas Bonaerenses,<\/strong> que se impulsa desde el Ministerio de Ambiente de la provincia de Buenos Aires, y se realiz\u00f3 en conjunto con la Coordinaci\u00f3n de Ambiente de la Secretar\u00eda de Desarrollo Econ\u00f3mico y Productivo del Municipio.<\/p>\n\n\n\n<p><\/p>\n\n\n\n<figure class=\"wp-block-image size-full\"><img data-recalc-dims=\"1\" loading=\"lazy\" decoding=\"async\" width=\"800\" height=\"445\" src=\"https:\/\/i0.wp.com\/cdnoticias.com\/wp-content\/uploads\/2024\/06\/Plantacion-Jardin-Belen-11.jpeg?resize=800%2C445&#038;ssl=1\" alt=\"\" class=\"wp-image-119355\" srcset=\"https:\/\/i0.wp.com\/cdnoticias.com\/wp-content\/uploads\/2024\/06\/Plantacion-Jardin-Belen-11.jpeg?w=800&amp;ssl=1 800w, https:\/\/i0.wp.com\/cdnoticias.com\/wp-content\/uploads\/2024\/06\/Plantacion-Jardin-Belen-11.jpeg?resize=300%2C167&amp;ssl=1 300w, https:\/\/i0.wp.com\/cdnoticias.com\/wp-content\/uploads\/2024\/06\/Plantacion-Jardin-Belen-11.jpeg?resize=768%2C427&amp;ssl=1 768w\" sizes=\"auto, (max-width: 800px) 100vw, 800px\" \/><\/figure>\n\n\n\n<p><\/p>\n\n\n\n<blockquote class=\"wp-block-quote is-layout-flow wp-block-quote-is-layout-flow\">\n<p>En el marco de la propuesta ambiental se plantaron m\u00e1s de 40 especies entre arbustos y \u00e1rboles nativos, y adem\u00e1s se instal\u00f3 un mariposario en el jard\u00edn.<\/p>\n<\/blockquote>\n\n\n\n<p><\/p>\n\n\n\n<p>Previamente a la actividad, desde la Coordinaci\u00f3n de Ambiente se realiz\u00f3 un <strong>taller de nendo dango con las salitas de 4 y 5 a\u00f1os del jard\u00edn<\/strong>, al mismo tiempo que se realizaron los <strong>alm\u00e1cigos para reforzar la huerta que ya funciona all\u00ed.<\/strong><\/p>\n\n\n\n<p><\/p>\n\n\n\n<figure class=\"wp-block-image size-full\"><img data-recalc-dims=\"1\" loading=\"lazy\" decoding=\"async\" width=\"800\" height=\"445\" src=\"https:\/\/i0.wp.com\/cdnoticias.com\/wp-content\/uploads\/2024\/06\/Plantacion-Jardin-Belen-2.jpeg?resize=800%2C445&#038;ssl=1\" alt=\"\" class=\"wp-image-119353\" srcset=\"https:\/\/i0.wp.com\/cdnoticias.com\/wp-content\/uploads\/2024\/06\/Plantacion-Jardin-Belen-2.jpeg?w=800&amp;ssl=1 800w, https:\/\/i0.wp.com\/cdnoticias.com\/wp-content\/uploads\/2024\/06\/Plantacion-Jardin-Belen-2.jpeg?resize=300%2C167&amp;ssl=1 300w, https:\/\/i0.wp.com\/cdnoticias.com\/wp-content\/uploads\/2024\/06\/Plantacion-Jardin-Belen-2.jpeg?resize=768%2C427&amp;ssl=1 768w\" sizes=\"auto, (max-width: 800px) 100vw, 800px\" \/><\/figure>\n\n\n\n<p><\/p>\n\n\n\n<p><strong>Plantaci\u00f3n de \u00e1rboles en Barrio Evita<\/strong><\/p>\n\n\n\n<p><\/p>\n\n\n\n<p>En el marco de las pol\u00edticas de articulaci\u00f3n con el Ministerio de Ambiente tambi\u00e9n se realiz\u00f3 una jornada de <strong>plantaci\u00f3n de \u00e1rboles en barrio Evita.<\/strong><\/p>\n\n\n\n<p><\/p>\n\n\n\n<blockquote class=\"wp-block-quote is-layout-flow wp-block-quote-is-layout-flow\">\n<p>La misma tuvo lugar en la plaza del Barrio Evita (Pueyrred\u00f3n, Tierra del Fuego, Calle 32 bis e Islas Malvinas) donde se plantaron 12 ejemplares: 6 saucos y 6 sen de campo.<\/p>\n<\/blockquote>\n\n\n\n<p><\/p>\n\n\n\n<figure class=\"wp-block-image size-full\"><img data-recalc-dims=\"1\" loading=\"lazy\" decoding=\"async\" width=\"800\" height=\"445\" src=\"https:\/\/i0.wp.com\/cdnoticias.com\/wp-content\/uploads\/2024\/06\/Plantacion-Barrio-Evita-4.jpeg?resize=800%2C445&#038;ssl=1\" alt=\"\" class=\"wp-image-119352\" srcset=\"https:\/\/i0.wp.com\/cdnoticias.com\/wp-content\/uploads\/2024\/06\/Plantacion-Barrio-Evita-4.jpeg?w=800&amp;ssl=1 800w, https:\/\/i0.wp.com\/cdnoticias.com\/wp-content\/uploads\/2024\/06\/Plantacion-Barrio-Evita-4.jpeg?resize=300%2C167&amp;ssl=1 300w, https:\/\/i0.wp.com\/cdnoticias.com\/wp-content\/uploads\/2024\/06\/Plantacion-Barrio-Evita-4.jpeg?resize=768%2C427&amp;ssl=1 768w\" sizes=\"auto, (max-width: 800px) 100vw, 800px\" \/><\/figure>\n\n\n\n<p><\/p>\n\n\n\n<p>El Plan Provincial Nativas Bonaerenses tiene por objeto implementar pol\u00edticas activas que promuevan la recuperaci\u00f3n del paisaje natural, la regeneraci\u00f3n de la biodiversidad, la revalorizaci\u00f3n del patrimonio natural de la provincia y su identidad territorial, fomentando la producci\u00f3n de especies nativas de la provincia de Buenos Aires.<\/p>\n\n\n\n<p><\/p>\n\n\n\n<figure class=\"wp-block-embed is-type-wp-embed is-provider-central-de-noticias-olavarr-a wp-block-embed-central-de-noticias-olavarr-a\"><div class=\"wp-block-embed__wrapper\">\n<blockquote class=\"wp-embedded-content\" data-secret=\"FUBJoUebtB\"><a href=\"https:\/\/cdnoticias.com\/index.php\/2024\/05\/06\/lo-mas-importante-es-la-mirada-integral-de-fortalecer-el-arbolado-publico-y-la-forestacion\/\">\u201cLo m\u00e1s importante es la mirada integral de fortalecer el arbolado p\u00fablico y la forestaci\u00f3n\u201d<\/a><\/blockquote><iframe loading=\"lazy\" class=\"wp-embedded-content\" sandbox=\"allow-scripts\" security=\"restricted\" style=\"position: absolute; clip: rect(1px, 1px, 1px, 1px);\" title=\"&#8220;\u201cLo m\u00e1s importante es la mirada integral de fortalecer el arbolado p\u00fablico y la forestaci\u00f3n\u201d&#8221; &#8212; Central de Noticias | Olavarr\u00eda\" src=\"https:\/\/cdnoticias.com\/index.php\/2024\/05\/06\/lo-mas-importante-es-la-mirada-integral-de-fortalecer-el-arbolado-publico-y-la-forestacion\/embed\/#?secret=f7DrMzRvKw#?secret=FUBJoUebtB\" data-secret=\"FUBJoUebtB\" width=\"600\" height=\"338\" frameborder=\"0\" marginwidth=\"0\" marginheight=\"0\" scrolling=\"no\"><\/iframe>\n<\/div><\/figure>\n\n\n\n<p><\/p>\n","protected":false},"excerpt":{"rendered":"<p>La actividad se enmarca en el Plan Provincial impulsado desde el Ministerio de Ambiente. Adem\u00e1s, instalaron un mariposario en el<\/p>\n","protected":false},"author":2,"featured_media":119354,"comment_status":"closed","ping_status":"closed","sticky":false,"template":"","format":"standard","meta":{"_jetpack_memberships_contains_paid_content":false,"footnotes":""},"categories":[5,1],"tags":[],"class_list":["post-119351","post","type-post","status-publish","format-standard","has-post-thumbnail","hentry","category-informacion-general","category-portada"],"jetpack_featured_media_url":"https:\/\/i0.wp.com\/cdnoticias.com\/wp-content\/uploads\/2024\/06\/Plantacion-Jardin-Belen-10.jpeg?fit=800%2C445&ssl=1","jetpack_sharing_enabled":true,"_links":{"self":[{"href":"https:\/\/cdnoticias.com\/index.php\/wp-json\/wp\/v2\/posts\/119351","targetHints":{"allow":["GET"]}}],"collection":[{"href":"https:\/\/cdnoticias.com\/index.php\/wp-json\/wp\/v2\/posts"}],"about":[{"href":"https:\/\/cdnoticias.com\/index.php\/wp-json\/wp\/v2\/types\/post"}],"author":[{"embeddable":true,"href":"https:\/\/cdnoticias.com\/index.php\/wp-json\/wp\/v2\/users\/2"}],"replies":[{"embeddable":true,"href":"https:\/\/cdnoticias.com\/index.php\/wp-json\/wp\/v2\/comments?post=119351"}],"version-history":[{"count":0,"href":"https:\/\/cdnoticias.com\/index.php\/wp-json\/wp\/v2\/posts\/119351\/revisions"}],"wp:featuredmedia":[{"embeddable":true,"href":"https:\/\/cdnoticias.com\/index.php\/wp-json\/wp\/v2\/media\/119354"}],"wp:attachment":[{"href":"https:\/\/cdnoticias.com\/index.php\/wp-json\/wp\/v2\/media?parent=119351"}],"wp:term":[{"taxonomy":"category","embeddable":true,"href":"https:\/\/cdnoticias.com\/index.php\/wp-json\/wp\/v2\/categories?post=119351"},{"taxonomy":"post_tag","embeddable":true,"href":"https:\/\/cdnoticias.com\/index.php\/wp-json\/wp\/v2\/tags?post=119351"}],"curies":[{"name":"wp","href":"https:\/\/api.w.org\/{rel}","templated":true}]}}