{"id":119338,"date":"2024-06-27T07:55:07","date_gmt":"2024-06-27T10:55:07","guid":{"rendered":"https:\/\/cdnoticias.com\/?p=119338"},"modified":"2024-06-27T07:55:09","modified_gmt":"2024-06-27T10:55:09","slug":"hector-daniel-escay-piojo-q-e-p-d","status":"publish","type":"post","link":"https:\/\/cdnoticias.com\/index.php\/2024\/06\/27\/hector-daniel-escay-piojo-q-e-p-d\/","title":{"rendered":"H\u00e9ctor Daniel Escay \u201cPiojo\u201d (Q.E.P.D.)"},"content":{"rendered":"\n<p>Falleci\u00f3 en Olavarr\u00eda el 26 de junio de 2024 a los 68 a\u00f1os de edad. Sus hijos en el afecto Liliana, Marcelo, Mario, Daniel, Mar\u00eda Eva, Norma, Fabi\u00e1n, Gustavo y Roberto. Sus hijos pol\u00edticos en el afecto Patricia, Franco, Laura, Mar\u00eda Ester y Alicia. Sus nietos en el afecto. Sus nietos pol\u00edticos en el afecto y sus bisnietos en el afecto. Sus hermanos Nicol\u00e1s Juli\u00e1n y Mar\u00eda del Carmen Escay; Leticia Mabel y Ces\u00e1reo Jos\u00e9 Pal. Sus hermanos pol\u00edticos Ofelia, Pedro, Enrique, Claudia, Ricardo, &#8220;Mo\u00f1ango&#8221; y Carmen. Sus sobrinos y dem\u00e1s deudos participan su fallecimiento.<\/p>\n\n\n\n<p><\/p>\n\n\n\n<p>Sus restos son velados en Espa\u00f1a 2942 departamento &#8220;A\u201d y ser\u00e1n inhumados en el cementerio Loma de Paz este jueves a las 14:30, previo responso en la capilla ardiente. Vecino de barrio Provincias Argentinas. Nacido en Olavarr\u00eda. Jubilado alba\u00f1il.<\/p>\n","protected":false},"excerpt":{"rendered":"<p>Falleci\u00f3 en Olavarr\u00eda el 26 de junio de 2024 a los 68 a\u00f1os de edad. Sus hijos en el afecto<\/p>\n","protected":false},"author":2,"featured_media":100390,"comment_status":"closed","ping_status":"closed","sticky":false,"template":"","format":"standard","meta":{"_jetpack_memberships_contains_paid_content":false,"footnotes":""},"categories":[10],"tags":[],"class_list":["post-119338","post","type-post","status-publish","format-standard","has-post-thumbnail","hentry","category-necrologicas"],"jetpack_featured_media_url":"https:\/\/i0.wp.com\/cdnoticias.com\/wp-content\/uploads\/2023\/10\/necrologicas-390-x-240.jpg?fit=390%2C240&ssl=1","jetpack_sharing_enabled":true,"_links":{"self":[{"href":"https:\/\/cdnoticias.com\/index.php\/wp-json\/wp\/v2\/posts\/119338","targetHints":{"allow":["GET"]}}],"collection":[{"href":"https:\/\/cdnoticias.com\/index.php\/wp-json\/wp\/v2\/posts"}],"about":[{"href":"https:\/\/cdnoticias.com\/index.php\/wp-json\/wp\/v2\/types\/post"}],"author":[{"embeddable":true,"href":"https:\/\/cdnoticias.com\/index.php\/wp-json\/wp\/v2\/users\/2"}],"replies":[{"embeddable":true,"href":"https:\/\/cdnoticias.com\/index.php\/wp-json\/wp\/v2\/comments?post=119338"}],"version-history":[{"count":0,"href":"https:\/\/cdnoticias.com\/index.php\/wp-json\/wp\/v2\/posts\/119338\/revisions"}],"wp:featuredmedia":[{"embeddable":true,"href":"https:\/\/cdnoticias.com\/index.php\/wp-json\/wp\/v2\/media\/100390"}],"wp:attachment":[{"href":"https:\/\/cdnoticias.com\/index.php\/wp-json\/wp\/v2\/media?parent=119338"}],"wp:term":[{"taxonomy":"category","embeddable":true,"href":"https:\/\/cdnoticias.com\/index.php\/wp-json\/wp\/v2\/categories?post=119338"},{"taxonomy":"post_tag","embeddable":true,"href":"https:\/\/cdnoticias.com\/index.php\/wp-json\/wp\/v2\/tags?post=119338"}],"curies":[{"name":"wp","href":"https:\/\/api.w.org\/{rel}","templated":true}]}}