{"id":119326,"date":"2024-06-26T20:51:13","date_gmt":"2024-06-26T23:51:13","guid":{"rendered":"https:\/\/cdnoticias.com\/?p=119326"},"modified":"2024-06-27T09:26:50","modified_gmt":"2024-06-27T12:26:50","slug":"otra-vez-encontraron-cazadores-con-perros-de-forma-ilegal","status":"publish","type":"post","link":"https:\/\/cdnoticias.com\/index.php\/2024\/06\/26\/otra-vez-encontraron-cazadores-con-perros-de-forma-ilegal\/","title":{"rendered":"Otra vez, encontraron cazadores con perros de forma ilegal"},"content":{"rendered":"\n<p>Fue en \u201cLa Remonta\u201d en Santa Luisa. Fueron interceptados a bordo de una camioneta, sin autorizaci\u00f3n del due\u00f1o del campo.<\/p>\n\n\n\n<hr class=\"wp-block-separator aligncenter has-alpha-channel-opacity\"\/>\n\n\n\n<p>Este mi\u00e9rcoles, <strong>personal de la subcomisar\u00eda de Loma Negra intercept\u00f3 e infraccion\u00f3 a dos hombres mayores de edad que fueron interceptados con intenciones de realizar caza furtiva en un campo de Santa Luisa, sin la autorizaci\u00f3n pertinente.<\/strong><\/p>\n\n\n\n<p><strong>Fue en el establecimiento \u201cLa remonta\u201d de la localidad rural<\/strong>, cuando efectivos policiales interceptaron a los dos hombres en <strong>una camioneta Partner, con elementos de caza y utilizando perros galgos.<\/strong><\/p>\n\n\n\n<figure class=\"wp-block-image size-full\"><img data-recalc-dims=\"1\" loading=\"lazy\" decoding=\"async\" width=\"538\" height=\"268\" src=\"https:\/\/i0.wp.com\/cdnoticias.com\/wp-content\/uploads\/2024\/06\/WhatsApp-Image-2024-06-26-at-20.05.18-1.jpeg?resize=538%2C268&#038;ssl=1\" alt=\"\" class=\"wp-image-119327\" srcset=\"https:\/\/i0.wp.com\/cdnoticias.com\/wp-content\/uploads\/2024\/06\/WhatsApp-Image-2024-06-26-at-20.05.18-1.jpeg?w=538&amp;ssl=1 538w, https:\/\/i0.wp.com\/cdnoticias.com\/wp-content\/uploads\/2024\/06\/WhatsApp-Image-2024-06-26-at-20.05.18-1.jpeg?resize=300%2C149&amp;ssl=1 300w\" sizes=\"auto, (max-width: 538px) 100vw, 538px\" \/><\/figure>\n\n\n\n<p>Tras certificar que no ten\u00edan autorizaci\u00f3n del propietario del establecimiento<strong>, fueron infraccionados. <\/strong>Cabe se\u00f1alar, adem\u00e1s, que la zona fue declarada como prohibida para la caza.<\/p>\n\n\n\n<p>Ahora, enfrentan cargos por <strong>\u201cInfracci\u00f3n al art\u00edculo 286, 272, 273, 274 del decreto 10081\/83\u201d<\/strong> e interviene el Ministerio de Asuntos Agrarios de la Provincia de Buenos Aires.<\/p>\n\n\n\n<figure class=\"wp-block-embed is-type-wp-embed is-provider-central-de-noticias-olavarr-a wp-block-embed-central-de-noticias-olavarr-a\"><div class=\"wp-block-embed__wrapper\">\n<blockquote class=\"wp-embedded-content\" data-secret=\"ds8uenBw9Z\"><a href=\"https:\/\/cdnoticias.com\/index.php\/2024\/06\/24\/santa-luisa-nueve-infraccionados-por-caza-ilegal\/\">Santa Luisa: nueve infraccionados por caza ilegal<\/a><\/blockquote><iframe loading=\"lazy\" class=\"wp-embedded-content\" sandbox=\"allow-scripts\" security=\"restricted\" style=\"position: absolute; clip: rect(1px, 1px, 1px, 1px);\" title=\"&#8220;Santa Luisa: nueve infraccionados por caza ilegal&#8221; &#8212; Central de Noticias | Olavarr\u00eda\" src=\"https:\/\/cdnoticias.com\/index.php\/2024\/06\/24\/santa-luisa-nueve-infraccionados-por-caza-ilegal\/embed\/#?secret=7IkJ1JcZl3#?secret=ds8uenBw9Z\" data-secret=\"ds8uenBw9Z\" width=\"600\" height=\"338\" frameborder=\"0\" marginwidth=\"0\" marginheight=\"0\" scrolling=\"no\"><\/iframe>\n<\/div><\/figure>\n","protected":false},"excerpt":{"rendered":"<p>Fue en \u201cLa Remonta\u201d en Santa Luisa. Fueron interceptados a bordo de una camioneta, sin autorizaci\u00f3n del due\u00f1o del campo.<\/p>\n","protected":false},"author":2,"featured_media":119328,"comment_status":"closed","ping_status":"closed","sticky":false,"template":"","format":"standard","meta":{"_jetpack_memberships_contains_paid_content":false,"footnotes":""},"categories":[14,1],"tags":[],"class_list":["post-119326","post","type-post","status-publish","format-standard","has-post-thumbnail","hentry","category-policiales","category-portada"],"jetpack_featured_media_url":"https:\/\/i0.wp.com\/cdnoticias.com\/wp-content\/uploads\/2024\/06\/WhatsApp-Image-2024-06-26-at-20.05.18.jpeg?fit=660%2C341&ssl=1","jetpack_sharing_enabled":true,"_links":{"self":[{"href":"https:\/\/cdnoticias.com\/index.php\/wp-json\/wp\/v2\/posts\/119326","targetHints":{"allow":["GET"]}}],"collection":[{"href":"https:\/\/cdnoticias.com\/index.php\/wp-json\/wp\/v2\/posts"}],"about":[{"href":"https:\/\/cdnoticias.com\/index.php\/wp-json\/wp\/v2\/types\/post"}],"author":[{"embeddable":true,"href":"https:\/\/cdnoticias.com\/index.php\/wp-json\/wp\/v2\/users\/2"}],"replies":[{"embeddable":true,"href":"https:\/\/cdnoticias.com\/index.php\/wp-json\/wp\/v2\/comments?post=119326"}],"version-history":[{"count":0,"href":"https:\/\/cdnoticias.com\/index.php\/wp-json\/wp\/v2\/posts\/119326\/revisions"}],"wp:featuredmedia":[{"embeddable":true,"href":"https:\/\/cdnoticias.com\/index.php\/wp-json\/wp\/v2\/media\/119328"}],"wp:attachment":[{"href":"https:\/\/cdnoticias.com\/index.php\/wp-json\/wp\/v2\/media?parent=119326"}],"wp:term":[{"taxonomy":"category","embeddable":true,"href":"https:\/\/cdnoticias.com\/index.php\/wp-json\/wp\/v2\/categories?post=119326"},{"taxonomy":"post_tag","embeddable":true,"href":"https:\/\/cdnoticias.com\/index.php\/wp-json\/wp\/v2\/tags?post=119326"}],"curies":[{"name":"wp","href":"https:\/\/api.w.org\/{rel}","templated":true}]}}