{"id":119317,"date":"2024-06-26T18:44:45","date_gmt":"2024-06-26T21:44:45","guid":{"rendered":"https:\/\/cdnoticias.com\/?p=119317"},"modified":"2024-06-27T19:01:55","modified_gmt":"2024-06-27T22:01:55","slug":"con-varios-proyectos-en-debate-sesiona-el-concejo-deliberante","status":"publish","type":"post","link":"https:\/\/cdnoticias.com\/index.php\/2024\/06\/26\/con-varios-proyectos-en-debate-sesiona-el-concejo-deliberante\/","title":{"rendered":"Con varios proyectos en debate, sesiona el Concejo Deliberante"},"content":{"rendered":"\n<p>Ser\u00e1 la octava sesi\u00f3n ordinaria, este jueves desde las 09:00 horas en el Centro de Convenciones de Olavarr\u00eda. Hilario Galli se tomar\u00e1 licencia: ser\u00e1 reemplazado por Gabriel Requena.<\/p>\n\n\n\n<hr class=\"wp-block-separator aligncenter has-alpha-channel-opacity\"\/>\n\n\n\n<p>Tras la reuni\u00f3n de Labor Legislativa, <strong>el Concejo Deliberante realizar\u00e1 su octava sesi\u00f3n ordinaria del a\u00f1o, desde las 09:00 horas en el Centro de Convenciones de Olavarr\u00eda (CCO).<\/strong><\/p>\n\n\n\n<p>Entre las principales novedades,<strong> el concejal del Pro Hilario Galli se tomar\u00e1 algunos d\u00edas de licencia, y ser\u00e1 reemplazado por Gabriel Requena.<\/strong><\/p>\n\n\n\n<p>Las propuestas, por su parte, tendr\u00e1n variedad de solicitudes y reclamos, como el de la <strong>Escuela de Educaci\u00f3n Secundaria N\u00b08, que pide al Departamento Ejecutivo \u201ceval\u00fae la posibilidad de la construcci\u00f3n de un play\u00f3n para uso deportivo, espacio comprendido entre las calles Lavalle e Hip\u00f3lito Yrigoyen, donde funcionan las Escuelas Secundarios N\u00b06 y N\u00b08.<\/strong><\/p>\n\n\n\n<p>El <strong>bloque Pro-ERF, por su parte, pedir\u00e1 informaci\u00f3n de la comuna por los envenenamientos intencionales de perros en Sierra Chica, con m\u00e1s de 30 animales muertos por este hecho, sumado al pedido de documentaci\u00f3n al Municipio tras un choque con la intervenci\u00f3n de m\u00f3viles municipales.<\/strong><\/p>\n\n\n\n<p><strong>El radicalismo, por su parte, solicit\u00f3 la reparaci\u00f3n de garitas de transporte p\u00fablico ubicadas en las salidas de las Escuelas Agropecuarias N\u00b01 y Artes Visuales, y tambi\u00e9n manifestar\u00e1n preocupaci\u00f3n ante la exclusi\u00f3n del ramal Constituci\u00f3n \u2013 Bah\u00eda Blanca \u201cen el nuevo mapa de servicios de larga distancia de Trenes Argentinos\u201d.<\/strong><\/p>\n\n\n\n<p>Finalmente, <strong>habr\u00e1 dos pedidos de declaraci\u00f3n de Inter\u00e9s Legislativo Municipal:<\/strong> uno del bloque Uni\u00f3n por la Patria para la <strong>tercera edici\u00f3n de los Premios \u201cL\u00eda Escalada 2024\u201d <\/strong>y otro del Pro-ERF por el <strong>50\u00b0 aniversario del Instituto de Educaci\u00f3n Especial Hellen Keller.<\/strong><\/p>\n","protected":false},"excerpt":{"rendered":"<p>Ser\u00e1 la octava sesi\u00f3n ordinaria, este jueves desde las 09:00 horas en el Centro de Convenciones de Olavarr\u00eda. Hilario Galli<\/p>\n","protected":false},"author":2,"featured_media":118429,"comment_status":"closed","ping_status":"closed","sticky":false,"template":"","format":"standard","meta":{"_jetpack_memberships_contains_paid_content":false,"footnotes":""},"categories":[4],"tags":[],"class_list":["post-119317","post","type-post","status-publish","format-standard","has-post-thumbnail","hentry","category-politica"],"jetpack_featured_media_url":"https:\/\/i0.wp.com\/cdnoticias.com\/wp-content\/uploads\/2024\/06\/HCD-sesion-13-de-junio-votacion-01.jpg?fit=800%2C445&ssl=1","jetpack_sharing_enabled":true,"_links":{"self":[{"href":"https:\/\/cdnoticias.com\/index.php\/wp-json\/wp\/v2\/posts\/119317","targetHints":{"allow":["GET"]}}],"collection":[{"href":"https:\/\/cdnoticias.com\/index.php\/wp-json\/wp\/v2\/posts"}],"about":[{"href":"https:\/\/cdnoticias.com\/index.php\/wp-json\/wp\/v2\/types\/post"}],"author":[{"embeddable":true,"href":"https:\/\/cdnoticias.com\/index.php\/wp-json\/wp\/v2\/users\/2"}],"replies":[{"embeddable":true,"href":"https:\/\/cdnoticias.com\/index.php\/wp-json\/wp\/v2\/comments?post=119317"}],"version-history":[{"count":0,"href":"https:\/\/cdnoticias.com\/index.php\/wp-json\/wp\/v2\/posts\/119317\/revisions"}],"wp:featuredmedia":[{"embeddable":true,"href":"https:\/\/cdnoticias.com\/index.php\/wp-json\/wp\/v2\/media\/118429"}],"wp:attachment":[{"href":"https:\/\/cdnoticias.com\/index.php\/wp-json\/wp\/v2\/media?parent=119317"}],"wp:term":[{"taxonomy":"category","embeddable":true,"href":"https:\/\/cdnoticias.com\/index.php\/wp-json\/wp\/v2\/categories?post=119317"},{"taxonomy":"post_tag","embeddable":true,"href":"https:\/\/cdnoticias.com\/index.php\/wp-json\/wp\/v2\/tags?post=119317"}],"curies":[{"name":"wp","href":"https:\/\/api.w.org\/{rel}","templated":true}]}}