{"id":119316,"date":"2024-06-26T18:48:57","date_gmt":"2024-06-26T21:48:57","guid":{"rendered":"https:\/\/cdnoticias.com\/?p=119316"},"modified":"2024-06-27T19:02:08","modified_gmt":"2024-06-27T22:02:08","slug":"familias-en-crisis-7-de-cada-10-hicieron-recortes-en-internet-y-tv-paga","status":"publish","type":"post","link":"https:\/\/cdnoticias.com\/index.php\/2024\/06\/26\/familias-en-crisis-7-de-cada-10-hicieron-recortes-en-internet-y-tv-paga\/","title":{"rendered":"Familias en crisis: 7 de cada 10 hicieron recortes en Internet y TV paga"},"content":{"rendered":"\n<p>Frente a la complejidad del contexto econ\u00f3mico de los \u00faltimos meses, muchos hogares aplicaron estrategias para ahorrar.<\/p>\n\n\n\n<hr class=\"wp-block-separator aligncenter has-alpha-channel-opacity\"\/>\n\n\n\n<p>En medio de la fuerte recesi\u00f3n, suba de precios y crisis que vive el pa\u00eds, <strong>el 67,5% de los hogares argentinos tomaron alguna medida para reducir el costo de su servicio de internet fijo<\/strong>. Adem\u00e1s, <strong>el 65,3% de las familias tambi\u00e9n hicieron lo mismo con el costo de su servicio de TV paga.<\/strong><\/p>\n\n\n\n<p><\/p>\n\n\n\n<p>As\u00ed se desprende de un informe de la C\u00e1mara Argentina de Internet (Cabese), que analiz\u00f3 el estado de la conectividad y la infraestructura de internet en el pa\u00eds.<\/p>\n\n\n\n<p><\/p>\n\n\n\n<p><em>\u201cFrente a esta situaci\u00f3n excepcional, los proveedores del sector, en su mayor\u00eda Pymes y cooperativas, acompa\u00f1aron a sus clientes con propuestas de descuentos y promociones especiales, aun cuando ellos mismos enfrentan condiciones del contexto econ\u00f3mico, impositivo y regulatorio que inciden muy negativamente sobre sus resultados, su capacidad de inversi\u00f3n y la sostenibilidad de su operaci\u00f3n a futuro<\/em>\u201d, sostuvo Ariel Graizer, titular de la entidad.<\/p>\n\n\n\n<p><\/p>\n\n\n\n<blockquote class=\"wp-block-quote is-layout-flow wp-block-quote-is-layout-flow\">\n<p>Los resultados de la encuesta indican que, frente a la crisis econ\u00f3mica de los \u00faltimos meses, muchos usuarios buscaron mecanismos para evitar dar de baja los servicios de conectividad y contenidos en el hogar, optando por medidas para reducir su costo, ya sea a trav\u00e9s de un acuerdo con su proveedor o por un cambio hacia una compa\u00f1\u00eda con menor precio.<\/p>\n<\/blockquote>\n\n\n\n<p><\/p>\n\n\n\n<p>Cabe recordar que un estudio anterior de la entidad marc\u00f3 que m\u00e1s del 40% de lo que paga un usuario por su servicio de internet son impuestos y tasas.<\/p>\n\n\n\n<p><\/p>\n\n\n\n<blockquote class=\"wp-block-quote is-layout-flow wp-block-quote-is-layout-flow\">\n<p>Sin embargo, la incidencia de los pedidos de baja definitiva de los servicios se ha mantenido en valores muy bajos, del orden del 1,2% en el caso de la telefon\u00eda fija, del 1,9% en internet fijo y del 3% en telefon\u00eda m\u00f3vil y TV paga.<\/p>\n<\/blockquote>\n\n\n\n<p><\/p>\n\n\n\n<p>En el extremo opuesto, <strong>la opci\u00f3n de la baja ha sido m\u00e1s significativa en los servicios de streaming contratados en el hogar, <\/strong>con un <strong>10% de los usuarios que indic\u00f3 haber solicitado la baja de su suscripci\u00f3n.<\/strong><\/p>\n\n\n\n<p><\/p>\n\n\n\n<p>De los datos desgranados, surge que entre las medidas paliativas tomadas sobre <strong>el servicio de internet fijo,<\/strong> el 44% de los usuarios solicitaron la baja pero obtuvieron un descuento, mientras que el 10,1% cambi\u00f3 a un proveedor con mejor precio y el restante 45,9% no resolvi\u00f3 a\u00fan qu\u00e9 medida tomar.<\/p>\n\n\n\n<p><\/p>\n\n\n\n<p>En el caso de la <strong>telefon\u00eda m\u00f3vil,<\/strong> el 52,2% de los usuarios solicitaron la baja pero obtuvieron un descuento y <strong>el 17,8% se cambi\u00f3 de compa\u00f1\u00eda por un mejor costo.<\/strong> Una situaci\u00f3n similar se dio con la telefon\u00eda fija, donde el 49% de los usuarios que tomaron una medida paliativa solicitaron la baja y en contraprestaci\u00f3n obtuvieron un descuento especial, y solo el 2,5% indic\u00f3 haber optado por un cambio de proveedor con mejor precio.<\/p>\n\n\n\n<p><\/p>\n\n\n\n<p>Por su parte, <strong>el 47,5% de los usuarios de TV paga solicitaron la baja<\/strong> y obtuvieron un descuento y un 8,4% cambiaron de proveedor para obtener un mejor costo.<\/p>\n\n\n\n<p><\/p>\n\n\n\n<p><em>Fuente: DIB<\/em><\/p>\n","protected":false},"excerpt":{"rendered":"<p>Frente a la complejidad del contexto econ\u00f3mico de los \u00faltimos meses, muchos hogares aplicaron estrategias para ahorrar. En medio de<\/p>\n","protected":false},"author":6,"featured_media":119319,"comment_status":"closed","ping_status":"closed","sticky":false,"template":"","format":"standard","meta":{"_jetpack_memberships_contains_paid_content":false,"footnotes":""},"categories":[6],"tags":[],"class_list":["post-119316","post","type-post","status-publish","format-standard","has-post-thumbnail","hentry","category-nacionales"],"jetpack_featured_media_url":"https:\/\/i0.wp.com\/cdnoticias.com\/wp-content\/uploads\/2024\/06\/telefonia-celular-696x425-1.jpg?fit=696%2C425&ssl=1","jetpack_sharing_enabled":true,"_links":{"self":[{"href":"https:\/\/cdnoticias.com\/index.php\/wp-json\/wp\/v2\/posts\/119316","targetHints":{"allow":["GET"]}}],"collection":[{"href":"https:\/\/cdnoticias.com\/index.php\/wp-json\/wp\/v2\/posts"}],"about":[{"href":"https:\/\/cdnoticias.com\/index.php\/wp-json\/wp\/v2\/types\/post"}],"author":[{"embeddable":true,"href":"https:\/\/cdnoticias.com\/index.php\/wp-json\/wp\/v2\/users\/6"}],"replies":[{"embeddable":true,"href":"https:\/\/cdnoticias.com\/index.php\/wp-json\/wp\/v2\/comments?post=119316"}],"version-history":[{"count":0,"href":"https:\/\/cdnoticias.com\/index.php\/wp-json\/wp\/v2\/posts\/119316\/revisions"}],"wp:featuredmedia":[{"embeddable":true,"href":"https:\/\/cdnoticias.com\/index.php\/wp-json\/wp\/v2\/media\/119319"}],"wp:attachment":[{"href":"https:\/\/cdnoticias.com\/index.php\/wp-json\/wp\/v2\/media?parent=119316"}],"wp:term":[{"taxonomy":"category","embeddable":true,"href":"https:\/\/cdnoticias.com\/index.php\/wp-json\/wp\/v2\/categories?post=119316"},{"taxonomy":"post_tag","embeddable":true,"href":"https:\/\/cdnoticias.com\/index.php\/wp-json\/wp\/v2\/tags?post=119316"}],"curies":[{"name":"wp","href":"https:\/\/api.w.org\/{rel}","templated":true}]}}