{"id":119289,"date":"2024-06-26T13:40:36","date_gmt":"2024-06-26T16:40:36","guid":{"rendered":"https:\/\/cdnoticias.com\/?p=119289"},"modified":"2024-06-27T07:55:15","modified_gmt":"2024-06-27T10:55:15","slug":"el-gad-ya-tiene-nueva-base-operativa-se-inauguro-el-edificio-en-barrio-aoma","status":"publish","type":"post","link":"https:\/\/cdnoticias.com\/index.php\/2024\/06\/26\/el-gad-ya-tiene-nueva-base-operativa-se-inauguro-el-edificio-en-barrio-aoma\/","title":{"rendered":"EL GAD ya tiene nueva base operativa: se inaugur\u00f3 el edificio en barrio AOMA"},"content":{"rendered":"<p>Las nuevas instalaciones responden a las necesidades de la fuerza. \u201cSe va a ver reflejado en la respuesta para los vecinos y vecinas de Olavarr\u00eda\u201d destac\u00f3 el intendente Wesner sobre la mejora edilicia.<!--more--><\/p>\n<hr \/>\n<p>Este mi\u00e9rcoles qued\u00f3 inaugurada la <strong>nueva sede del Grupo de Apoyo Departamental (GAD)<\/strong> ubicada en la <strong>Casa 64 del barrio AOMA<\/strong> de Olavarr\u00eda.<\/p>\n<p>De esta manera, <strong>la fuerza policial tiene su base operativa en Coronel Su\u00e1rez y Barcal\u00e1<\/strong>. El edificio pertenece a la Direcci\u00f3n General de Escuelas de la Provincia, y fue cedido a la Municipalidad.<\/p>\n<p>Se enumeraron entre los objetivos de esta nueva ubicaci\u00f3n tener <strong>una sede definitiva<\/strong> para el grupo con los <strong>espacios suficientes para la operatividad y comodidad<\/strong> de los integrantes e <strong>instalar la base en un sector de la ciudad que necesita la presencia de una fuerza policial<\/strong>, logrando la <strong>descentralizaci\u00f3n<\/strong> para un mejor despliegue operativo ante cualquier necesidad y acortar los tiempos de respuesta, ya que este sector es jurisdicci\u00f3n de la Subcomisar\u00eda de Loma Negra. Un tercer prop\u00f3sito mencionado fue dar <strong>continuidad a las mejoras edilicias que viene realizando el Municipio<\/strong> y en este caso implica un ahorro en el alquiler de la locaci\u00f3n anterior.<\/p>\n<p><img data-recalc-dims=\"1\" loading=\"lazy\" decoding=\"async\" class=\"alignnone size-full wp-image-119292\" src=\"https:\/\/i0.wp.com\/cdnoticias.com\/wp-content\/uploads\/2024\/06\/inauguracion-sede-gad-02.jpg?resize=800%2C445&#038;ssl=1\" alt=\"\" width=\"800\" height=\"445\" srcset=\"https:\/\/i0.wp.com\/cdnoticias.com\/wp-content\/uploads\/2024\/06\/inauguracion-sede-gad-02.jpg?w=1000&amp;ssl=1 1000w, https:\/\/i0.wp.com\/cdnoticias.com\/wp-content\/uploads\/2024\/06\/inauguracion-sede-gad-02.jpg?resize=300%2C167&amp;ssl=1 300w, https:\/\/i0.wp.com\/cdnoticias.com\/wp-content\/uploads\/2024\/06\/inauguracion-sede-gad-02.jpg?resize=768%2C427&amp;ssl=1 768w, https:\/\/i0.wp.com\/cdnoticias.com\/wp-content\/uploads\/2024\/06\/inauguracion-sede-gad-02.jpg?resize=800%2C445&amp;ssl=1 800w\" sizes=\"auto, (max-width: 800px) 100vw, 800px\" \/><\/p>\n<p><img data-recalc-dims=\"1\" loading=\"lazy\" decoding=\"async\" class=\"alignnone size-full wp-image-119291\" src=\"https:\/\/i0.wp.com\/cdnoticias.com\/wp-content\/uploads\/2024\/06\/inauguracion-sede-gad-01.jpg?resize=800%2C445&#038;ssl=1\" alt=\"\" width=\"800\" height=\"445\" srcset=\"https:\/\/i0.wp.com\/cdnoticias.com\/wp-content\/uploads\/2024\/06\/inauguracion-sede-gad-01.jpg?w=1000&amp;ssl=1 1000w, https:\/\/i0.wp.com\/cdnoticias.com\/wp-content\/uploads\/2024\/06\/inauguracion-sede-gad-01.jpg?resize=300%2C167&amp;ssl=1 300w, https:\/\/i0.wp.com\/cdnoticias.com\/wp-content\/uploads\/2024\/06\/inauguracion-sede-gad-01.jpg?resize=768%2C427&amp;ssl=1 768w, https:\/\/i0.wp.com\/cdnoticias.com\/wp-content\/uploads\/2024\/06\/inauguracion-sede-gad-01.jpg?resize=800%2C445&amp;ssl=1 800w\" sizes=\"auto, (max-width: 800px) 100vw, 800px\" \/><\/p>\n<p>El acto inaugural fue encabezado por el<em> intendente Maximiliano Wesner junto a la jefa de Gabinete municipal, Mercedes Land\u00edvar, el subsecretario de Protecci\u00f3n Ciudadana, El\u00edas Quintas, el subdirector del GAD, comisario inspector H\u00e9ctor Quiroz, el coordinador de la Zona Regi\u00f3n Interior Centro, comisario inspector F\u00e9lix Villaverde y el jefe local del GAD Olavarr\u00eda comisario Bruno Rodr\u00edguez<\/em>.<\/p>\n<p>Tras las palabras del subsecretario Quintas y del jefe comunal, las autoridades hicieron el corte de cinta para simbolizar la inauguraci\u00f3n del edificio.<\/p>\n<h3>\u201cTrabajo planificado\u201d<\/h3>\n<blockquote><p>Wesner resalt\u00f3 \u201cel recorrido y trabajo conjunto entre la fuerza policial, Jefatura de Gabinete, Subsecretar\u00eda de Protecci\u00f3n Ciudadana\u201d para presentar \u201cun trabajo de la diaria que responde a una planificaci\u00f3n en materia de seguridad para el Partido de Olavarr\u00eda\u201d. Se\u00f1al\u00f3 que esa planificaci\u00f3n naci\u00f3 en la reuni\u00f3n que mantuvo con el ministro de Seguridad bonaerense, Javier Alonso, a quien \u201cle llevamos el mapeo del entramado de Olavarr\u00eda y pudimos tener un diagn\u00f3stico para poder llevar y ejecutar acciones\u201d. Una de esas acciones es la reubicaci\u00f3n del GAD.<\/p><\/blockquote>\n<p><img data-recalc-dims=\"1\" loading=\"lazy\" decoding=\"async\" class=\"alignnone size-full wp-image-119295\" src=\"https:\/\/i0.wp.com\/cdnoticias.com\/wp-content\/uploads\/2024\/06\/inauguracion-sede-gad-05.jpg?resize=800%2C445&#038;ssl=1\" alt=\"\" width=\"800\" height=\"445\" srcset=\"https:\/\/i0.wp.com\/cdnoticias.com\/wp-content\/uploads\/2024\/06\/inauguracion-sede-gad-05.jpg?w=1000&amp;ssl=1 1000w, https:\/\/i0.wp.com\/cdnoticias.com\/wp-content\/uploads\/2024\/06\/inauguracion-sede-gad-05.jpg?resize=300%2C167&amp;ssl=1 300w, https:\/\/i0.wp.com\/cdnoticias.com\/wp-content\/uploads\/2024\/06\/inauguracion-sede-gad-05.jpg?resize=768%2C427&amp;ssl=1 768w, https:\/\/i0.wp.com\/cdnoticias.com\/wp-content\/uploads\/2024\/06\/inauguracion-sede-gad-05.jpg?resize=800%2C445&amp;ssl=1 800w\" sizes=\"auto, (max-width: 800px) 100vw, 800px\" \/><\/p>\n<p><img data-recalc-dims=\"1\" loading=\"lazy\" decoding=\"async\" class=\"alignnone size-full wp-image-119294\" src=\"https:\/\/i0.wp.com\/cdnoticias.com\/wp-content\/uploads\/2024\/06\/inauguracion-sede-gad-04-elias-quintas.jpg?resize=800%2C445&#038;ssl=1\" alt=\"\" width=\"800\" height=\"445\" srcset=\"https:\/\/i0.wp.com\/cdnoticias.com\/wp-content\/uploads\/2024\/06\/inauguracion-sede-gad-04-elias-quintas.jpg?w=1000&amp;ssl=1 1000w, https:\/\/i0.wp.com\/cdnoticias.com\/wp-content\/uploads\/2024\/06\/inauguracion-sede-gad-04-elias-quintas.jpg?resize=300%2C167&amp;ssl=1 300w, https:\/\/i0.wp.com\/cdnoticias.com\/wp-content\/uploads\/2024\/06\/inauguracion-sede-gad-04-elias-quintas.jpg?resize=768%2C427&amp;ssl=1 768w, https:\/\/i0.wp.com\/cdnoticias.com\/wp-content\/uploads\/2024\/06\/inauguracion-sede-gad-04-elias-quintas.jpg?resize=800%2C445&amp;ssl=1 800w\" sizes=\"auto, (max-width: 800px) 100vw, 800px\" \/><\/p>\n<p>El intendente tuvo en cuenta que la Subcomisar\u00eda de Loma Negra tiene a su cargo una jurisdicci\u00f3n de mil kil\u00f3metros cuadrados y apunt\u00f3 a que se pens\u00f3 en ello para definir la nueva sede.<strong> \u201cSe va a ver reflejado en la respuesta para los vecinos y vecinas de Olavarr\u00eda\u201d<\/strong> dijo para definir que \u201choy los vecinos tienen que tener el derecho a la seguridad y esta presencia del GAD en este barrio AOMA tiene que ver con la cercan\u00eda que se necesita en la amplitud tan grande de abordaje de la Subcomisar\u00eda\u201d.<\/p>\n<blockquote><p>\u201cLa disuasi\u00f3n del delito tiene que ver con la respuesta que vamos a tener de ahora en m\u00e1s con la presencia policial en este sector. Era necesario. Tiene que ver con la planificaci\u00f3n y con la articulaci\u00f3n con la fuerza policial\u201d agreg\u00f3 el jefe comunal.<\/p><\/blockquote>\n<p>Luego destac\u00f3 <strong>la labor en el Consejo de Seguridad Municipal<\/strong> para mejorar las condiciones de los edificios sede de la Polic\u00eda y de los patrulleros \u201cpara mantener la presencia en el territorio\u201d.<\/p>\n<p><img data-recalc-dims=\"1\" loading=\"lazy\" decoding=\"async\" class=\"alignnone size-full wp-image-119295\" src=\"https:\/\/i0.wp.com\/cdnoticias.com\/wp-content\/uploads\/2024\/06\/inauguracion-sede-gad-05.jpg?resize=800%2C445&#038;ssl=1\" alt=\"\" width=\"800\" height=\"445\" srcset=\"https:\/\/i0.wp.com\/cdnoticias.com\/wp-content\/uploads\/2024\/06\/inauguracion-sede-gad-05.jpg?w=1000&amp;ssl=1 1000w, https:\/\/i0.wp.com\/cdnoticias.com\/wp-content\/uploads\/2024\/06\/inauguracion-sede-gad-05.jpg?resize=300%2C167&amp;ssl=1 300w, https:\/\/i0.wp.com\/cdnoticias.com\/wp-content\/uploads\/2024\/06\/inauguracion-sede-gad-05.jpg?resize=768%2C427&amp;ssl=1 768w, https:\/\/i0.wp.com\/cdnoticias.com\/wp-content\/uploads\/2024\/06\/inauguracion-sede-gad-05.jpg?resize=800%2C445&amp;ssl=1 800w\" sizes=\"auto, (max-width: 800px) 100vw, 800px\" \/><\/p>\n<p><img data-recalc-dims=\"1\" loading=\"lazy\" decoding=\"async\" class=\"alignnone size-full wp-image-119296\" src=\"https:\/\/i0.wp.com\/cdnoticias.com\/wp-content\/uploads\/2024\/06\/inauguracion-sede-gad-06.jpg?resize=800%2C445&#038;ssl=1\" alt=\"\" width=\"800\" height=\"445\" srcset=\"https:\/\/i0.wp.com\/cdnoticias.com\/wp-content\/uploads\/2024\/06\/inauguracion-sede-gad-06.jpg?w=1000&amp;ssl=1 1000w, https:\/\/i0.wp.com\/cdnoticias.com\/wp-content\/uploads\/2024\/06\/inauguracion-sede-gad-06.jpg?resize=300%2C167&amp;ssl=1 300w, https:\/\/i0.wp.com\/cdnoticias.com\/wp-content\/uploads\/2024\/06\/inauguracion-sede-gad-06.jpg?resize=768%2C427&amp;ssl=1 768w, https:\/\/i0.wp.com\/cdnoticias.com\/wp-content\/uploads\/2024\/06\/inauguracion-sede-gad-06.jpg?resize=800%2C445&amp;ssl=1 800w\" sizes=\"auto, (max-width: 800px) 100vw, 800px\" \/><\/p>\n<p>Wesner remarc\u00f3 que la labor<strong> en materia de seguridad es \u201cun trabajo planificado, me parece que para prevenir el delito la planificaci\u00f3n es muy importante.<\/strong> Estamos trabajando sobre ello y vamos a seguir dando respuesta en m\u00e1s anuncios en materia de seguridad\u201d.<\/p>\n<p>El <strong>subsecretario Quintas<\/strong> celebr\u00f3 la inauguraci\u00f3n del \u201cedificio definitivo\u201d para el GAD al tiempo que record\u00f3 que desde su instalaci\u00f3n en la ciudad el grupo operativo ha tenido diversas sedes para su funcionamiento \u201ca pesar de que su tarea es imprescindible\u201d.<\/p>\n<p>El funcionario subray\u00f3 <strong>\u201cel compromiso\u201d de su gesti\u00f3n para \u201cgarantizar las condiciones edilicias de trabajo y seguridad<\/strong> para los empleados y funcionarios de la Polic\u00eda de la Provincia de Buenos Aires\u201d.<\/p>\n<p><img data-recalc-dims=\"1\" loading=\"lazy\" decoding=\"async\" class=\"alignnone size-full wp-image-119297\" src=\"https:\/\/i0.wp.com\/cdnoticias.com\/wp-content\/uploads\/2024\/06\/inauguracion-sede-gad-07.jpg?resize=800%2C445&#038;ssl=1\" alt=\"\" width=\"800\" height=\"445\" srcset=\"https:\/\/i0.wp.com\/cdnoticias.com\/wp-content\/uploads\/2024\/06\/inauguracion-sede-gad-07.jpg?w=1000&amp;ssl=1 1000w, https:\/\/i0.wp.com\/cdnoticias.com\/wp-content\/uploads\/2024\/06\/inauguracion-sede-gad-07.jpg?resize=300%2C167&amp;ssl=1 300w, https:\/\/i0.wp.com\/cdnoticias.com\/wp-content\/uploads\/2024\/06\/inauguracion-sede-gad-07.jpg?resize=768%2C427&amp;ssl=1 768w, https:\/\/i0.wp.com\/cdnoticias.com\/wp-content\/uploads\/2024\/06\/inauguracion-sede-gad-07.jpg?resize=800%2C445&amp;ssl=1 800w\" sizes=\"auto, (max-width: 800px) 100vw, 800px\" \/><\/p>\n<p><img data-recalc-dims=\"1\" loading=\"lazy\" decoding=\"async\" class=\"alignnone size-full wp-image-119298\" src=\"https:\/\/i0.wp.com\/cdnoticias.com\/wp-content\/uploads\/2024\/06\/inauguracion-sede-gad-08.jpg?resize=800%2C445&#038;ssl=1\" alt=\"\" width=\"800\" height=\"445\" srcset=\"https:\/\/i0.wp.com\/cdnoticias.com\/wp-content\/uploads\/2024\/06\/inauguracion-sede-gad-08.jpg?w=1000&amp;ssl=1 1000w, https:\/\/i0.wp.com\/cdnoticias.com\/wp-content\/uploads\/2024\/06\/inauguracion-sede-gad-08.jpg?resize=300%2C167&amp;ssl=1 300w, https:\/\/i0.wp.com\/cdnoticias.com\/wp-content\/uploads\/2024\/06\/inauguracion-sede-gad-08.jpg?resize=768%2C427&amp;ssl=1 768w, https:\/\/i0.wp.com\/cdnoticias.com\/wp-content\/uploads\/2024\/06\/inauguracion-sede-gad-08.jpg?resize=800%2C445&amp;ssl=1 800w\" sizes=\"auto, (max-width: 800px) 100vw, 800px\" \/><\/p>\n<blockquote><p>\u201cEs estrat\u00e9gica su ubicaci\u00f3n en el barrio AOMA\u201d destac\u00f3 para subrayar la importancia no s\u00f3lo para el barrio mencionado sino para toda la zona circundante. \u201cNos va a permitir llegar m\u00e1s de cerca con la fuerza policial a los vecinos y vecinas\u201d defini\u00f3 El\u00edas Quintas.<\/p><\/blockquote>\n<p>Fueron parte del acto, el jefe Departamental de Seguridad de Olavarr\u00eda, comisario inspector Leandro Scavuzzo, por la Comisar\u00eda Segunda el subcomisario Emmanuel Madd\u00edo, por la Subcomisar\u00eda de Loma Negra la subcomisaria Vanesa Gorosito, el jefe de la SUBDDI local comisario Fernando Lagano, el jefe de la Delegaci\u00f3n Drogas Il\u00edcitas de Azul comisario mayor Juan Castro, el jefe de Infanter\u00eda de Loma Negra subcomisario Maximiliano Conti, concejales, autoridades judiciales, funcionarios municipales, representantes de instituciones del barrio AOMA e integrantes del Consejo de Seguridad Municipal.<\/p>\n<h3>La nueva sede<\/h3>\n<p>El edificio asignado para el GAD cuenta con dos grandes espacios, dependencias divididas por g\u00e9nero, ba\u00f1os, cocina y sala de reuniones.<\/p>\n<p>Se desempe\u00f1an poco m\u00e1s de una veintena de agentes, adem\u00e1s de las autoridades de la fuerza. Los efectivos trabajan diariamente en grupos de 12 quienes cumplen turnos de 24 horas.<\/p>\n<p><img data-recalc-dims=\"1\" loading=\"lazy\" decoding=\"async\" class=\"alignnone size-full wp-image-119299\" src=\"https:\/\/i0.wp.com\/cdnoticias.com\/wp-content\/uploads\/2024\/06\/inauguracion-sede-gad-09.jpg?resize=800%2C445&#038;ssl=1\" alt=\"\" width=\"800\" height=\"445\" srcset=\"https:\/\/i0.wp.com\/cdnoticias.com\/wp-content\/uploads\/2024\/06\/inauguracion-sede-gad-09.jpg?w=1000&amp;ssl=1 1000w, https:\/\/i0.wp.com\/cdnoticias.com\/wp-content\/uploads\/2024\/06\/inauguracion-sede-gad-09.jpg?resize=300%2C167&amp;ssl=1 300w, https:\/\/i0.wp.com\/cdnoticias.com\/wp-content\/uploads\/2024\/06\/inauguracion-sede-gad-09.jpg?resize=768%2C427&amp;ssl=1 768w, https:\/\/i0.wp.com\/cdnoticias.com\/wp-content\/uploads\/2024\/06\/inauguracion-sede-gad-09.jpg?resize=800%2C445&amp;ssl=1 800w\" sizes=\"auto, (max-width: 800px) 100vw, 800px\" \/><\/p>\n<p><img data-recalc-dims=\"1\" loading=\"lazy\" decoding=\"async\" class=\"alignnone size-full wp-image-119300\" src=\"https:\/\/i0.wp.com\/cdnoticias.com\/wp-content\/uploads\/2024\/06\/inauguracion-sede-gad-10.jpg?resize=800%2C445&#038;ssl=1\" alt=\"\" width=\"800\" height=\"445\" srcset=\"https:\/\/i0.wp.com\/cdnoticias.com\/wp-content\/uploads\/2024\/06\/inauguracion-sede-gad-10.jpg?w=1000&amp;ssl=1 1000w, https:\/\/i0.wp.com\/cdnoticias.com\/wp-content\/uploads\/2024\/06\/inauguracion-sede-gad-10.jpg?resize=300%2C167&amp;ssl=1 300w, https:\/\/i0.wp.com\/cdnoticias.com\/wp-content\/uploads\/2024\/06\/inauguracion-sede-gad-10.jpg?resize=768%2C427&amp;ssl=1 768w, https:\/\/i0.wp.com\/cdnoticias.com\/wp-content\/uploads\/2024\/06\/inauguracion-sede-gad-10.jpg?resize=800%2C445&amp;ssl=1 800w\" sizes=\"auto, (max-width: 800px) 100vw, 800px\" \/><\/p>\n","protected":false},"excerpt":{"rendered":"<p>Las nuevas instalaciones responden a las necesidades de la fuerza. \u201cSe va a ver reflejado en la respuesta para los<\/p>\n","protected":false},"author":4,"featured_media":119290,"comment_status":"closed","ping_status":"closed","sticky":false,"template":"","format":"standard","meta":{"_jetpack_memberships_contains_paid_content":false,"footnotes":""},"categories":[14,1],"tags":[],"class_list":["post-119289","post","type-post","status-publish","format-standard","has-post-thumbnail","hentry","category-policiales","category-portada"],"jetpack_featured_media_url":"https:\/\/i0.wp.com\/cdnoticias.com\/wp-content\/uploads\/2024\/06\/inauguracion-sede-gad-00.jpg?fit=1000%2C556&ssl=1","jetpack_sharing_enabled":true,"_links":{"self":[{"href":"https:\/\/cdnoticias.com\/index.php\/wp-json\/wp\/v2\/posts\/119289","targetHints":{"allow":["GET"]}}],"collection":[{"href":"https:\/\/cdnoticias.com\/index.php\/wp-json\/wp\/v2\/posts"}],"about":[{"href":"https:\/\/cdnoticias.com\/index.php\/wp-json\/wp\/v2\/types\/post"}],"author":[{"embeddable":true,"href":"https:\/\/cdnoticias.com\/index.php\/wp-json\/wp\/v2\/users\/4"}],"replies":[{"embeddable":true,"href":"https:\/\/cdnoticias.com\/index.php\/wp-json\/wp\/v2\/comments?post=119289"}],"version-history":[{"count":0,"href":"https:\/\/cdnoticias.com\/index.php\/wp-json\/wp\/v2\/posts\/119289\/revisions"}],"wp:featuredmedia":[{"embeddable":true,"href":"https:\/\/cdnoticias.com\/index.php\/wp-json\/wp\/v2\/media\/119290"}],"wp:attachment":[{"href":"https:\/\/cdnoticias.com\/index.php\/wp-json\/wp\/v2\/media?parent=119289"}],"wp:term":[{"taxonomy":"category","embeddable":true,"href":"https:\/\/cdnoticias.com\/index.php\/wp-json\/wp\/v2\/categories?post=119289"},{"taxonomy":"post_tag","embeddable":true,"href":"https:\/\/cdnoticias.com\/index.php\/wp-json\/wp\/v2\/tags?post=119289"}],"curies":[{"name":"wp","href":"https:\/\/api.w.org\/{rel}","templated":true}]}}