{"id":119278,"date":"2024-06-26T19:33:25","date_gmt":"2024-06-26T22:33:25","guid":{"rendered":"https:\/\/cdnoticias.com\/?p=119278"},"modified":"2024-06-26T19:33:27","modified_gmt":"2024-06-26T22:33:27","slug":"difunden-recursero-en-el-dia-de-la-lucha-contra-el-uso-indebido-y-el-trafico-ilicito-de-drogas","status":"publish","type":"post","link":"https:\/\/cdnoticias.com\/index.php\/2024\/06\/26\/difunden-recursero-en-el-dia-de-la-lucha-contra-el-uso-indebido-y-el-trafico-ilicito-de-drogas\/","title":{"rendered":"Difunden recursero en el D\u00eda de la lucha contra el uso indebido y el tr\u00e1fico il\u00edcito de drogas"},"content":{"rendered":"\n<p>La intenci\u00f3n es promover informaci\u00f3n \u00fatil para personas que atraviesan situaciones de consumo.<\/p>\n\n\n\n<hr class=\"wp-block-separator has-alpha-channel-opacity\"\/>\n\n\n\n<p>En el marco del<strong> D\u00eda Internacional de la lucha contra el uso indebido y el tr\u00e1fico il\u00edcito de drogas <\/strong>los dispositivos que conforman la <strong>red SEDRONAR en Olavarr\u00eda <\/strong>(Vientos de Libertad, Casa Pueblo y Red Puentes) difundieron un recursero con <strong>informaci\u00f3n de utilidad<\/strong> para aquellas personas que atraviesan situaciones de consumo.<\/p>\n\n\n\n<p><\/p>\n\n\n\n<p>Como acci\u00f3n de concientizaci\u00f3n sobre los consumos problem\u00e1ticos, las casas de acompa\u00f1amiento comunitario buscan acercar a las vecinas y vecinos de Olavarr\u00eda informaci\u00f3n \u00fatil sobre su trabajo en la ciudad. Desde sus diferentes instituciones acompa\u00f1an y contienen a trav\u00e9s de<strong> espacios de formaci\u00f3n, atenci\u00f3n interdisciplinaria, espacios de escucha y prevenci\u00f3n a diferentes poblaciones.<\/strong><\/p>\n\n\n\n<p><\/p>\n\n\n\n<figure class=\"wp-block-image size-full\"><img data-recalc-dims=\"1\" loading=\"lazy\" decoding=\"async\" width=\"800\" height=\"801\" src=\"https:\/\/i0.wp.com\/cdnoticias.com\/wp-content\/uploads\/2024\/06\/WhatsApp-Image-2024-06-26-at-10.02.57.jpeg?resize=800%2C801&#038;ssl=1\" alt=\"\" class=\"wp-image-119279\" srcset=\"https:\/\/i0.wp.com\/cdnoticias.com\/wp-content\/uploads\/2024\/06\/WhatsApp-Image-2024-06-26-at-10.02.57.jpeg?w=800&amp;ssl=1 800w, https:\/\/i0.wp.com\/cdnoticias.com\/wp-content\/uploads\/2024\/06\/WhatsApp-Image-2024-06-26-at-10.02.57.jpeg?resize=300%2C300&amp;ssl=1 300w, https:\/\/i0.wp.com\/cdnoticias.com\/wp-content\/uploads\/2024\/06\/WhatsApp-Image-2024-06-26-at-10.02.57.jpeg?resize=150%2C150&amp;ssl=1 150w, https:\/\/i0.wp.com\/cdnoticias.com\/wp-content\/uploads\/2024\/06\/WhatsApp-Image-2024-06-26-at-10.02.57.jpeg?resize=768%2C769&amp;ssl=1 768w\" sizes=\"auto, (max-width: 800px) 100vw, 800px\" \/><\/figure>\n\n\n\n<p><\/p>\n\n\n\n<p>Por otro lado, remarcaron <strong>&#8220;el impacto negativo que genera sobre nuestro trabajo el abandono del gobierno nacional en materia de salud en general y salud mental en particular&#8221;<\/strong> y reclamaron la urgencia de generar pol\u00edticas p\u00fablicas centradas en las personas con un enfoque de salud p\u00fablica, g\u00e9nero y derechos humanos.<\/p>\n\n\n\n<p><\/p>\n\n\n\n<p>A este recursero se suma tambi\u00e9n la Subsecretar\u00eda de Salud Mental, Consumos Problematicos y Violencias en el H\u00e1bito de la Salud, el Centro Provincial de Atenci\u00f3n CPA Dispositivo p\u00fablico de salud , de atencion y cuidado en que se brinda prestaci\u00f3n ambulatoria y el servicio de Salud mental del hospital municipal &#8220;Dr H\u00e9ctor Cura&#8221;, instituci\u00f3nes con quienes se realizan articulaciones y abordajes en red.<\/p>\n","protected":false},"excerpt":{"rendered":"<p>La intenci\u00f3n es promover informaci\u00f3n \u00fatil para personas que atraviesan situaciones de consumo. En el marco del D\u00eda Internacional de<\/p>\n","protected":false},"author":2,"featured_media":119281,"comment_status":"closed","ping_status":"closed","sticky":false,"template":"","format":"standard","meta":{"_jetpack_memberships_contains_paid_content":false,"footnotes":""},"categories":[5,1],"tags":[],"class_list":["post-119278","post","type-post","status-publish","format-standard","has-post-thumbnail","hentry","category-informacion-general","category-portada"],"jetpack_featured_media_url":"https:\/\/i0.wp.com\/cdnoticias.com\/wp-content\/uploads\/2024\/06\/recursero.jpg?fit=800%2C445&ssl=1","jetpack_sharing_enabled":true,"_links":{"self":[{"href":"https:\/\/cdnoticias.com\/index.php\/wp-json\/wp\/v2\/posts\/119278","targetHints":{"allow":["GET"]}}],"collection":[{"href":"https:\/\/cdnoticias.com\/index.php\/wp-json\/wp\/v2\/posts"}],"about":[{"href":"https:\/\/cdnoticias.com\/index.php\/wp-json\/wp\/v2\/types\/post"}],"author":[{"embeddable":true,"href":"https:\/\/cdnoticias.com\/index.php\/wp-json\/wp\/v2\/users\/2"}],"replies":[{"embeddable":true,"href":"https:\/\/cdnoticias.com\/index.php\/wp-json\/wp\/v2\/comments?post=119278"}],"version-history":[{"count":0,"href":"https:\/\/cdnoticias.com\/index.php\/wp-json\/wp\/v2\/posts\/119278\/revisions"}],"wp:featuredmedia":[{"embeddable":true,"href":"https:\/\/cdnoticias.com\/index.php\/wp-json\/wp\/v2\/media\/119281"}],"wp:attachment":[{"href":"https:\/\/cdnoticias.com\/index.php\/wp-json\/wp\/v2\/media?parent=119278"}],"wp:term":[{"taxonomy":"category","embeddable":true,"href":"https:\/\/cdnoticias.com\/index.php\/wp-json\/wp\/v2\/categories?post=119278"},{"taxonomy":"post_tag","embeddable":true,"href":"https:\/\/cdnoticias.com\/index.php\/wp-json\/wp\/v2\/tags?post=119278"}],"curies":[{"name":"wp","href":"https:\/\/api.w.org\/{rel}","templated":true}]}}