{"id":119276,"date":"2024-06-26T09:47:43","date_gmt":"2024-06-26T12:47:43","guid":{"rendered":"https:\/\/cdnoticias.com\/?p=119276"},"modified":"2024-06-26T12:38:59","modified_gmt":"2024-06-26T15:38:59","slug":"perros-envenenados-en-sierra-chica-el-fiscal-pidio-la-colaboracion-de-la-comunidad","status":"publish","type":"post","link":"https:\/\/cdnoticias.com\/index.php\/2024\/06\/26\/perros-envenenados-en-sierra-chica-el-fiscal-pidio-la-colaboracion-de-la-comunidad\/","title":{"rendered":"Perros envenenados en Sierra Chica: el fiscal pidi\u00f3 la colaboraci\u00f3n de la comunidad"},"content":{"rendered":"\n<p>El titular de la Ayudant\u00eda Fiscal de Autores Ignorados, Jos\u00e9 Iturralde, se\u00f1al\u00f3 que la diferencia entre los animales que se mencionan como fallecidos y los que aparecen en la causa es muy grande. Pide que los vecinos realicen la denuncia.<\/p>\n\n\n\n<hr class=\"wp-block-separator has-alpha-channel-opacity\"\/>\n\n\n\n<p>El titular de la <strong>Ayudant\u00eda Fiscal de Autores Ignorados, Jos\u00e9 Iturralde, <\/strong>habl\u00f3 sobre la investigaci\u00f3n que lleva adelante ante la <a href=\"https:\/\/cdnoticias.com\/index.php\/2024\/06\/19\/perros-envenenados-en-sierra-chica-realizaron-un-operativo-municipal-y-policial\/\" data-type=\"link\" data-id=\"https:\/\/cdnoticias.com\/index.php\/2024\/06\/19\/perros-envenenados-en-sierra-chica-realizaron-un-operativo-municipal-y-policial\/\">aparici\u00f3n de perros muertos en la localidad de Sierra Chica.<\/a> Dio detalles de la causa y pidi\u00f3 la colaboraci\u00f3n de la comunidad para esclarecer los hechos.<\/p>\n\n\n\n<p><\/p>\n\n\n\n<p>En primer lugar, aclar\u00f3 que<strong> \u201cen la causa hay relevados cuatro perros. Ese es el sumario con el cual inicia la causa el personal de la subcomisar\u00eda de Sierra Chica\u201d. <\/strong>Sin embargo, vecinos de la localidad manifestaron p\u00fablicamente un n\u00famero mayor de canes fallecidos, que<strong> se acercar\u00edan a la treintena.<\/strong><\/p>\n\n\n\n<p><\/p>\n\n\n\n<p>Ante esta situaci\u00f3n,<strong> se realiza un relevamiento con los vecinos para identificar si hay m\u00e1s perros muertos y si se identifican, recoger a los animales y hacer las autopsias <\/strong>porque \u201cla diferencia entre los animales que se mencionan y los que han acercado a la causa, es muy grande\u201d, resalt\u00f3 Iturralde en di\u00e1logo con el programa Levantate (FM Sapiens).<\/p>\n\n\n\n<p><\/p>\n\n\n\n<blockquote class=\"wp-block-quote is-layout-flow wp-block-quote-is-layout-flow\">\n<p>En este punto, el fiscal insisti\u00f3 en que \u201clos vecinos que tengan conocimiento de estas causas concurran a la subcomisar\u00eda de Sierra Chica o a la Ayudant\u00eda Fiscal. Que den aviso a la autoridad, que no quede solo en la foto o el comentario\u201d. <\/p>\n<\/blockquote>\n\n\n\n<p><\/p>\n\n\n\n<p>Iturralde reiter\u00f3 que \u201cpedimos el compromiso de la comunidad en el esclarecimiento de estos hechos, el compromiso es lo que nos va a ayudar a resolver esto. <strong>Nosotros tenemos los medios para investigar, pero no hay investigaci\u00f3n sin participaci\u00f3n de la gente<\/strong>\u201d.<\/p>\n\n\n\n<p><\/p>\n\n\n\n<p>Por \u00faltimo, reconoci\u00f3 que este tipo de delitos \u201c<strong>lamentablemente es algo bastante com\u00fan<\/strong>, tal vez no en Olavarr\u00eda pero s\u00ed en otras localidades\u201d.<\/p>\n\n\n\n<p><\/p>\n\n\n\n<figure class=\"wp-block-embed is-type-wp-embed is-provider-central-de-noticias-olavarr-a wp-block-embed-central-de-noticias-olavarr-a\"><div class=\"wp-block-embed__wrapper\">\n<blockquote class=\"wp-embedded-content\" data-secret=\"DVTWiind0T\"><a href=\"https:\/\/cdnoticias.com\/index.php\/2024\/06\/19\/perros-envenenados-en-sierra-chica-realizaron-un-operativo-municipal-y-policial\/\">Perros envenenados en Sierra Chica: realizaron un operativo municipal y policial<\/a><\/blockquote><iframe loading=\"lazy\" class=\"wp-embedded-content\" sandbox=\"allow-scripts\" security=\"restricted\" style=\"position: absolute; clip: rect(1px, 1px, 1px, 1px);\" title=\"&#8220;Perros envenenados en Sierra Chica: realizaron un operativo municipal y policial&#8221; &#8212; Central de Noticias | Olavarr\u00eda\" src=\"https:\/\/cdnoticias.com\/index.php\/2024\/06\/19\/perros-envenenados-en-sierra-chica-realizaron-un-operativo-municipal-y-policial\/embed\/#?secret=UpFcxt9ddp#?secret=DVTWiind0T\" data-secret=\"DVTWiind0T\" width=\"600\" height=\"338\" frameborder=\"0\" marginwidth=\"0\" marginheight=\"0\" scrolling=\"no\"><\/iframe>\n<\/div><\/figure>\n","protected":false},"excerpt":{"rendered":"<p>El titular de la Ayudant\u00eda Fiscal de Autores Ignorados, Jos\u00e9 Iturralde, se\u00f1al\u00f3 que la diferencia entre los animales que se<\/p>\n","protected":false},"author":2,"featured_media":118885,"comment_status":"closed","ping_status":"closed","sticky":false,"template":"","format":"standard","meta":{"_jetpack_memberships_contains_paid_content":false,"footnotes":""},"categories":[5,1],"tags":[],"class_list":["post-119276","post","type-post","status-publish","format-standard","has-post-thumbnail","hentry","category-informacion-general","category-portada"],"jetpack_featured_media_url":"https:\/\/i0.wp.com\/cdnoticias.com\/wp-content\/uploads\/2024\/06\/operativo-sscc.jpg?fit=1600%2C890&ssl=1","jetpack_sharing_enabled":true,"_links":{"self":[{"href":"https:\/\/cdnoticias.com\/index.php\/wp-json\/wp\/v2\/posts\/119276","targetHints":{"allow":["GET"]}}],"collection":[{"href":"https:\/\/cdnoticias.com\/index.php\/wp-json\/wp\/v2\/posts"}],"about":[{"href":"https:\/\/cdnoticias.com\/index.php\/wp-json\/wp\/v2\/types\/post"}],"author":[{"embeddable":true,"href":"https:\/\/cdnoticias.com\/index.php\/wp-json\/wp\/v2\/users\/2"}],"replies":[{"embeddable":true,"href":"https:\/\/cdnoticias.com\/index.php\/wp-json\/wp\/v2\/comments?post=119276"}],"version-history":[{"count":0,"href":"https:\/\/cdnoticias.com\/index.php\/wp-json\/wp\/v2\/posts\/119276\/revisions"}],"wp:featuredmedia":[{"embeddable":true,"href":"https:\/\/cdnoticias.com\/index.php\/wp-json\/wp\/v2\/media\/118885"}],"wp:attachment":[{"href":"https:\/\/cdnoticias.com\/index.php\/wp-json\/wp\/v2\/media?parent=119276"}],"wp:term":[{"taxonomy":"category","embeddable":true,"href":"https:\/\/cdnoticias.com\/index.php\/wp-json\/wp\/v2\/categories?post=119276"},{"taxonomy":"post_tag","embeddable":true,"href":"https:\/\/cdnoticias.com\/index.php\/wp-json\/wp\/v2\/tags?post=119276"}],"curies":[{"name":"wp","href":"https:\/\/api.w.org\/{rel}","templated":true}]}}