{"id":119274,"date":"2024-06-26T08:38:01","date_gmt":"2024-06-26T11:38:01","guid":{"rendered":"https:\/\/cdnoticias.com\/?p=119274"},"modified":"2024-06-26T10:53:00","modified_gmt":"2024-06-26T13:53:00","slug":"la-provincia-amplia-la-cobertura-de-la-tarifa-social-de-energia-electrica","status":"publish","type":"post","link":"https:\/\/cdnoticias.com\/index.php\/2024\/06\/26\/la-provincia-amplia-la-cobertura-de-la-tarifa-social-de-energia-electrica\/","title":{"rendered":"La Provincia ampl\u00eda la cobertura de la Tarifa Social de energ\u00eda el\u00e9ctrica"},"content":{"rendered":"\n<p>Alcanzar\u00e1 a 3 millones de bonaerenses de hogares con ingresos menores a los $870.000.<\/p>\n\n\n\n<hr class=\"wp-block-separator has-alpha-channel-opacity\"\/>\n\n\n\n<p>El Gobierno de la provincia de Buenos Aires ampliar\u00e1 el universo de beneficiarias y beneficiarios de la tarifa social el\u00e9ctrica para<strong> incluir a 1,3 millones de bonaerenses perjudicados por la quita de subsidios impulsada por el Gobierno Nacional. <\/strong>La decisi\u00f3n fue publicada este mi\u00e9rcoles en el Bolet\u00edn Oficial y <strong>se ejecutar\u00e1 de forma autom\u00e1tica, sin ning\u00fan tipo de inscripci\u00f3n.<\/strong><\/p>\n\n\n\n<p><\/p>\n\n\n\n<blockquote class=\"wp-block-quote is-layout-flow wp-block-quote-is-layout-flow\">\n<p>Esta medida implica que la tarifa social pasar\u00e1 a aplicarse a todos los hogares con ingresos menores a los $870.000, pertenecientes al grupo N2 del padr\u00f3n de segmentaci\u00f3n nacional. De esta forma, se incrementa la cobertura desde los 1,7 millones de beneficiarios actuales a 3 millones.<\/p>\n<\/blockquote>\n\n\n\n<p><\/p>\n\n\n\n<p>Para ello, <strong>se invertir\u00e1n $53.600 millones en concepto de tarifa social el\u00e9ctrica provincial<\/strong>, aumentando un 184% el presupuesto utilizado el a\u00f1o pasado.<\/p>\n\n\n\n<p><\/p>\n\n\n\n<p>Con el nuevo esquema<strong> se apunta tambi\u00e9n a reducir las disparidades en las tarifas finales a nivel regional<\/strong>, beneficiando a las y los bonaerenses que viven en el interior de la provincia.<\/p>\n","protected":false},"excerpt":{"rendered":"<p>Alcanzar\u00e1 a 3 millones de bonaerenses de hogares con ingresos menores a los $870.000. El Gobierno de la provincia de<\/p>\n","protected":false},"author":2,"featured_media":39703,"comment_status":"closed","ping_status":"closed","sticky":false,"template":"","format":"standard","meta":{"_jetpack_memberships_contains_paid_content":false,"footnotes":""},"categories":[6,1],"tags":[],"class_list":["post-119274","post","type-post","status-publish","format-standard","has-post-thumbnail","hentry","category-nacionales","category-portada"],"jetpack_featured_media_url":"https:\/\/i0.wp.com\/cdnoticias.com\/wp-content\/uploads\/2021\/11\/dib-electricidad.jpg?fit=696%2C462&ssl=1","jetpack_sharing_enabled":true,"_links":{"self":[{"href":"https:\/\/cdnoticias.com\/index.php\/wp-json\/wp\/v2\/posts\/119274","targetHints":{"allow":["GET"]}}],"collection":[{"href":"https:\/\/cdnoticias.com\/index.php\/wp-json\/wp\/v2\/posts"}],"about":[{"href":"https:\/\/cdnoticias.com\/index.php\/wp-json\/wp\/v2\/types\/post"}],"author":[{"embeddable":true,"href":"https:\/\/cdnoticias.com\/index.php\/wp-json\/wp\/v2\/users\/2"}],"replies":[{"embeddable":true,"href":"https:\/\/cdnoticias.com\/index.php\/wp-json\/wp\/v2\/comments?post=119274"}],"version-history":[{"count":0,"href":"https:\/\/cdnoticias.com\/index.php\/wp-json\/wp\/v2\/posts\/119274\/revisions"}],"wp:featuredmedia":[{"embeddable":true,"href":"https:\/\/cdnoticias.com\/index.php\/wp-json\/wp\/v2\/media\/39703"}],"wp:attachment":[{"href":"https:\/\/cdnoticias.com\/index.php\/wp-json\/wp\/v2\/media?parent=119274"}],"wp:term":[{"taxonomy":"category","embeddable":true,"href":"https:\/\/cdnoticias.com\/index.php\/wp-json\/wp\/v2\/categories?post=119274"},{"taxonomy":"post_tag","embeddable":true,"href":"https:\/\/cdnoticias.com\/index.php\/wp-json\/wp\/v2\/tags?post=119274"}],"curies":[{"name":"wp","href":"https:\/\/api.w.org\/{rel}","templated":true}]}}