{"id":11925,"date":"2021-01-21T11:32:53","date_gmt":"2021-01-21T14:32:53","guid":{"rendered":"http:\/\/www.centraldenoticias.com.ar\/?p=11925"},"modified":"2021-01-21T12:52:00","modified_gmt":"2021-01-21T15:52:00","slug":"covid-el-511-de-los-casos-activos-de-olavarria-tiene-menos-de-35-anos","status":"publish","type":"post","link":"https:\/\/cdnoticias.com\/index.php\/2021\/01\/21\/covid-el-511-de-los-casos-activos-de-olavarria-tiene-menos-de-35-anos\/","title":{"rendered":"COVID: el 51,1% de los casos activos de Olavarr\u00eda tiene menos de 35 a\u00f1os"},"content":{"rendered":"<p>As\u00ed lo inform\u00f3 la Secretar\u00eda de Salud del Municipio. De los 282 casos activos, poco m\u00e1s de la mitad no superan los 35 a\u00f1os.<!--more--><\/p>\n<hr \/>\n<p>Informado por la Secretar\u00eda de Salud del Municipio, <strong>poco m\u00e1s de la mitad de los pacientes activos de COVID19 tiene hasta 35 a\u00f1os<\/strong>, haciendo \u00e9nfasis en la peligrosidad de contagio a adultos mayores y sus medidas de prevenci\u00f3n.<\/p>\n<p>&nbsp;<\/p>\n<p>De acuerdo al reporte epidemiol\u00f3gico diario emitido por la Secretar\u00eda de Salud del Municipio<strong>, hasta este mi\u00e9rcoles 20 de enero 282 son las personas que transitan el Covid19 en Olavarr\u00eda. De las mismas, el 90% de los casos tiene menos de 60 a\u00f1os, pero un an\u00e1lisis m\u00e1s exhaustivo de las franjas et\u00e1reas indica que son 144 personas (51.1%) las que tienen hasta 35 a\u00f1os.<\/strong><\/p>\n<p>&nbsp;<\/p>\n<blockquote><p>\u201cLa presencia de s\u00edntomas en personas m\u00e1s j\u00f3venes resulta no ser demasiado compleja, pero la contagiosidad del virus es tal que afecta de manera grave a personas mayores o con patolog\u00edas previas -con las que se tiene contacto-, que requieren internaci\u00f3n o incluso mueren\u201d informaron desde la cartera sanitaria.<\/p><\/blockquote>\n<p>&nbsp;<\/p>\n<p>Adem\u00e1s,<strong> el detalle del informe se\u00f1ala que el 11,1% tiene 21 a\u00f1os y que de 0 a 15 a\u00f1os son 10 las personas que transitan la enfermedad.<\/strong><\/p>\n<p>&nbsp;<\/p>\n<p>Desde el \u00e1rea sanitaria recordaron e insistieron que, <strong>adem\u00e1s del correcto uso de barbijo, la sanitizaci\u00f3n de manos y la distancia social de dos metros, es fundamental no compartir mate, bebidas ni utensilios.<\/strong> Ante la presencia de cualquier s\u00edntoma compatible con Covid19, se solicita que las personas se queden en sus casas evitando el contacto con otras, y se acerquen al Programa RTA para realizarse el correspondiente hisopado.<\/p>\n","protected":false},"excerpt":{"rendered":"<p>As\u00ed lo inform\u00f3 la Secretar\u00eda de Salud del Municipio. De los 282 casos activos, poco m\u00e1s de la mitad no<\/p>\n","protected":false},"author":2,"featured_media":3821,"comment_status":"closed","ping_status":"closed","sticky":false,"template":"","format":"standard","meta":{"_jetpack_memberships_contains_paid_content":false,"footnotes":""},"categories":[5,1],"tags":[],"class_list":["post-11925","post","type-post","status-publish","format-standard","has-post-thumbnail","hentry","category-informacion-general","category-portada"],"jetpack_featured_media_url":"https:\/\/i0.wp.com\/cdnoticias.com\/wp-content\/uploads\/2020\/10\/hospital-municipal.jpg?fit=4608%2C3072&ssl=1","jetpack_sharing_enabled":true,"_links":{"self":[{"href":"https:\/\/cdnoticias.com\/index.php\/wp-json\/wp\/v2\/posts\/11925","targetHints":{"allow":["GET"]}}],"collection":[{"href":"https:\/\/cdnoticias.com\/index.php\/wp-json\/wp\/v2\/posts"}],"about":[{"href":"https:\/\/cdnoticias.com\/index.php\/wp-json\/wp\/v2\/types\/post"}],"author":[{"embeddable":true,"href":"https:\/\/cdnoticias.com\/index.php\/wp-json\/wp\/v2\/users\/2"}],"replies":[{"embeddable":true,"href":"https:\/\/cdnoticias.com\/index.php\/wp-json\/wp\/v2\/comments?post=11925"}],"version-history":[{"count":0,"href":"https:\/\/cdnoticias.com\/index.php\/wp-json\/wp\/v2\/posts\/11925\/revisions"}],"wp:featuredmedia":[{"embeddable":true,"href":"https:\/\/cdnoticias.com\/index.php\/wp-json\/wp\/v2\/media\/3821"}],"wp:attachment":[{"href":"https:\/\/cdnoticias.com\/index.php\/wp-json\/wp\/v2\/media?parent=11925"}],"wp:term":[{"taxonomy":"category","embeddable":true,"href":"https:\/\/cdnoticias.com\/index.php\/wp-json\/wp\/v2\/categories?post=11925"},{"taxonomy":"post_tag","embeddable":true,"href":"https:\/\/cdnoticias.com\/index.php\/wp-json\/wp\/v2\/tags?post=11925"}],"curies":[{"name":"wp","href":"https:\/\/api.w.org\/{rel}","templated":true}]}}