{"id":119244,"date":"2024-06-25T19:33:00","date_gmt":"2024-06-25T22:33:00","guid":{"rendered":"https:\/\/cdnoticias.com\/?p=119244"},"modified":"2024-06-25T19:33:15","modified_gmt":"2024-06-25T22:33:15","slug":"el-desempleo-del-primer-trimestre-fue-de-77-trepo-2-puntos-del-que-dejo-fernandez","status":"publish","type":"post","link":"https:\/\/cdnoticias.com\/index.php\/2024\/06\/25\/el-desempleo-del-primer-trimestre-fue-de-77-trepo-2-puntos-del-que-dejo-fernandez\/","title":{"rendered":"El desempleo del primer trimestre fue de 7,7%: trep\u00f3 2 puntos del que dej\u00f3 Fern\u00e1ndez"},"content":{"rendered":"\n<p>El dato publicado por el Indec es el primero medido por completo durante el Gobierno de Javier Milei.<\/p>\n\n\n\n<hr class=\"wp-block-separator aligncenter has-alpha-channel-opacity\"\/>\n\n\n\n<p>El Instituto Nacional de Estad\u00edstica y Censos (Indec) inform\u00f3 este lunes que<strong> en el primer trimestre de 2024 la desocupaci\u00f3n alcanz\u00f3 al 7,7% de la poblaci\u00f3n<\/strong>, lo que marc\u00f3 <strong>dos puntos porcentuales por arriba con respecto al trimestre anterior<\/strong>, durante la gesti\u00f3n de Alberto Fern\u00e1ndez.<\/p>\n\n\n\n<p><\/p>\n\n\n\n<p>El \u00edndice, que se registr\u00f3 para los meses de enero, febrero y marzo, es el primero medido por completo durante el Gobierno de Javier Milei, y muestra un ascenso de 0,8 puntos porcentuales si se compara con el 6,9% registrado en el primer trimestre de 2023.<\/p>\n\n\n\n<p><\/p>\n\n\n\n<blockquote class=\"wp-block-quote is-layout-flow wp-block-quote-is-layout-flow\">\n<p>Los datos, que marcan en parte el impacto de la recesi\u00f3n, reflejan que alrededor de 1,7 millones de personas de la poblaci\u00f3n activa est\u00e1n desocupadas, lo que implicar\u00eda unas 525.000 m\u00e1s solo en el primer trimestre del a\u00f1o.<\/p>\n<\/blockquote>\n\n\n\n<p><\/p>\n\n\n\n<p>Es <strong>el nivel de desempleo m\u00e1s alto desde el segundo trimestre de 2021 <\/strong>cuando la econom\u00eda a\u00fan sal\u00eda de los efectos de la cuarentena estricta y las restricciones a la actividad econ\u00f3mica.<\/p>\n\n\n\n<p><\/p>\n\n\n\n<p>El \u00faltimo trimestre del a\u00f1o pasado, la tasa de desocupaci\u00f3n en la Argentina hab\u00eda alcanzado el 5,7% y hab\u00eda mantenido el nivel alcanzado en el tercer trimestre (cuando se registr\u00f3 id\u00e9ntica cifra).<\/p>\n\n\n\n<p><\/p>\n\n\n\n<p>Durante el per\u00edodo enero-marzo de este a\u00f1o, <strong>las regiones que mostraron las mayores tasas de desempleo fueron el Gran Buenos Aires (9%) y la regi\u00f3n Pampeana (6,8%)<\/strong>. En tanto, la regi\u00f3n con menor tasa de desempleo fue Cuyo (4,5%).<\/p>\n\n\n\n<p><\/p>\n\n\n\n<blockquote class=\"wp-block-quote is-layout-flow wp-block-quote-is-layout-flow\">\n<p>Mientras que la tasa de desocupaci\u00f3n fue superior en mujeres (8,4%) que en varones (7%), siete de cada diez personas desempleadas cuentan con secundario completo y el 28,3% lleva m\u00e1s de un a\u00f1o buscando empleo.<\/p>\n<\/blockquote>\n\n\n\n<p><\/p>\n\n\n\n<p>Dentro de la poblaci\u00f3n ocupada (44,3%) se destac\u00f3 que <strong>el 74,7% son asalariados,<\/strong> pero de ellos el <strong>35,7% no cuenta con descuento jubilatorio<\/strong>. Por otra parte, el 21,9% es cuentapropista, el 3,2% son patrones y el 0,3% son trabajadores familiares sin remuneraci\u00f3n.<\/p>\n\n\n\n<p><\/p>\n\n\n\n<p>Entre los asalariados ocupados, <strong>el 4,3% utiliz\u00f3 sus propias maquinarias\/equipos para realizar su trabajo<\/strong>. Al mismo tiempo, del total de ocupados, el <strong>7,6% trabaj\u00f3 desde la vivienda<\/strong>. Este dato, que podr\u00edamos emparentar con el <strong>home office<\/strong>, viene cayendo trimestre a trimestre desde la pospandemia, se\u00f1al que la vuelta a la presencialidad es cada vez m\u00e1s firme.<\/p>\n\n\n\n<p><\/p>\n\n\n\n<p><em>Fuente: DIB<\/em><\/p>\n","protected":false},"excerpt":{"rendered":"<p>El dato publicado por el Indec es el primero medido por completo durante el Gobierno de Javier Milei. El Instituto<\/p>\n","protected":false},"author":6,"featured_media":116801,"comment_status":"closed","ping_status":"closed","sticky":false,"template":"","format":"standard","meta":{"_jetpack_memberships_contains_paid_content":false,"footnotes":""},"categories":[6,1],"tags":[],"class_list":["post-119244","post","type-post","status-publish","format-standard","has-post-thumbnail","hentry","category-nacionales","category-portada"],"jetpack_featured_media_url":"https:\/\/i0.wp.com\/cdnoticias.com\/wp-content\/uploads\/2024\/05\/desempleo.jpg?fit=800%2C445&ssl=1","jetpack_sharing_enabled":true,"_links":{"self":[{"href":"https:\/\/cdnoticias.com\/index.php\/wp-json\/wp\/v2\/posts\/119244","targetHints":{"allow":["GET"]}}],"collection":[{"href":"https:\/\/cdnoticias.com\/index.php\/wp-json\/wp\/v2\/posts"}],"about":[{"href":"https:\/\/cdnoticias.com\/index.php\/wp-json\/wp\/v2\/types\/post"}],"author":[{"embeddable":true,"href":"https:\/\/cdnoticias.com\/index.php\/wp-json\/wp\/v2\/users\/6"}],"replies":[{"embeddable":true,"href":"https:\/\/cdnoticias.com\/index.php\/wp-json\/wp\/v2\/comments?post=119244"}],"version-history":[{"count":0,"href":"https:\/\/cdnoticias.com\/index.php\/wp-json\/wp\/v2\/posts\/119244\/revisions"}],"wp:featuredmedia":[{"embeddable":true,"href":"https:\/\/cdnoticias.com\/index.php\/wp-json\/wp\/v2\/media\/116801"}],"wp:attachment":[{"href":"https:\/\/cdnoticias.com\/index.php\/wp-json\/wp\/v2\/media?parent=119244"}],"wp:term":[{"taxonomy":"category","embeddable":true,"href":"https:\/\/cdnoticias.com\/index.php\/wp-json\/wp\/v2\/categories?post=119244"},{"taxonomy":"post_tag","embeddable":true,"href":"https:\/\/cdnoticias.com\/index.php\/wp-json\/wp\/v2\/tags?post=119244"}],"curies":[{"name":"wp","href":"https:\/\/api.w.org\/{rel}","templated":true}]}}