{"id":119197,"date":"2024-06-25T10:36:55","date_gmt":"2024-06-25T13:36:55","guid":{"rendered":"https:\/\/cdnoticias.com\/?p=119197"},"modified":"2024-06-25T13:09:02","modified_gmt":"2024-06-25T16:09:02","slug":"este-martes-se-realiza-una-nueva-edicion-de-mercados-bonaerenses-en-olavarria","status":"publish","type":"post","link":"https:\/\/cdnoticias.com\/index.php\/2024\/06\/25\/este-martes-se-realiza-una-nueva-edicion-de-mercados-bonaerenses-en-olavarria\/","title":{"rendered":"Este martes se realiza una nueva edici\u00f3n de Mercados Bonaerenses en Olavarr\u00eda"},"content":{"rendered":"\n<p>Productores locales y camiones del Ministerio de Desarrollo Agrario estar\u00e1n hasta las 16:00 en el Campus Universitario.<\/p>\n\n\n\n<hr class=\"wp-block-separator has-alpha-channel-opacity\"\/>\n\n\n\n<p>Este <strong>martes 25 de junio<\/strong> se lleva a cabo una nueva edici\u00f3n del programa \u201cMercados Bonaerenses\u201d <strong>hasta las 16:00 en el Campus Universitario<\/strong> (avenida Del Valle 5737).<\/p>\n\n\n\n<p><\/p>\n\n\n\n<p>En esta ocasi\u00f3n la feria<strong> cuenta con la participaci\u00f3n de productores locales<\/strong>, entre los cuales se encuentran elaboraciones tales como<strong> panificados dulces y salados, bebidas, plantas y plantines, miel y verduras, entre otros.<\/strong><\/p>\n\n\n\n<figure class=\"wp-block-image size-full\"><img data-recalc-dims=\"1\" loading=\"lazy\" decoding=\"async\" width=\"800\" height=\"445\" src=\"https:\/\/i0.wp.com\/cdnoticias.com\/wp-content\/uploads\/2024\/06\/mercados-bonaerenses-01.jpg?resize=800%2C445&#038;ssl=1\" alt=\"\" class=\"wp-image-119198\" srcset=\"https:\/\/i0.wp.com\/cdnoticias.com\/wp-content\/uploads\/2024\/06\/mercados-bonaerenses-01.jpg?w=800&amp;ssl=1 800w, https:\/\/i0.wp.com\/cdnoticias.com\/wp-content\/uploads\/2024\/06\/mercados-bonaerenses-01.jpg?resize=300%2C167&amp;ssl=1 300w, https:\/\/i0.wp.com\/cdnoticias.com\/wp-content\/uploads\/2024\/06\/mercados-bonaerenses-01.jpg?resize=768%2C427&amp;ssl=1 768w\" sizes=\"auto, (max-width: 800px) 100vw, 800px\" \/><\/figure>\n\n\n\n<p><\/p>\n\n\n\n<figure class=\"wp-block-image size-full\"><img data-recalc-dims=\"1\" loading=\"lazy\" decoding=\"async\" width=\"800\" height=\"450\" src=\"https:\/\/i0.wp.com\/cdnoticias.com\/wp-content\/uploads\/2024\/06\/mercados-bonaerenses-06.jpg?resize=800%2C450&#038;ssl=1\" alt=\"\" class=\"wp-image-119203\" srcset=\"https:\/\/i0.wp.com\/cdnoticias.com\/wp-content\/uploads\/2024\/06\/mercados-bonaerenses-06.jpg?w=800&amp;ssl=1 800w, https:\/\/i0.wp.com\/cdnoticias.com\/wp-content\/uploads\/2024\/06\/mercados-bonaerenses-06.jpg?resize=300%2C169&amp;ssl=1 300w, https:\/\/i0.wp.com\/cdnoticias.com\/wp-content\/uploads\/2024\/06\/mercados-bonaerenses-06.jpg?resize=768%2C432&amp;ssl=1 768w\" sizes=\"auto, (max-width: 800px) 100vw, 800px\" \/><\/figure>\n\n\n\n<p><\/p>\n\n\n\n<p>Adem\u00e1s, participan de la feria <strong>dos camiones del Ministerio de Desarrollo Agrario bonaerense,<\/strong> que disponen <strong>productos l\u00e1cteos, pastas y pescados. <\/strong>Se destaca que estos \u00faltimos dos rubros cuentan con un 40% de descuento con Cuenta DNI (tope de reintegro $3000).<\/p>\n\n\n\n<p><\/p>\n\n\n\n<p>El <strong>Programa \u201cMercados Bonaerenses\u201d<\/strong> es impulsado desde el Ministerio de Desarrollo Agrario de la Provincia de Buenos Aires, con el objetivo de promocionar la producci\u00f3n y el consumo de Alimentos Bonaerenses, acercando a productores, productoras, consumidores y consumidoras a trav\u00e9s de una red de ferias y mercados en toda la Provincia.<\/p>\n\n\n\n<p><\/p>\n\n\n\n<figure class=\"wp-block-image size-full\"><img data-recalc-dims=\"1\" loading=\"lazy\" decoding=\"async\" width=\"800\" height=\"445\" src=\"https:\/\/i0.wp.com\/cdnoticias.com\/wp-content\/uploads\/2024\/06\/mercados-bonaerenses-05.jpg?resize=800%2C445&#038;ssl=1\" alt=\"\" class=\"wp-image-119202\" srcset=\"https:\/\/i0.wp.com\/cdnoticias.com\/wp-content\/uploads\/2024\/06\/mercados-bonaerenses-05.jpg?w=800&amp;ssl=1 800w, https:\/\/i0.wp.com\/cdnoticias.com\/wp-content\/uploads\/2024\/06\/mercados-bonaerenses-05.jpg?resize=300%2C167&amp;ssl=1 300w, https:\/\/i0.wp.com\/cdnoticias.com\/wp-content\/uploads\/2024\/06\/mercados-bonaerenses-05.jpg?resize=768%2C427&amp;ssl=1 768w\" sizes=\"auto, (max-width: 800px) 100vw, 800px\" \/><\/figure>\n\n\n\n<p><\/p>\n\n\n\n<figure class=\"wp-block-image size-full\"><img data-recalc-dims=\"1\" loading=\"lazy\" decoding=\"async\" width=\"800\" height=\"445\" src=\"https:\/\/i0.wp.com\/cdnoticias.com\/wp-content\/uploads\/2024\/06\/mercados-bonaerenses-04.jpg?resize=800%2C445&#038;ssl=1\" alt=\"\" class=\"wp-image-119201\" srcset=\"https:\/\/i0.wp.com\/cdnoticias.com\/wp-content\/uploads\/2024\/06\/mercados-bonaerenses-04.jpg?w=800&amp;ssl=1 800w, https:\/\/i0.wp.com\/cdnoticias.com\/wp-content\/uploads\/2024\/06\/mercados-bonaerenses-04.jpg?resize=300%2C167&amp;ssl=1 300w, https:\/\/i0.wp.com\/cdnoticias.com\/wp-content\/uploads\/2024\/06\/mercados-bonaerenses-04.jpg?resize=768%2C427&amp;ssl=1 768w\" sizes=\"auto, (max-width: 800px) 100vw, 800px\" \/><\/figure>\n\n\n\n<p><\/p>\n\n\n\n<p>A la par, tiene como meta <strong>fortalecer y asistir experiencias de producci\u00f3n, comercializaci\u00f3n y abastecimiento local <\/strong>de agroalimentos que se desarrollen en el \u00e1mbito de la provincia de Buenos Aires, fomentar la producci\u00f3n y el consumo de \u201cAlimentos Bonaerenses\u201d a trav\u00e9s de la asistencia, formalizaci\u00f3n y capacitaci\u00f3n a productores, comercializadores y municipios, para crear, ampliar y fortalecer mercados y ferias de alimentos fijas o itinerantes.<\/p>\n\n\n\n<p><\/p>\n\n\n\n<p>Por \u00faltimo, se solicit\u00f3 a la comunidad<strong> llevar bolsa.<\/strong><\/p>\n","protected":false},"excerpt":{"rendered":"<p>Productores locales y camiones del Ministerio de Desarrollo Agrario estar\u00e1n hasta las 16:00 en el Campus Universitario. Este martes 25<\/p>\n","protected":false},"author":2,"featured_media":119200,"comment_status":"closed","ping_status":"closed","sticky":false,"template":"","format":"standard","meta":{"_jetpack_memberships_contains_paid_content":false,"footnotes":""},"categories":[5,1],"tags":[],"class_list":["post-119197","post","type-post","status-publish","format-standard","has-post-thumbnail","hentry","category-informacion-general","category-portada"],"jetpack_featured_media_url":"https:\/\/i0.wp.com\/cdnoticias.com\/wp-content\/uploads\/2024\/06\/mercados-bonaerenses-03.jpg?fit=800%2C445&ssl=1","jetpack_sharing_enabled":true,"_links":{"self":[{"href":"https:\/\/cdnoticias.com\/index.php\/wp-json\/wp\/v2\/posts\/119197","targetHints":{"allow":["GET"]}}],"collection":[{"href":"https:\/\/cdnoticias.com\/index.php\/wp-json\/wp\/v2\/posts"}],"about":[{"href":"https:\/\/cdnoticias.com\/index.php\/wp-json\/wp\/v2\/types\/post"}],"author":[{"embeddable":true,"href":"https:\/\/cdnoticias.com\/index.php\/wp-json\/wp\/v2\/users\/2"}],"replies":[{"embeddable":true,"href":"https:\/\/cdnoticias.com\/index.php\/wp-json\/wp\/v2\/comments?post=119197"}],"version-history":[{"count":0,"href":"https:\/\/cdnoticias.com\/index.php\/wp-json\/wp\/v2\/posts\/119197\/revisions"}],"wp:featuredmedia":[{"embeddable":true,"href":"https:\/\/cdnoticias.com\/index.php\/wp-json\/wp\/v2\/media\/119200"}],"wp:attachment":[{"href":"https:\/\/cdnoticias.com\/index.php\/wp-json\/wp\/v2\/media?parent=119197"}],"wp:term":[{"taxonomy":"category","embeddable":true,"href":"https:\/\/cdnoticias.com\/index.php\/wp-json\/wp\/v2\/categories?post=119197"},{"taxonomy":"post_tag","embeddable":true,"href":"https:\/\/cdnoticias.com\/index.php\/wp-json\/wp\/v2\/tags?post=119197"}],"curies":[{"name":"wp","href":"https:\/\/api.w.org\/{rel}","templated":true}]}}