{"id":119162,"date":"2024-06-24T18:10:34","date_gmt":"2024-06-24T21:10:34","guid":{"rendered":"https:\/\/cdnoticias.com\/?p=119162"},"modified":"2024-06-24T18:10:36","modified_gmt":"2024-06-24T21:10:36","slug":"feriados-de-junio-los-turistas-gastaron-un-4-menos-en-relacion-a-2023","status":"publish","type":"post","link":"https:\/\/cdnoticias.com\/index.php\/2024\/06\/24\/feriados-de-junio-los-turistas-gastaron-un-4-menos-en-relacion-a-2023\/","title":{"rendered":"Feriados de junio: los turistas gastaron un 4% menos en relaci\u00f3n a 2023"},"content":{"rendered":"\n<p>Los datos se desprenden de un informe de CAME. Adem\u00e1s, la cantidad de personas que viaj\u00f3 fue mayor.<\/p>\n\n\n\n<hr class=\"wp-block-separator aligncenter has-alpha-channel-opacity\"\/>\n\n\n\n<p>La Confederaci\u00f3n Argentina de la Mediana Empresa (CAME) inform\u00f3 que <strong>el gasto de los turistas cay\u00f3 un 4% en pesos sumando los \u00faltimos dos fines de semanas largos de este a\u00f1o<\/strong> en relaci\u00f3n a igual fecha de 2023.<\/p>\n\n\n\n<p><\/p>\n\n\n\n<p>La organizaci\u00f3n empresarial emiti\u00f3 un informe sobre la <strong>actividad tur\u00edstica durante los fines de semanas largos <\/strong>por el Paso a la Inmortalidad de G\u00fcemes (que fue del 14 al 17 de junio) y por el D\u00eda de la Bandera (del 20 al 23). A diferencia de lo sucedido en 2023, este a\u00f1o los dos feriados de junio se festejaron en fines de semana separados.<\/p>\n\n\n\n<p><\/p>\n\n\n\n<p>\u201cAl sumar las dos fechas, los turistas tuvieron siete d\u00edas para viajar, cuando en junio de 2023 fueron solo cuatro. <strong>Como resultado, esta vez se moviliz\u00f3 un 15,3% m\u00e1s de personas que en 2023. <\/strong>Unos 800 mil viajaron por la Inmortalidad de G\u00fcemes, del 14 al 17 de junio, y 1,8 millones lo hicieron este fin de semana por el D\u00eda de la Bandera\u201d, indic\u00f3 CAME. Asimismo, destac\u00f3 que \u201c<strong>en materia de gasto, igualmente este a\u00f1o fue m\u00e1s austero<\/strong>\u201d para los turistas.<\/p>\n\n\n\n<p><\/p>\n\n\n\n<blockquote class=\"wp-block-quote is-layout-flow wp-block-quote-is-layout-flow\">\n<p>\u201cIncluso sumando las dos fechas, gastaron en total $ 384.869 millones (US$ 418 millones), 4% menos en pesos, a precios reales, que lo que se gast\u00f3 en solo cuatro d\u00edas del 2023\u201d, se\u00f1al\u00f3 la Confederaci\u00f3n: \u201cUna diferencia la aport\u00f3 el turista internacional, que este a\u00f1o tuvo muy poca presencia, y redujo el gasto per c\u00e1pita\u201d agreg\u00f3.<\/p>\n<\/blockquote>\n\n\n\n<p><\/p>\n\n\n\n<p>La CAME tambi\u00e9n indic\u00f3 que \u201c<em>los turistas de este fin de semana tuvieron una estad\u00eda promedio de 3 noches y gastaron $56.500 diarios cada uno, por encima del desembolso realizado el fin de semana pasado, donde ante la baja demanda, hubo muchas m\u00e1s promociones y menos opciones recreativas donde gastar\u201d.<\/em><\/p>\n\n\n\n<p><\/p>\n\n\n\n<p class=\"has-medium-font-size\"><strong>Provincia de Buenos Aires<\/strong><\/p>\n\n\n\n<p>La organizaci\u00f3n empresarial se\u00f1al\u00f3 que, durante el \u00faltimo fin de semana largo, en los destinos tur\u00edsticos de la provincia de Buenos Aires <strong>\u201cprevalecieron los arribos espont\u00e1neos, de \u00faltima hora, que hicieron din\u00e1mico el fin de semana\u201d.<\/strong><\/p>\n\n\n\n<p><\/p>\n\n\n\n<blockquote class=\"wp-block-quote is-layout-flow wp-block-quote-is-layout-flow\">\n<p>\u201cMar del Plata recibi\u00f3 104.397 visitantes, seg\u00fan inform\u00f3 el Ente Municipal de Turismo y Cultura (Emturyc). La ocupaci\u00f3n hotelera rond\u00f3 el 70%, a pesar del clima fr\u00edo y las precipitaciones aisladas. Con ese movimiento, entre el 1 y 21 de junio arribaron 346.713 turistas a la ciudad, 1,1% menos que el mismo periodo del a\u00f1o pasado\u201d, indic\u00f3 la CAME.<\/p>\n<\/blockquote>\n\n\n\n<p><\/p>\n\n\n\n<p>En tanto, \u201clas ciudades de la Costa como Pinamar, Caril\u00f3, Villa Gesell, San Bernardo, no tuvieron tantos alquileres como en junio del 2023, pero si mucho propietario que fue a pasar unos d\u00edas y le dio ritmo a balnearios, restaurantes y cafeter\u00edas\u201d.<\/p>\n\n\n\n<p><\/p>\n\n\n\n<p>Asimismo, en otras ciudades del interior de la provincia repuntaron algunos destinos en relaci\u00f3n al fin de semana anterior. \u201cSierra de la Ventana y Tandil fueron muy concurridas, pero tambi\u00e9n otras como Chascom\u00fas, Tigre, Lobos, La Plata o San Antonio de Areco\u201d, cerr\u00f3 la Confederaci\u00f3n.<\/p>\n\n\n\n<p><\/p>\n\n\n\n<p><em>Fuente: DIB<\/em><\/p>\n","protected":false},"excerpt":{"rendered":"<p>Los datos se desprenden de un informe de CAME. Adem\u00e1s, la cantidad de personas que viaj\u00f3 fue mayor. La Confederaci\u00f3n<\/p>\n","protected":false},"author":6,"featured_media":24734,"comment_status":"closed","ping_status":"closed","sticky":false,"template":"","format":"standard","meta":{"_jetpack_memberships_contains_paid_content":false,"footnotes":""},"categories":[6,1],"tags":[],"class_list":["post-119162","post","type-post","status-publish","format-standard","has-post-thumbnail","hentry","category-nacionales","category-portada"],"jetpack_featured_media_url":"https:\/\/i0.wp.com\/cdnoticias.com\/wp-content\/uploads\/2021\/06\/mar-del-plata-vacaciones-de-invierno.jpg?fit=1170%2C600&ssl=1","jetpack_sharing_enabled":true,"_links":{"self":[{"href":"https:\/\/cdnoticias.com\/index.php\/wp-json\/wp\/v2\/posts\/119162","targetHints":{"allow":["GET"]}}],"collection":[{"href":"https:\/\/cdnoticias.com\/index.php\/wp-json\/wp\/v2\/posts"}],"about":[{"href":"https:\/\/cdnoticias.com\/index.php\/wp-json\/wp\/v2\/types\/post"}],"author":[{"embeddable":true,"href":"https:\/\/cdnoticias.com\/index.php\/wp-json\/wp\/v2\/users\/6"}],"replies":[{"embeddable":true,"href":"https:\/\/cdnoticias.com\/index.php\/wp-json\/wp\/v2\/comments?post=119162"}],"version-history":[{"count":0,"href":"https:\/\/cdnoticias.com\/index.php\/wp-json\/wp\/v2\/posts\/119162\/revisions"}],"wp:featuredmedia":[{"embeddable":true,"href":"https:\/\/cdnoticias.com\/index.php\/wp-json\/wp\/v2\/media\/24734"}],"wp:attachment":[{"href":"https:\/\/cdnoticias.com\/index.php\/wp-json\/wp\/v2\/media?parent=119162"}],"wp:term":[{"taxonomy":"category","embeddable":true,"href":"https:\/\/cdnoticias.com\/index.php\/wp-json\/wp\/v2\/categories?post=119162"},{"taxonomy":"post_tag","embeddable":true,"href":"https:\/\/cdnoticias.com\/index.php\/wp-json\/wp\/v2\/tags?post=119162"}],"curies":[{"name":"wp","href":"https:\/\/api.w.org\/{rel}","templated":true}]}}