{"id":119125,"date":"2024-06-24T13:07:19","date_gmt":"2024-06-24T16:07:19","guid":{"rendered":"https:\/\/cdnoticias.com\/?p=119125"},"modified":"2024-06-24T16:01:35","modified_gmt":"2024-06-24T19:01:35","slug":"las-empresas-de-olavarria-incluidas-en-la-suba-de-subsidios-al-transporte-que-anuncio-kicillof","status":"publish","type":"post","link":"https:\/\/cdnoticias.com\/index.php\/2024\/06\/24\/las-empresas-de-olavarria-incluidas-en-la-suba-de-subsidios-al-transporte-que-anuncio-kicillof\/","title":{"rendered":"Las empresas de Olavarr\u00eda, incluidas en la suba de subsidios al transporte que anunci\u00f3 Kicillof"},"content":{"rendered":"<p>Son 23 los municipios alcanzados por la suba de 110% de aportes para el R\u00e9gimen Transitorio de Subsidios al Sistema de Transporte P\u00fablico de Pasajeros del Interior bonaerense. Por otro lado, se anunci\u00f3 suba de 100% en prestaciones sociales para acompa\u00f1amiento alimentario.<!--more--><\/p>\n<hr \/>\n<p><a href=\"https:\/\/cdnoticias.com\/index.php\/2024\/06\/24\/transporte-en-el-interior-provincia-lanzo-un-subsidio-transitorio-para-cubrir-la-retirada-de-nacion\/\" target=\"_blank\" rel=\"noopener\">Tal como se adelant\u00f3<\/a>, <strong>este lunes el gobernador Axel Kicillof y el ministro de Transporte de la provincia de Buenos Aires, Jorge D\u00b4Onofrio<\/strong>, anunciaron en la habitual conferencia de los lunes de funcionarios bonaerenses la puesta en marcha del <strong>R\u00e9gimen Transitorio de Subsidios al Sistema de Transporte P\u00fablico de Pasajeros del Interior bonaerense.<\/strong><\/p>\n<blockquote><p>Desde la Provincia se inform\u00f3 que Olavarr\u00eda es uno de los municipios incluidos en ese r\u00e9gimen, que implicar\u00e1 un incremento promedio de 110% de los aportes que, de esta manera, llegar\u00e1n a las dos concesionarias locales, Tu Bus y Las Sierras.<\/p><\/blockquote>\n<p>Se detall\u00f3 que<strong> la medida alcanza a 23 municipios<\/strong>: San Antonio de Areco, San Andr\u00e9s de Giles, Pergamino, San Pedro, San Nicol\u00e1s, Punta Indio, Ramallo, Chivilcoy, Jun\u00edn, General Pueyrred\u00f3n, General Madariaga, Balcarce, La Costa, Necochea, Pinamar, Tandil, Villa Gesell, Bah\u00eda Blanca, Carmen de Patagones, Coronel Rosales, Tornquist, Azul y <strong>Olavarr\u00eda<\/strong>.<\/p>\n<p><img data-recalc-dims=\"1\" loading=\"lazy\" decoding=\"async\" class=\"size-full wp-image-119128 aligncenter\" src=\"https:\/\/i0.wp.com\/cdnoticias.com\/wp-content\/uploads\/2024\/06\/jorge-donofrio.jpg?resize=800%2C445&#038;ssl=1\" alt=\"\" width=\"800\" height=\"445\" srcset=\"https:\/\/i0.wp.com\/cdnoticias.com\/wp-content\/uploads\/2024\/06\/jorge-donofrio.jpg?w=800&amp;ssl=1 800w, https:\/\/i0.wp.com\/cdnoticias.com\/wp-content\/uploads\/2024\/06\/jorge-donofrio.jpg?resize=300%2C167&amp;ssl=1 300w, https:\/\/i0.wp.com\/cdnoticias.com\/wp-content\/uploads\/2024\/06\/jorge-donofrio.jpg?resize=768%2C427&amp;ssl=1 768w\" sizes=\"auto, (max-width: 800px) 100vw, 800px\" \/><\/p>\n<p>D\u00b4Onofrio inform\u00f3 que, <strong>ante la decisi\u00f3n del Gobierno nacional de dejar de transferir a las provincias el Fondo Compensador del Transporte, la Provincia elevar\u00e1 un 110% respecto del a\u00f1o anterior el presupuesto<\/strong> asignado para el R\u00e9gimen Transitorio de Subsidios al Sistema de Transporte P\u00fablico de Pasajeros del Interior bonaerense, que cubre parte del boleto a los usuarios. <strong>El incremento se realizar\u00e1 de forma retroactiva desde mayo de este a\u00f1o.<\/strong><\/p>\n<p>Los aportes llegar\u00e1n en total a<strong> 2.068 millones de pesos<\/strong>.<\/p>\n<blockquote><p>\u201cLa provincia de Buenos Aires est\u00e1 haciendo un esfuerzo extra para garantizar el acceso al transporte y el normal funcionamiento de los servicios en todo nuestro territorio\u201d, manifest\u00f3 D\u00b4Onofrio y a\u00f1adi\u00f3: \u201cEste r\u00e9gimen que se pone en marcha es transitorio mientras contin\u00faa nuestro reclamo, ya judicializado en la Corte Suprema, por la quita ilegal y arbitraria de los fondos\u201d.<\/p><\/blockquote>\n<h3>Otros anuncios<\/h3>\n<p>El <strong>ministro de Gobierno Carlos Bianco<\/strong> anunci\u00f3 que el <strong>Ministerio de Desarrollo de la Comunidad aument\u00f3 un 100% los montos de prestaciones sociales<\/strong> destinadas al <strong>acompa\u00f1amiento alimentario<\/strong>.<\/p>\n<p><img data-recalc-dims=\"1\" loading=\"lazy\" decoding=\"async\" class=\"size-full wp-image-119129 aligncenter\" src=\"https:\/\/i0.wp.com\/cdnoticias.com\/wp-content\/uploads\/2024\/06\/carlos-bianco.jpg?resize=800%2C445&#038;ssl=1\" alt=\"\" width=\"800\" height=\"445\" srcset=\"https:\/\/i0.wp.com\/cdnoticias.com\/wp-content\/uploads\/2024\/06\/carlos-bianco.jpg?w=800&amp;ssl=1 800w, https:\/\/i0.wp.com\/cdnoticias.com\/wp-content\/uploads\/2024\/06\/carlos-bianco.jpg?resize=300%2C167&amp;ssl=1 300w, https:\/\/i0.wp.com\/cdnoticias.com\/wp-content\/uploads\/2024\/06\/carlos-bianco.jpg?resize=768%2C427&amp;ssl=1 768w\" sizes=\"auto, (max-width: 800px) 100vw, 800px\" \/><\/p>\n<p>La <strong>inversi\u00f3n mensual pasar\u00e1 a ser de $1.300 millones<\/strong> y alcanzar\u00e1 al programa <strong>M\u00e1s Vida<\/strong> y a las<strong> iniciativas para personas con celiaqu\u00eda<\/strong> (PAAC) y <strong>pacientes con VIH<\/strong> (PAAI). De esta forma, <strong>en lo que va del a\u00f1o la inversi\u00f3n del Estado provincial en estos programas ya creci\u00f3 un 250%<\/strong>.<\/p>\n<blockquote><p>Adem\u00e1s, el ministro expres\u00f3 que \u201ceste martes tendr\u00e1 lugar la peri\u00f3dica reuni\u00f3n del Consejo Provincial de H\u00e1bitat con un objetivo muy particular y totalmente necesario: lanzar un proceso amplio de debate que resulte en un nuevo proyecto de ley que actualice las leyes de ordenamiento urbano territorial y las leyes de acceso justo al h\u00e1bitat\u201d.<\/p><\/blockquote>\n<p>Adem\u00e1s, el Gobernador anunci\u00f3 que <strong>continuar\u00e1n las pol\u00edticas de descuentos del Banco Provincia a trav\u00e9s de Cuenta DNI<\/strong> y que se incluir\u00e1n n<strong>uevos beneficios para apuntalar el turismo durante las vacaciones de invierno<\/strong>. <em>\u201cNosotros invertimos siempre con la misma vocaci\u00f3n: mientras el Gobierno nacional abandona y deserta, el Gobierno provincial hace un esfuerzo para sostener sus programas\u201d<\/em>, indic\u00f3.<\/p>\n<p>Por \u00faltimo, la<strong> titular del Instituto Cultural de la provincia, Florencia Saintout<\/strong>, present\u00f3 la <strong>segunda edici\u00f3n del Plan de Fortalecimiento del Libro y la Lectura<\/strong>, que incluye el <strong>apoyo a 30 Ferias del Libro autogestivas y municipales<\/strong>, y la<strong> compra de 28 mil publicaciones a editoriales bonaerenses<\/strong> para ser repartidas en 500 bibliotecas.<\/p>\n<p><img data-recalc-dims=\"1\" loading=\"lazy\" decoding=\"async\" class=\"size-full wp-image-119130 aligncenter\" src=\"https:\/\/i0.wp.com\/cdnoticias.com\/wp-content\/uploads\/2024\/06\/florencia-saintout.jpg?resize=800%2C445&#038;ssl=1\" alt=\"\" width=\"800\" height=\"445\" srcset=\"https:\/\/i0.wp.com\/cdnoticias.com\/wp-content\/uploads\/2024\/06\/florencia-saintout.jpg?w=800&amp;ssl=1 800w, https:\/\/i0.wp.com\/cdnoticias.com\/wp-content\/uploads\/2024\/06\/florencia-saintout.jpg?resize=300%2C167&amp;ssl=1 300w, https:\/\/i0.wp.com\/cdnoticias.com\/wp-content\/uploads\/2024\/06\/florencia-saintout.jpg?resize=768%2C427&amp;ssl=1 768w\" sizes=\"auto, (max-width: 800px) 100vw, 800px\" \/><\/p>\n<blockquote><p>\u201cLas medidas econ\u00f3micas que lleva adelante el Gobierno nacional impactan no solo en la promoci\u00f3n de la cultura, sino tambi\u00e9n en miles de trabajadores de editoriales, librer\u00edas y ferias\u201d, se\u00f1al\u00f3 Saintout y detall\u00f3: \u201cFrente a esto, en la provincia profundizamos el acompa\u00f1amiento a este sector, porque entendemos que los libros y la lectura son un derecho y un eje de nuestra identidad\u201d.<\/p><\/blockquote>\n<p>Adem\u00e1s, en los pr\u00f3ximos meses se realizar\u00e1 el <strong>Tercer Encuentro Provincial de Bibliotecas Populares<\/strong>; el <strong>Segundo Festival Bonaerenses de Poes\u00eda<\/strong>; y el <strong>Concurso de Poes\u00eda N\u00e9stor Perlongher<\/strong>. A ello se suman los programas Cultura en el Hogar, que prev\u00e9 la continuidad de la distribuci\u00f3n de bibliotecas para las viviendas que entrega la provincia; y la convocatoria a la Escuela de Libreros, Editores y Organizadores de Ferias, que ya tiene 2.800 inscriptos en diferentes cursos de capacitaci\u00f3n.<\/p>\n<p>Estuvieron presentes la jefa de Asesores del Gobernador, Cristina \u00c1lvarez Rodr\u00edguez, y el asesor general de Gobierno, Santiago P\u00e9rez Teruel.<\/p>\n<h3>La inversi\u00f3n de YPF en Bah\u00eda Blanca<\/h3>\n<blockquote><p>\u201cHay muchas empresas que hab\u00edan decidido inversiones y que ahora est\u00e1n a la espera de beneficios que no pidieron ni necesitaban: las preguntas que debemos hacernos con el R\u00e9gimen de Incentivo para Grandes Inversiones (RIGI) es por qu\u00e9 y para beneficio de qui\u00e9n lo hacen\u201d, afirm\u00f3 el gobernador Axel Kicillof durante una conferencia de prensa celebrada este lunes en el Sal\u00f3n Dorado de la Casa de Gobierno.<\/p><\/blockquote>\n<p><img data-recalc-dims=\"1\" loading=\"lazy\" decoding=\"async\" class=\"size-full wp-image-119127 aligncenter\" src=\"https:\/\/i0.wp.com\/cdnoticias.com\/wp-content\/uploads\/2024\/06\/axel-kicillof-01.jpg?resize=800%2C445&#038;ssl=1\" alt=\"\" width=\"800\" height=\"445\" srcset=\"https:\/\/i0.wp.com\/cdnoticias.com\/wp-content\/uploads\/2024\/06\/axel-kicillof-01.jpg?w=800&amp;ssl=1 800w, https:\/\/i0.wp.com\/cdnoticias.com\/wp-content\/uploads\/2024\/06\/axel-kicillof-01.jpg?resize=300%2C167&amp;ssl=1 300w, https:\/\/i0.wp.com\/cdnoticias.com\/wp-content\/uploads\/2024\/06\/axel-kicillof-01.jpg?resize=768%2C427&amp;ssl=1 768w\" sizes=\"auto, (max-width: 800px) 100vw, 800px\" \/><\/p>\n<p>El Gobernador explic\u00f3 que se trata de <strong>\u201cun r\u00e9gimen que puede resultarle atractivo a algunas compa\u00f1\u00edas, pero que implicar\u00eda una p\u00e9rdida importante de soberan\u00eda para el pueblo argentino\u201d<\/strong>. En ese sentido, se refiri\u00f3 al proyecto de radicaci\u00f3n de una planta de Gas Natural Licuado (GNL) en el puerto de Bah\u00eda Blanca: <strong>\u201cEl proyecto ya hab\u00eda sido aprobado sin el RIGI<\/strong>: el acuerdo entre la compa\u00f1\u00edas Petronas e YPF que se alcanz\u00f3 en 2023 es el resultado de la planificaci\u00f3n virtuosa del Estado que comenz\u00f3 con la recuperaci\u00f3n de YPF y la puesta en marcha de Vaca Muerta\u201d.<\/p>\n<p>\u201cNo se trata de un tema reciente, sino de un proyecto que lleva varios a\u00f1os: <strong>esta inversi\u00f3n es prioritaria para nuestra provincia y no puede quedar enredada en cuestiones partidarias y coyunturales\u201d<\/strong>, explic\u00f3 Kicillof.<\/p>\n<blockquote class=\"wp-embedded-content\" data-secret=\"EncLs0alnV\"><p><a href=\"https:\/\/cdnoticias.com\/index.php\/2024\/06\/24\/transporte-en-el-interior-provincia-lanzo-un-subsidio-transitorio-para-cubrir-la-retirada-de-nacion\/\">Transporte en el interior: Provincia lanz\u00f3 un subsidio transitorio para cubrir la retirada de Naci\u00f3n<\/a><\/p><\/blockquote>\n<p><iframe loading=\"lazy\" class=\"wp-embedded-content\" sandbox=\"allow-scripts\" security=\"restricted\" style=\"position: absolute; clip: rect(1px, 1px, 1px, 1px);\" title=\"&#8220;Transporte en el interior: Provincia lanz\u00f3 un subsidio transitorio para cubrir la retirada de Naci\u00f3n&#8221; &#8212; Central de Noticias | Olavarr\u00eda\" src=\"https:\/\/cdnoticias.com\/index.php\/2024\/06\/24\/transporte-en-el-interior-provincia-lanzo-un-subsidio-transitorio-para-cubrir-la-retirada-de-nacion\/embed\/#?secret=JGmCqRHocl#?secret=EncLs0alnV\" data-secret=\"EncLs0alnV\" width=\"600\" height=\"338\" frameborder=\"0\" marginwidth=\"0\" marginheight=\"0\" scrolling=\"no\"><\/iframe><\/p>\n","protected":false},"excerpt":{"rendered":"<p>Son 23 los municipios alcanzados por la suba de 110% de aportes para el R\u00e9gimen Transitorio de Subsidios al Sistema<\/p>\n","protected":false},"author":4,"featured_media":67720,"comment_status":"closed","ping_status":"closed","sticky":false,"template":"","format":"standard","meta":{"_jetpack_memberships_contains_paid_content":false,"footnotes":""},"categories":[5,1],"tags":[],"class_list":["post-119125","post","type-post","status-publish","format-standard","has-post-thumbnail","hentry","category-informacion-general","category-portada"],"jetpack_featured_media_url":"https:\/\/i0.wp.com\/cdnoticias.com\/wp-content\/uploads\/2022\/10\/colectivo-tu-bus.jpg?fit=800%2C445&ssl=1","jetpack_sharing_enabled":true,"_links":{"self":[{"href":"https:\/\/cdnoticias.com\/index.php\/wp-json\/wp\/v2\/posts\/119125","targetHints":{"allow":["GET"]}}],"collection":[{"href":"https:\/\/cdnoticias.com\/index.php\/wp-json\/wp\/v2\/posts"}],"about":[{"href":"https:\/\/cdnoticias.com\/index.php\/wp-json\/wp\/v2\/types\/post"}],"author":[{"embeddable":true,"href":"https:\/\/cdnoticias.com\/index.php\/wp-json\/wp\/v2\/users\/4"}],"replies":[{"embeddable":true,"href":"https:\/\/cdnoticias.com\/index.php\/wp-json\/wp\/v2\/comments?post=119125"}],"version-history":[{"count":0,"href":"https:\/\/cdnoticias.com\/index.php\/wp-json\/wp\/v2\/posts\/119125\/revisions"}],"wp:featuredmedia":[{"embeddable":true,"href":"https:\/\/cdnoticias.com\/index.php\/wp-json\/wp\/v2\/media\/67720"}],"wp:attachment":[{"href":"https:\/\/cdnoticias.com\/index.php\/wp-json\/wp\/v2\/media?parent=119125"}],"wp:term":[{"taxonomy":"category","embeddable":true,"href":"https:\/\/cdnoticias.com\/index.php\/wp-json\/wp\/v2\/categories?post=119125"},{"taxonomy":"post_tag","embeddable":true,"href":"https:\/\/cdnoticias.com\/index.php\/wp-json\/wp\/v2\/tags?post=119125"}],"curies":[{"name":"wp","href":"https:\/\/api.w.org\/{rel}","templated":true}]}}