{"id":119122,"date":"2024-06-24T12:15:15","date_gmt":"2024-06-24T15:15:15","guid":{"rendered":"https:\/\/cdnoticias.com\/?p=119122"},"modified":"2024-06-24T15:13:48","modified_gmt":"2024-06-24T18:13:48","slug":"confirmaron-la-desvinculacion-de-dos-trabajadores-de-pami-olavarria","status":"publish","type":"post","link":"https:\/\/cdnoticias.com\/index.php\/2024\/06\/24\/confirmaron-la-desvinculacion-de-dos-trabajadores-de-pami-olavarria\/","title":{"rendered":"Confirmaron la desvinculaci\u00f3n de dos trabajadores de PAMI Olavarr\u00eda"},"content":{"rendered":"\n<p>Fue confirmado por fuentes del organismo. Se\u00f1alaron que se trata de una decisi\u00f3n de la Direcci\u00f3n Ejecutiva nacional, con alcance a \u201ctodas las incorporaciones del \u00faltimo trimestre de 2023\u201d.<\/p>\n\n\n\n<hr class=\"wp-block-separator aligncenter has-alpha-channel-opacity\"\/>\n\n\n\n<p><strong>Este lunes desvincularon a dos trabajadores de PAMI en Olavarr\u00eda, en una decisi\u00f3n nacional a cargo de la Direcci\u00f3n Ejecutiva <\/strong>encabezada por el doctor Esteban Leguizamo.<\/p>\n\n\n\n<blockquote class=\"wp-block-quote is-layout-flow wp-block-quote-is-layout-flow\">\n<p>Se trata de dos empleados que se hab\u00edan incorporado en el \u00faltimo trimestre de 2023.<\/p>\n<\/blockquote>\n\n\n\n<p>Seg\u00fan logr\u00f3 saber Central de Noticias, <strong>este lunes lleg\u00f3 la resoluci\u00f3n que informa esta situaci\u00f3n.<\/strong><\/p>\n\n\n\n<p><em>\u201cEs una decisi\u00f3n de la Direcci\u00f3n Ejecutiva a cargo del Dr. Esteban Leguizamo y es de alcance nacional\u201d<\/em> agregaron, y aclararon que<em><strong> \u201ctodas las personas que se incorporaron en dicha fecha (\u00faltimo trimestre de 2023), fueron desvinculadas\u201d.<\/strong><\/em><\/p>\n\n\n\n<p>Cabe se\u00f1alar que meses atr\u00e1s<strong>, dos trabajadores de Anses tambi\u00e9n hab\u00edan sido desvinculados de su funciones, sumado al cierre de agencias de alcance nacional como Andis, la sede local del Ministerio de Desarrollo Social de la Naci\u00f3n, el CAJ, entre otros.<\/strong><\/p>\n","protected":false},"excerpt":{"rendered":"<p>Fue confirmado por fuentes del organismo. Se\u00f1alaron que se trata de una decisi\u00f3n de la Direcci\u00f3n Ejecutiva nacional, con alcance<\/p>\n","protected":false},"author":2,"featured_media":119138,"comment_status":"closed","ping_status":"closed","sticky":false,"template":"","format":"standard","meta":{"_jetpack_memberships_contains_paid_content":false,"footnotes":""},"categories":[5,1],"tags":[],"class_list":["post-119122","post","type-post","status-publish","format-standard","has-post-thumbnail","hentry","category-informacion-general","category-portada"],"jetpack_featured_media_url":"https:\/\/i0.wp.com\/cdnoticias.com\/wp-content\/uploads\/2024\/06\/PAMI-olavarria-01.jpg?fit=1000%2C556&ssl=1","jetpack_sharing_enabled":true,"_links":{"self":[{"href":"https:\/\/cdnoticias.com\/index.php\/wp-json\/wp\/v2\/posts\/119122","targetHints":{"allow":["GET"]}}],"collection":[{"href":"https:\/\/cdnoticias.com\/index.php\/wp-json\/wp\/v2\/posts"}],"about":[{"href":"https:\/\/cdnoticias.com\/index.php\/wp-json\/wp\/v2\/types\/post"}],"author":[{"embeddable":true,"href":"https:\/\/cdnoticias.com\/index.php\/wp-json\/wp\/v2\/users\/2"}],"replies":[{"embeddable":true,"href":"https:\/\/cdnoticias.com\/index.php\/wp-json\/wp\/v2\/comments?post=119122"}],"version-history":[{"count":0,"href":"https:\/\/cdnoticias.com\/index.php\/wp-json\/wp\/v2\/posts\/119122\/revisions"}],"wp:featuredmedia":[{"embeddable":true,"href":"https:\/\/cdnoticias.com\/index.php\/wp-json\/wp\/v2\/media\/119138"}],"wp:attachment":[{"href":"https:\/\/cdnoticias.com\/index.php\/wp-json\/wp\/v2\/media?parent=119122"}],"wp:term":[{"taxonomy":"category","embeddable":true,"href":"https:\/\/cdnoticias.com\/index.php\/wp-json\/wp\/v2\/categories?post=119122"},{"taxonomy":"post_tag","embeddable":true,"href":"https:\/\/cdnoticias.com\/index.php\/wp-json\/wp\/v2\/tags?post=119122"}],"curies":[{"name":"wp","href":"https:\/\/api.w.org\/{rel}","templated":true}]}}