{"id":119114,"date":"2024-06-24T11:18:41","date_gmt":"2024-06-24T14:18:41","guid":{"rendered":"https:\/\/cdnoticias.com\/?p=119114"},"modified":"2024-06-24T13:07:39","modified_gmt":"2024-06-24T16:07:39","slug":"comenzo-la-obra-de-remodelacion-de-banos-publicos-en-parque-eseverri","status":"publish","type":"post","link":"https:\/\/cdnoticias.com\/index.php\/2024\/06\/24\/comenzo-la-obra-de-remodelacion-de-banos-publicos-en-parque-eseverri\/","title":{"rendered":"Comenz\u00f3 la obra de remodelaci\u00f3n de ba\u00f1os p\u00fablicos en Parque Eseverri"},"content":{"rendered":"\n<p>El sector se encontraba \u201cen muy malas condiciones\u201d a causa del vandalismo y el paso del tiempo. Detallaron los trabajos que se realizan entre cambio de membranas, puertas y otros elementos.<\/p>\n\n\n\n<hr class=\"wp-block-separator aligncenter has-alpha-channel-opacity\"\/>\n\n\n\n<p>El Municipio contin\u00faa con trabajos de infraestructura en parques y espacios p\u00fablicos de la ciudad y las localidades del Partido. En este caso, <strong>desde la Secretar\u00eda de Obras, Infraestructura y Servicios P\u00fablicos dieron cuenta de la obra de remodelaci\u00f3n de los ba\u00f1os p\u00fablicos en el Parque Helios Eseverri.<\/strong><\/p>\n\n\n\n<p>El inspector del \u00e1rea, ingeniero Jorge Ibarluc\u00eda, detall\u00f3 c\u00f3mo ser\u00e1n los trabajos en <strong>un edificio que se encuentra \u201cen muy malas condiciones\u201d. De hecho, se\u00f1al\u00f3 que esto se produjo a causa del vandalismo y el paso del tiempo.<\/strong><\/p>\n\n\n\n<figure class=\"wp-block-image size-large\"><img data-recalc-dims=\"1\" loading=\"lazy\" decoding=\"async\" width=\"800\" height=\"534\" src=\"https:\/\/i0.wp.com\/cdnoticias.com\/wp-content\/uploads\/2024\/06\/Obras-banos-parque-Eseverri-2-scaled-1.jpg?resize=800%2C534&#038;ssl=1\" alt=\"\" class=\"wp-image-119116\" srcset=\"https:\/\/i0.wp.com\/cdnoticias.com\/wp-content\/uploads\/2024\/06\/Obras-banos-parque-Eseverri-2-scaled-1.jpg?resize=1024%2C683&amp;ssl=1 1024w, https:\/\/i0.wp.com\/cdnoticias.com\/wp-content\/uploads\/2024\/06\/Obras-banos-parque-Eseverri-2-scaled-1.jpg?resize=300%2C200&amp;ssl=1 300w, https:\/\/i0.wp.com\/cdnoticias.com\/wp-content\/uploads\/2024\/06\/Obras-banos-parque-Eseverri-2-scaled-1.jpg?resize=768%2C512&amp;ssl=1 768w, https:\/\/i0.wp.com\/cdnoticias.com\/wp-content\/uploads\/2024\/06\/Obras-banos-parque-Eseverri-2-scaled-1.jpg?resize=1536%2C1024&amp;ssl=1 1536w, https:\/\/i0.wp.com\/cdnoticias.com\/wp-content\/uploads\/2024\/06\/Obras-banos-parque-Eseverri-2-scaled-1.jpg?resize=2048%2C1366&amp;ssl=1 2048w, https:\/\/i0.wp.com\/cdnoticias.com\/wp-content\/uploads\/2024\/06\/Obras-banos-parque-Eseverri-2-scaled-1.jpg?resize=272%2C182&amp;ssl=1 272w, https:\/\/i0.wp.com\/cdnoticias.com\/wp-content\/uploads\/2024\/06\/Obras-banos-parque-Eseverri-2-scaled-1.jpg?w=1600&amp;ssl=1 1600w, https:\/\/i0.wp.com\/cdnoticias.com\/wp-content\/uploads\/2024\/06\/Obras-banos-parque-Eseverri-2-scaled-1.jpg?w=2400&amp;ssl=1 2400w\" sizes=\"auto, (max-width: 800px) 100vw, 800px\" \/><\/figure>\n\n\n\n<p><strong>Actualmente, hay varios sectores clausurados, falta de artefactos sanitarios y grifer\u00edas, cerramientos met\u00e1licos con piezas oxidadas o descalzados de las gu\u00edas, las puertas de madera rotas o ca\u00eddas<\/strong>, entre otras situaciones que hacen que la obra sea necesaria. <strong>Adem\u00e1s, ese sector sufri\u00f3 importantes consecuencias por los temporales y es uno de los espacios verdes m\u00e1s utilizado por las familias.<\/strong><\/p>\n\n\n\n<p>Los trabajos que se encuentran realizando son <strong>la limpieza de cubiertas y desobstrucci\u00f3n de las bajadas pluviales, el retiro de la membrana asf\u00e1ltica existente (en mal estado). Una vez realizados los trabajos de limpieza, se realiza la impermeabilizaci\u00f3n de la totalidad de la cubierta mediante la colocaci\u00f3n de membrana asf\u00e1ltica.<\/strong><\/p>\n\n\n\n<p>Las rejas met\u00e1licas que conforman los cerramientos de seguridad ser\u00e1n reparadas y readaptadas, al tiempo que<strong> todas las piezas oxidadas, defectuosas o faltantes ser\u00e1n reemplazadas; as\u00ed como tambi\u00e9n las gu\u00edas inferiores y superiores para el correcto desplazamiento de las rejas.<\/strong><\/p>\n\n\n\n<figure class=\"wp-block-image size-large\"><img data-recalc-dims=\"1\" loading=\"lazy\" decoding=\"async\" width=\"800\" height=\"534\" src=\"https:\/\/i0.wp.com\/cdnoticias.com\/wp-content\/uploads\/2024\/06\/Obras-banos-parque-Eseverri-1-scaled-1.jpg?resize=800%2C534&#038;ssl=1\" alt=\"\" class=\"wp-image-119115\" srcset=\"https:\/\/i0.wp.com\/cdnoticias.com\/wp-content\/uploads\/2024\/06\/Obras-banos-parque-Eseverri-1-scaled-1.jpg?resize=1024%2C683&amp;ssl=1 1024w, https:\/\/i0.wp.com\/cdnoticias.com\/wp-content\/uploads\/2024\/06\/Obras-banos-parque-Eseverri-1-scaled-1.jpg?resize=300%2C200&amp;ssl=1 300w, https:\/\/i0.wp.com\/cdnoticias.com\/wp-content\/uploads\/2024\/06\/Obras-banos-parque-Eseverri-1-scaled-1.jpg?resize=768%2C512&amp;ssl=1 768w, https:\/\/i0.wp.com\/cdnoticias.com\/wp-content\/uploads\/2024\/06\/Obras-banos-parque-Eseverri-1-scaled-1.jpg?resize=1536%2C1024&amp;ssl=1 1536w, https:\/\/i0.wp.com\/cdnoticias.com\/wp-content\/uploads\/2024\/06\/Obras-banos-parque-Eseverri-1-scaled-1.jpg?resize=2048%2C1366&amp;ssl=1 2048w, https:\/\/i0.wp.com\/cdnoticias.com\/wp-content\/uploads\/2024\/06\/Obras-banos-parque-Eseverri-1-scaled-1.jpg?resize=272%2C182&amp;ssl=1 272w, https:\/\/i0.wp.com\/cdnoticias.com\/wp-content\/uploads\/2024\/06\/Obras-banos-parque-Eseverri-1-scaled-1.jpg?w=1600&amp;ssl=1 1600w, https:\/\/i0.wp.com\/cdnoticias.com\/wp-content\/uploads\/2024\/06\/Obras-banos-parque-Eseverri-1-scaled-1.jpg?w=2400&amp;ssl=1 2400w\" sizes=\"auto, (max-width: 800px) 100vw, 800px\" \/><\/figure>\n\n\n\n<p>Se prev\u00e9 tambi\u00e9n<strong> la confecci\u00f3n y colocaci\u00f3n de rejas fijas en la parte superior (entre losa y mamposter\u00eda), con terminaciones mediante tratamiento de anti\u00f3xido y esmalte sint\u00e9tico. <\/strong>Los trabajos de pintura incluyen tanto las estructuras nuevas como las existentes<strong>. Se arreglar\u00e1n las puertas de madera existentes, se reemplazar\u00e1n tableros y piezas rotas, se amurar\u00e1n y pintar\u00e1n. Los sistemas de cerramiento son revisados y ser\u00e1n arreglados de ser necesario.<\/strong><\/p>\n\n\n\n<p>Los trabajos contemplan adem\u00e1s<strong> la reparaci\u00f3n de los desag\u00fces de las dos piletas existentes que presentan p\u00e9rdidas, con reemplazo de las piezas defectuosas. Tambi\u00e9n se reemplazar\u00e1n los sanitarios faltantes, con colocaci\u00f3n de tapa antivand\u00e1lica para v\u00e1lvula de descarga.<\/strong><\/p>\n","protected":false},"excerpt":{"rendered":"<p>El sector se encontraba \u201cen muy malas condiciones\u201d a causa del vandalismo y el paso del tiempo. Detallaron los trabajos<\/p>\n","protected":false},"author":2,"featured_media":119117,"comment_status":"closed","ping_status":"closed","sticky":false,"template":"","format":"standard","meta":{"_jetpack_memberships_contains_paid_content":false,"footnotes":""},"categories":[5,1],"tags":[],"class_list":["post-119114","post","type-post","status-publish","format-standard","has-post-thumbnail","hentry","category-informacion-general","category-portada"],"jetpack_featured_media_url":"https:\/\/i0.wp.com\/cdnoticias.com\/wp-content\/uploads\/2024\/06\/Obras-banos-parque-Eseverri-3-scaled-1.jpg?fit=2560%2C1707&ssl=1","jetpack_sharing_enabled":true,"_links":{"self":[{"href":"https:\/\/cdnoticias.com\/index.php\/wp-json\/wp\/v2\/posts\/119114","targetHints":{"allow":["GET"]}}],"collection":[{"href":"https:\/\/cdnoticias.com\/index.php\/wp-json\/wp\/v2\/posts"}],"about":[{"href":"https:\/\/cdnoticias.com\/index.php\/wp-json\/wp\/v2\/types\/post"}],"author":[{"embeddable":true,"href":"https:\/\/cdnoticias.com\/index.php\/wp-json\/wp\/v2\/users\/2"}],"replies":[{"embeddable":true,"href":"https:\/\/cdnoticias.com\/index.php\/wp-json\/wp\/v2\/comments?post=119114"}],"version-history":[{"count":0,"href":"https:\/\/cdnoticias.com\/index.php\/wp-json\/wp\/v2\/posts\/119114\/revisions"}],"wp:featuredmedia":[{"embeddable":true,"href":"https:\/\/cdnoticias.com\/index.php\/wp-json\/wp\/v2\/media\/119117"}],"wp:attachment":[{"href":"https:\/\/cdnoticias.com\/index.php\/wp-json\/wp\/v2\/media?parent=119114"}],"wp:term":[{"taxonomy":"category","embeddable":true,"href":"https:\/\/cdnoticias.com\/index.php\/wp-json\/wp\/v2\/categories?post=119114"},{"taxonomy":"post_tag","embeddable":true,"href":"https:\/\/cdnoticias.com\/index.php\/wp-json\/wp\/v2\/tags?post=119114"}],"curies":[{"name":"wp","href":"https:\/\/api.w.org\/{rel}","templated":true}]}}