{"id":119110,"date":"2024-06-24T10:46:27","date_gmt":"2024-06-24T13:46:27","guid":{"rendered":"https:\/\/cdnoticias.com\/?p=119110"},"modified":"2024-06-24T13:02:30","modified_gmt":"2024-06-24T16:02:30","slug":"transporte-en-el-interior-provincia-lanzo-un-subsidio-transitorio-para-cubrir-la-retirada-de-nacion","status":"publish","type":"post","link":"https:\/\/cdnoticias.com\/index.php\/2024\/06\/24\/transporte-en-el-interior-provincia-lanzo-un-subsidio-transitorio-para-cubrir-la-retirada-de-nacion\/","title":{"rendered":"Transporte en el interior: Provincia lanz\u00f3 un subsidio transitorio para cubrir la retirada de Naci\u00f3n"},"content":{"rendered":"<p>Lo anunci\u00f3 este lunes el gobernador Axel Kicillof. El nuevo monto asignado es de 2.068 millones de pesos, de los cuales 282,9 millones ser\u00e1n para l\u00edneas del interior. Busca \u201csostener tarifas accesibles\u201d, luego de la quita del Fondo Compensador por parte de la gesti\u00f3n de Javier Milei.<!--more--><\/p>\n<hr \/>\n<p>El <strong>gobernador bonaerense Axel Kicillof<\/strong> anunci\u00f3 este lunes que<strong> la Provincia crear\u00e1 un R\u00e9gimen Transitorio de Subsidios para \u201csostener tarifas accesibles\u201d en el transporte p\u00fablico del interior<\/strong>, tras la quita del Fondo Compensador por parte de la gesti\u00f3n de Javier Milei.<\/p>\n<blockquote><p>El mandatario provincial se\u00f1al\u00f3 que se trata de un \u201cimportante incremento al apoyo que hace la Provincia al transporte en el interior provincial\u201d que \u201cpermitir\u00eda revisar tarifas que fueron elevadas en muchos casos por una sola y \u00fanica causa que fue la deserci\u00f3n del Gobierno nacional\u201d.<\/p><\/blockquote>\n<p>El <strong>nuevo monto asignado es de 2.068 millones de pesos<\/strong>. Los aportes de la Provincia al transporte p\u00fablico <strong>aumentar\u00e1n 110% en comparaci\u00f3n con 2023<\/strong>, que impactar\u00e1n en <em>hasta 140% de incremento en el detalle de los municipios del interior<\/em>, indic\u00f3 el ministro de Transporte provincial, Jorge D\u2019Onofrio.<\/p>\n<p>Puntualmente, <strong>para las l\u00edneas de transporte p\u00fablico del interior bonaerense se distribuyen actualmente 157,9 millones de pesos<\/strong> en subsidios provinciales y con el aumento dispuesto <strong>llegar\u00e1n a 282,9 millones de pesos: una suba de 79,13%<\/strong>.<\/p>\n<p><img data-recalc-dims=\"1\" loading=\"lazy\" decoding=\"async\" class=\"size-full wp-image-119112 aligncenter\" src=\"https:\/\/i0.wp.com\/cdnoticias.com\/wp-content\/uploads\/2024\/06\/conferencia-kicillof-donofrio-subsidios-transporte.jpg?resize=800%2C279&#038;ssl=1\" alt=\"\" width=\"800\" height=\"279\" srcset=\"https:\/\/i0.wp.com\/cdnoticias.com\/wp-content\/uploads\/2024\/06\/conferencia-kicillof-donofrio-subsidios-transporte.jpg?w=1000&amp;ssl=1 1000w, https:\/\/i0.wp.com\/cdnoticias.com\/wp-content\/uploads\/2024\/06\/conferencia-kicillof-donofrio-subsidios-transporte.jpg?resize=300%2C105&amp;ssl=1 300w, https:\/\/i0.wp.com\/cdnoticias.com\/wp-content\/uploads\/2024\/06\/conferencia-kicillof-donofrio-subsidios-transporte.jpg?resize=768%2C268&amp;ssl=1 768w\" sizes=\"auto, (max-width: 800px) 100vw, 800px\" \/><\/p>\n<p>En conferencia de prensa desde la Gobernaci\u00f3n bonaerense,<strong> Kicillof record\u00f3 que Naci\u00f3n \u201cinterrumpi\u00f3\u201d el Fondo Compensador<\/strong> con el que subsidiaba el transporte del interior del pa\u00eds y que <strong>esa situaci\u00f3n \u201choy est\u00e1 judicializada\u201d<\/strong>.<\/p>\n<blockquote><p>\u201cMientras tanto la Provincia hace un esfuerzo para sostener, para acompa\u00f1ar el precio de los boletos del colectivo en el interior\u201d, agreg\u00f3.<\/p><\/blockquote>\n<p>En la rueda de prensa tambi\u00e9n estuvo presente <strong>el ministro Jorge D\u2019Onofrio<\/strong>, quien destac\u00f3 que <em>\u201cla provincia de Buenos Aires ha tomado la decisi\u00f3n de apoyar a todos los municipios del interior\u201d<\/em>. En esa l\u00ednea, explic\u00f3 que la decisi\u00f3n<strong> \u201cse actualizan los mayores costos que tiene el sistema\u201d y se \u201chace un esfuerzo extra para cubrir en parte la deserci\u00f3n del Gobierno nacional\u201d.<\/strong><\/p>\n<p>D\u2019Onofrio indic\u00f3 que <strong>se va a \u201cimplantar un sistema novedoso de mayor apoyo a aquellos municipios m\u00e1s chicos\u201d<\/strong> en los que existe \u201cla <strong>posibilidad cierta de que nos quedemos sin transporte<\/strong> ante la posibilidad de que no sea viable prestarlo\u201d.<\/p>\n","protected":false},"excerpt":{"rendered":"<p>Lo anunci\u00f3 este lunes el gobernador Axel Kicillof. El nuevo monto asignado es de 2.068 millones de pesos, de los<\/p>\n","protected":false},"author":4,"featured_media":119126,"comment_status":"closed","ping_status":"closed","sticky":false,"template":"","format":"standard","meta":{"_jetpack_memberships_contains_paid_content":false,"footnotes":""},"categories":[6,1],"tags":[],"class_list":["post-119110","post","type-post","status-publish","format-standard","has-post-thumbnail","hentry","category-nacionales","category-portada"],"jetpack_featured_media_url":"https:\/\/i0.wp.com\/cdnoticias.com\/wp-content\/uploads\/2024\/06\/conferencia-kicillof-donofrio-bianco-saintout.jpg?fit=800%2C445&ssl=1","jetpack_sharing_enabled":true,"_links":{"self":[{"href":"https:\/\/cdnoticias.com\/index.php\/wp-json\/wp\/v2\/posts\/119110","targetHints":{"allow":["GET"]}}],"collection":[{"href":"https:\/\/cdnoticias.com\/index.php\/wp-json\/wp\/v2\/posts"}],"about":[{"href":"https:\/\/cdnoticias.com\/index.php\/wp-json\/wp\/v2\/types\/post"}],"author":[{"embeddable":true,"href":"https:\/\/cdnoticias.com\/index.php\/wp-json\/wp\/v2\/users\/4"}],"replies":[{"embeddable":true,"href":"https:\/\/cdnoticias.com\/index.php\/wp-json\/wp\/v2\/comments?post=119110"}],"version-history":[{"count":0,"href":"https:\/\/cdnoticias.com\/index.php\/wp-json\/wp\/v2\/posts\/119110\/revisions"}],"wp:featuredmedia":[{"embeddable":true,"href":"https:\/\/cdnoticias.com\/index.php\/wp-json\/wp\/v2\/media\/119126"}],"wp:attachment":[{"href":"https:\/\/cdnoticias.com\/index.php\/wp-json\/wp\/v2\/media?parent=119110"}],"wp:term":[{"taxonomy":"category","embeddable":true,"href":"https:\/\/cdnoticias.com\/index.php\/wp-json\/wp\/v2\/categories?post=119110"},{"taxonomy":"post_tag","embeddable":true,"href":"https:\/\/cdnoticias.com\/index.php\/wp-json\/wp\/v2\/tags?post=119110"}],"curies":[{"name":"wp","href":"https:\/\/api.w.org\/{rel}","templated":true}]}}