{"id":119095,"date":"2024-06-24T08:50:05","date_gmt":"2024-06-24T11:50:05","guid":{"rendered":"https:\/\/cdnoticias.com\/?p=119095"},"modified":"2024-06-24T11:18:56","modified_gmt":"2024-06-24T14:18:56","slug":"robo-las-ruedas-de-una-bicicleta-atada-con-candado-y-lo-atraparon-termino-preso","status":"publish","type":"post","link":"https:\/\/cdnoticias.com\/index.php\/2024\/06\/24\/robo-las-ruedas-de-una-bicicleta-atada-con-candado-y-lo-atraparon-termino-preso\/","title":{"rendered":"Rob\u00f3 las ruedas de una bicicleta atada con candado y lo atraparon: termin\u00f3 preso"},"content":{"rendered":"\n<p>El hecho se registr\u00f3 en Hornos y Brown el pasado domingo. Fue avistado por Monitoreo y aprehendido por Comando de Patrullas.<\/p>\n\n\n\n<hr class=\"wp-block-separator aligncenter has-alpha-channel-opacity\"\/>\n\n\n\n<p>Este \u00faltimo domingo,<strong> personal de Comando de Patrullas apres\u00f3 a un joven de 25 a\u00f1os que hab\u00eda robado, minutos antes, dos ruedas de una bicicleta en la zona del Parque del Bicentenario.<\/strong><\/p>\n\n\n\n<p>El hecho se produjo en <strong>Hornos y Brown, cuando el ladr\u00f3n rob\u00f3 las ruedas de una bicicleta que estaba atada con candado en la v\u00eda p\u00fablica.<\/strong><\/p>\n\n\n\n<p><strong>Al observar este movimiento desde el Centro de Monitoreo, comenz\u00f3 un operativo para encontrar al joven<\/strong> que se llevaba las dos ruedas del rodado.<\/p>\n\n\n\n<p>Finalmente, <strong>fue hallado en V\u00e9lez Sarsfield y Espa\u00f1a con los elementos, y fue aprehendido y trasladado a la Comisar\u00eda Primera.<\/strong><\/p>\n\n\n\n<figure class=\"wp-block-image size-full\"><img data-recalc-dims=\"1\" loading=\"lazy\" decoding=\"async\" width=\"356\" height=\"212\" src=\"https:\/\/i0.wp.com\/cdnoticias.com\/wp-content\/uploads\/2024\/06\/WhatsApp-Image-2024-06-23-at-22.25.58-1.jpeg?resize=356%2C212&#038;ssl=1\" alt=\"\" class=\"wp-image-119096\" srcset=\"https:\/\/i0.wp.com\/cdnoticias.com\/wp-content\/uploads\/2024\/06\/WhatsApp-Image-2024-06-23-at-22.25.58-1.jpeg?w=356&amp;ssl=1 356w, https:\/\/i0.wp.com\/cdnoticias.com\/wp-content\/uploads\/2024\/06\/WhatsApp-Image-2024-06-23-at-22.25.58-1.jpeg?resize=300%2C179&amp;ssl=1 300w\" sizes=\"auto, (max-width: 356px) 100vw, 356px\" \/><\/figure>\n\n\n\n<p>Ahora enfrenta cargos por<strong><em> \u201cHurto infraganti\u201d <\/em><\/strong>con intervenci\u00f3n de la UFI N\u00b07 a cargo del doctor Url\u00e9zaga.<\/p>\n","protected":false},"excerpt":{"rendered":"<p>El hecho se registr\u00f3 en Hornos y Brown el pasado domingo. Fue avistado por Monitoreo y aprehendido por Comando de<\/p>\n","protected":false},"author":2,"featured_media":119097,"comment_status":"closed","ping_status":"closed","sticky":false,"template":"","format":"standard","meta":{"_jetpack_memberships_contains_paid_content":false,"footnotes":""},"categories":[14,1],"tags":[],"class_list":["post-119095","post","type-post","status-publish","format-standard","has-post-thumbnail","hentry","category-policiales","category-portada"],"jetpack_featured_media_url":"https:\/\/i0.wp.com\/cdnoticias.com\/wp-content\/uploads\/2024\/06\/WhatsApp-Image-2024-06-23-at-22.25.58.jpeg?fit=578%2C318&ssl=1","jetpack_sharing_enabled":true,"_links":{"self":[{"href":"https:\/\/cdnoticias.com\/index.php\/wp-json\/wp\/v2\/posts\/119095","targetHints":{"allow":["GET"]}}],"collection":[{"href":"https:\/\/cdnoticias.com\/index.php\/wp-json\/wp\/v2\/posts"}],"about":[{"href":"https:\/\/cdnoticias.com\/index.php\/wp-json\/wp\/v2\/types\/post"}],"author":[{"embeddable":true,"href":"https:\/\/cdnoticias.com\/index.php\/wp-json\/wp\/v2\/users\/2"}],"replies":[{"embeddable":true,"href":"https:\/\/cdnoticias.com\/index.php\/wp-json\/wp\/v2\/comments?post=119095"}],"version-history":[{"count":0,"href":"https:\/\/cdnoticias.com\/index.php\/wp-json\/wp\/v2\/posts\/119095\/revisions"}],"wp:featuredmedia":[{"embeddable":true,"href":"https:\/\/cdnoticias.com\/index.php\/wp-json\/wp\/v2\/media\/119097"}],"wp:attachment":[{"href":"https:\/\/cdnoticias.com\/index.php\/wp-json\/wp\/v2\/media?parent=119095"}],"wp:term":[{"taxonomy":"category","embeddable":true,"href":"https:\/\/cdnoticias.com\/index.php\/wp-json\/wp\/v2\/categories?post=119095"},{"taxonomy":"post_tag","embeddable":true,"href":"https:\/\/cdnoticias.com\/index.php\/wp-json\/wp\/v2\/tags?post=119095"}],"curies":[{"name":"wp","href":"https:\/\/api.w.org\/{rel}","templated":true}]}}