{"id":119081,"date":"2024-06-23T19:44:32","date_gmt":"2024-06-23T22:44:32","guid":{"rendered":"https:\/\/cdnoticias.com\/?p=119081"},"modified":"2024-06-24T08:53:05","modified_gmt":"2024-06-24T11:53:05","slug":"las-gestiones-la-apertura-las-rapidas-respuestas","status":"publish","type":"post","link":"https:\/\/cdnoticias.com\/index.php\/2024\/06\/23\/las-gestiones-la-apertura-las-rapidas-respuestas\/","title":{"rendered":"Las gestiones, la apertura, las r\u00e1pidas respuestas"},"content":{"rendered":"\n<p>El acuerdo del sistema de salud p\u00fablico y privado, con trasfondo pol\u00edtico: gestionar m\u00e1s all\u00e1 de las ideas. Las tensiones del movimiento libertario. La obra de Salud se cocina con fondos provinciales. Se viene un nuevo episodio de paritarias.<\/p>\n\n\n\n<hr class=\"wp-block-separator aligncenter has-alpha-channel-opacity\"\/>\n\n\n\n<p><strong><em>*Volver a las Fuentes \/ Josefina Bargas y Alexis Grierson<\/em><\/strong><\/p>\n\n\n\n<p class=\"has-large-font-size\"><strong>Acelerando las operaciones<\/strong><\/p>\n\n\n\n<figure class=\"wp-block-image size-large\"><img data-recalc-dims=\"1\" loading=\"lazy\" decoding=\"async\" width=\"800\" height=\"445\" src=\"https:\/\/i0.wp.com\/cdnoticias.com\/wp-content\/uploads\/2024\/06\/mesa-salud-publico-privada1.jpg?resize=800%2C445&#038;ssl=1\" alt=\"\" class=\"wp-image-118846\" srcset=\"https:\/\/i0.wp.com\/cdnoticias.com\/wp-content\/uploads\/2024\/06\/mesa-salud-publico-privada1.jpg?resize=1024%2C569&amp;ssl=1 1024w, https:\/\/i0.wp.com\/cdnoticias.com\/wp-content\/uploads\/2024\/06\/mesa-salud-publico-privada1.jpg?resize=300%2C167&amp;ssl=1 300w, https:\/\/i0.wp.com\/cdnoticias.com\/wp-content\/uploads\/2024\/06\/mesa-salud-publico-privada1.jpg?resize=768%2C427&amp;ssl=1 768w, https:\/\/i0.wp.com\/cdnoticias.com\/wp-content\/uploads\/2024\/06\/mesa-salud-publico-privada1.jpg?resize=800%2C445&amp;ssl=1 800w, https:\/\/i0.wp.com\/cdnoticias.com\/wp-content\/uploads\/2024\/06\/mesa-salud-publico-privada1.jpg?w=1072&amp;ssl=1 1072w\" sizes=\"auto, (max-width: 800px) 100vw, 800px\" \/><\/figure>\n\n\n\n<p>No, no es que alguien apur\u00f3 a un periodista (?) la realidad es que las cirug\u00edas programadas pasan por momentos complejos: <strong>hay, en el sistema de Salud, al menos 200 operaciones demoradas y que si bien no son de urgencia, el tiempo hace lo suyo y complejiza algo que a priori no lo era.<\/strong><\/p>\n\n\n\n<p>Y en \u00e9pocas donde la gesti\u00f3n requiere creatividad, surgi\u00f3 una idea.<strong> Una posibilidad que se materializ\u00f3 en dos cuestiones: la primera con la creaci\u00f3n de la mesa p\u00fablico-privada de Salud de Olavarr\u00eda, con todos los actores del sistema p\u00fablico y los titulares y gestores de las cl\u00ednicas. La otra, con la firma de un convenio para derivar cirug\u00edas programadas a cl\u00ednicas y as\u00ed descomprimir un cuello de botella en el distrito.<\/strong><\/p>\n\n\n\n<p>El peso del anuncio (que luego fue catalogado como \u201chist\u00f3rico\u201d) se lo daba la presencia del<strong> ministro de Salud de la Provincia, Nicol\u00e1s Kreplak, que halag\u00f3 la iniciativa mientras reconoc\u00eda, en paralelo, que tienen esta problem\u00e1tica en toda la Provincia.<\/strong> Qui\u00e9n te dice, Olavarr\u00eda termina pionera de iniciativas similares.<\/p>\n\n\n\n<p>Lo concreto es que no s\u00f3lo la presencia de Kreplak era llamativa:<strong> la foto entera mostraba a los principales titulares de las tres cl\u00ednicas de Olavarr\u00eda, sumados a los principales funcionarios municipales, autoridades provinciales e incluso Guillermo Lascano, de PAMI, sentado en la mesa principal. <\/strong>Estaba acompa\u00f1ado, adem\u00e1s, por el concejal opositor Marcelo Petehs. Todo se explicar\u00e1 luego.<\/p>\n\n\n\n<p>Lo concreto es que se anunci\u00f3 la unificaci\u00f3n de todo el listado de espera para una cirug\u00eda (la mayor\u00eda son adultos mayores) y por orden de emergencia se distribuir\u00e1n tanto en el Hospital Municipal como en las tres cl\u00ednicas, Mar\u00eda Auxiliadora, Cemeda y el Instituto M\u00e9dico. <strong>De las 70 cirug\u00edas mensuales actuales se estima que se podr\u00eda llegar en un mes a las 200 pendientes.<\/strong><\/p>\n\n\n\n<figure class=\"wp-block-image size-large\"><img data-recalc-dims=\"1\" loading=\"lazy\" decoding=\"async\" width=\"800\" height=\"445\" src=\"https:\/\/i0.wp.com\/cdnoticias.com\/wp-content\/uploads\/2024\/06\/mesa-salud-publico-privada8.jpg?resize=800%2C445&#038;ssl=1\" alt=\"\" class=\"wp-image-118853\" srcset=\"https:\/\/i0.wp.com\/cdnoticias.com\/wp-content\/uploads\/2024\/06\/mesa-salud-publico-privada8.jpg?resize=1024%2C569&amp;ssl=1 1024w, https:\/\/i0.wp.com\/cdnoticias.com\/wp-content\/uploads\/2024\/06\/mesa-salud-publico-privada8.jpg?resize=300%2C167&amp;ssl=1 300w, https:\/\/i0.wp.com\/cdnoticias.com\/wp-content\/uploads\/2024\/06\/mesa-salud-publico-privada8.jpg?resize=768%2C427&amp;ssl=1 768w, https:\/\/i0.wp.com\/cdnoticias.com\/wp-content\/uploads\/2024\/06\/mesa-salud-publico-privada8.jpg?resize=800%2C445&amp;ssl=1 800w, https:\/\/i0.wp.com\/cdnoticias.com\/wp-content\/uploads\/2024\/06\/mesa-salud-publico-privada8.jpg?w=1072&amp;ssl=1 1072w\" sizes=\"auto, (max-width: 800px) 100vw, 800px\" \/><\/figure>\n\n\n\n<p>En su discurso, <strong>el ministro Kreplak insisti\u00f3 particularmente en el \u201cgesto\u201d del privado de sumarse a esta soluci\u00f3n. Incluso, textual, agradeci\u00f3 \u201csentarse con el Municipio, no es lo m\u00e1s habitual\u201d y dijo que \u201cesto ayuda much\u00edsimo\u201d.<\/strong><\/p>\n\n\n\n<p>El intendente Wesner, por su parte, explic\u00f3 y valor\u00f3 la apertura al di\u00e1logo y el gesto de toda la mesa, y no titube\u00f3 al se\u00f1alar que \u201c<strong>este es nuestro sistema de salud en Olavarr\u00eda\u201d. Es decir, p\u00fablico y privado juntos.<\/strong><\/p>\n\n\n\n<p>Despu\u00e9s de la presentaci\u00f3n, los aplausos y la firma del convenio, Kreplak admit\u00eda que es una problem\u00e1tica generalizada y que la Provincia intent\u00f3 (con \u00e9xito parcial) varias medidas para paliar este tema: <strong>\u201cse han planificado diversas estrategias del sector p\u00fablico como maratones quir\u00fargicas, que es operar los fines de semana, operar por la tarde\u201d y ni as\u00ed solucionaban el tema.<\/strong><\/p>\n\n\n\n<p>Lo interesante de la postura del ministro es que de fondo el problema no es que no hay oferta para contener la demanda, es que la crisis rompi\u00f3 el sistema integrado. \u201cEn Olavarr\u00eda se plante\u00f3 algo nuevo. Y lo nuevo fue que el Municipio, con el intendente a la cabeza y todo su equipo de Salud, entiende este problema que es una punta del iceberg. No es que el problema son los turnos de quir\u00fargicos: es la fragmentaci\u00f3n del sistema de salud\u201d. <strong>Pesa m\u00e1s la frase de \u201ceste es el sistema de Salud\u201d incluyendo a los privados de Wesner, entonces.<\/strong><\/p>\n\n\n\n<p>De hecho, lo que sigui\u00f3 fue denunciar -y exponer- la crisis que atraviesan las cl\u00ednicas con varios cierres y miles al borde de la quiebra. \u00bfLa problem\u00e1tica? La salida de cientos de personas de las prepagas y, por qu\u00e9 no, de las obras sociales. <strong>Todos al sistema p\u00fablico, carg\u00e1ndolo -m\u00e1s de lo que ya ven\u00eda- y fundiendo a las privadas. As\u00ed no funciona, entendemos.<\/strong><\/p>\n\n\n\n<p class=\"has-large-font-size\"><strong>Apertura, di\u00e1logo y los que gestionan vs los que tuitean<\/strong><\/p>\n\n\n\n<figure class=\"wp-block-image size-full\"><img data-recalc-dims=\"1\" loading=\"lazy\" decoding=\"async\" width=\"800\" height=\"531\" src=\"https:\/\/i0.wp.com\/cdnoticias.com\/wp-content\/uploads\/2024\/06\/ConvenioPublicoPrivadoSalud-16.jpg?resize=800%2C531&#038;ssl=1\" alt=\"\" class=\"wp-image-118869\" srcset=\"https:\/\/i0.wp.com\/cdnoticias.com\/wp-content\/uploads\/2024\/06\/ConvenioPublicoPrivadoSalud-16.jpg?w=1024&amp;ssl=1 1024w, https:\/\/i0.wp.com\/cdnoticias.com\/wp-content\/uploads\/2024\/06\/ConvenioPublicoPrivadoSalud-16.jpg?resize=300%2C199&amp;ssl=1 300w, https:\/\/i0.wp.com\/cdnoticias.com\/wp-content\/uploads\/2024\/06\/ConvenioPublicoPrivadoSalud-16.jpg?resize=768%2C510&amp;ssl=1 768w, https:\/\/i0.wp.com\/cdnoticias.com\/wp-content\/uploads\/2024\/06\/ConvenioPublicoPrivadoSalud-16.jpg?resize=272%2C182&amp;ssl=1 272w\" sizes=\"auto, (max-width: 800px) 100vw, 800px\" \/><\/figure>\n\n\n\n<p>Como les dec\u00edamos, <strong>una de las sorpresas fue la presencia del titular de PAMI en Olavarr\u00eda, Guillermo Lascano (hoy en las filas de La Libertad Avanza) junto al concejal del mismo espacio Marcelo Petehs. <\/strong>Con muy buena onda con los funcionarios locales, dirigentes presentes y autoridades de salud, la situaci\u00f3n se notaba que pasaba la concordia: inclu\u00eda trabajo.<\/p>\n\n\n\n<p>Fue tan llamativo, que Lascano habl\u00f3 y ratific\u00f3 esa sorpresa: <strong>no s\u00f3lo destac\u00f3 el trabajo con la comuna -particularmente con el intendente Wesner y el subsecretario de Salud M\u00e9dica, Fernando Al\u00ed- sino que explic\u00f3 que de la iniciativa PAMI es el mayor receptor de la demanda: de las 200 cirug\u00edas pendientes, 189 son para el organismo nacional. Es decir, para adultos mayores.<\/strong><\/p>\n\n\n\n<p><a href=\"https:\/\/cdnoticias.com\/index.php\/2024\/06\/20\/lascano-de-las-200-cirugias-que-se-anunciaron-189-van-a-estar-destinadas-a-pami\/\">Ac\u00e1 les dejamos la nota para conocer los pormenores, pero vamos a contar un resumen y analizarlo<\/a>: tras un primer relevamiento luego de su asunci\u00f3n, detectaron todas las operaciones. <strong>Un convenio con Cemeda y otro que gestiona el Municipio fueron la g\u00e9nesis de la creaci\u00f3n de la Mesa de Salud p\u00fablico &#8211; privada que deriv\u00f3 en el convenio.<\/strong><\/p>\n\n\n\n<p>Lascano se\u00f1al\u00f3 que la idea surgi\u00f3 de los convenios de PAMI, pero que la \u201ccedi\u00f3\u201d a la comuna \u201cen pos de que los olavarrienses salgan beneficiados\u201d. <strong>Y m\u00e1s all\u00e1 de los halagos, aparece un nuevo episodio de \u201clos que gestionan vs los que tuitean\u201d.<\/strong><\/p>\n\n\n\n<p><strong>Lascano dej\u00f3 en claro dos o tres veces que con el Municipio (y particularmente con Wesner) vienen trabajando \u201cmuy bien\u201d. <\/strong>Hay receptividad y apertura m\u00e1s all\u00e1 de las cuestiones ideol\u00f3gicas -que las tienen y tendr\u00e1n-. Un gesto m\u00e1s que sano para una pol\u00edtica de irreconciliables y de imposibles si se piensa distinto.<\/p>\n\n\n\n<p>De hecho, de <strong>Fernando Al\u00ed dijo que \u201cla verdad que tengo una muy buena relaci\u00f3n, creo que el Ejecutivo con su designaci\u00f3n tuvo una decisi\u00f3n muy acertada. Se nota que es una persona con mucha gesti\u00f3n. Continu\u00f3 la gesti\u00f3n, terminamos la operatoria y llegamos al convenio\u201d.<\/strong><\/p>\n\n\n\n<p>Justamente, si uno analiza comentarios en redes sociales sobre las repercusiones de los dichos, hubo un mensaje en particular que expone esta diferencia de los que gestionan en cargos nacionales (con Milei de presidente) y los militantes de sus ideas. <strong>El mensaje dec\u00eda: \u201cGuillermo y Ahora Olavarr\u00eda le marcan la cancha al Municipio, viva la libertad carajo\u201d.<\/strong><\/p>\n\n\n\n<p><strong>Desde ac\u00e1 debemos decir que lejos de ello: se vio a un Lascano completamente predispuesto a trabajar, no s\u00f3lo con algunos comentarios en estricto off sino en la entrevista efectivamente publicada. <\/strong>Tal es as\u00ed, que reconoci\u00f3 que toda esta iniciativa -y sentarse junto con los integrantes de la mesa p\u00fablico privada de salud- <strong>le cost\u00f3 alg\u00fan dolor de cabeza en la mesa pol\u00edtica de La Libertad Avanza local.<\/strong><\/p>\n\n\n\n<p><strong>\u201cCuando uno est\u00e1 en la gesti\u00f3n, tiene que gestionar. Uno lo hace por el bien de los olavarrienses. Yo tengo que hablar con el Intendente, por m\u00e1s que sea de distinto color pol\u00edtico y lo que busco son soluciones. Algunos lo entender\u00e1n y otros no, pero estoy ah\u00ed y cumplo ese rol\u201d<\/strong> dijo. Clarito.<\/p>\n\n\n\n<p>De hecho, adelant\u00f3 que <strong>est\u00e1n buscando descentralizar algunas prestaciones de PAMI en mutuales de obras sociales para descomprimir -m\u00e1s- el sistema de Salud p\u00fablico. Eso necesitar\u00e1 no s\u00f3lo de un apoyo pol\u00edtico del intendente, sino del acompa\u00f1amiento de los sindicatos. Pero, evidentemente, algunos no lo entienden.<\/strong><\/p>\n\n\n\n<p><strong>VaF logr\u00f3 saber, mediante algunas fuentes que tienen un asiduo recorrido legislativo en el HCD, que esta diferencia en el movimiento libertario est\u00e1 bastante marcada.<\/strong> Hay quienes tienen un tema \u201cm\u00e1s de base\u201d en contra de todo lo que proponga el Ejecutivo, y otros que buscan trabajar y no s\u00f3lo decir que no \u201cporque no\u201d.<\/p>\n\n\n\n<p class=\"has-large-font-size\"><strong>Acelerando las obras<\/strong><\/p>\n\n\n\n<figure class=\"wp-block-image size-full\"><img data-recalc-dims=\"1\" loading=\"lazy\" decoding=\"async\" width=\"800\" height=\"409\" src=\"https:\/\/i0.wp.com\/cdnoticias.com\/wp-content\/uploads\/2024\/06\/wesner-katopodis-aba-trebuq.png?resize=800%2C409&#038;ssl=1\" alt=\"\" class=\"wp-image-118765\" srcset=\"https:\/\/i0.wp.com\/cdnoticias.com\/wp-content\/uploads\/2024\/06\/wesner-katopodis-aba-trebuq.png?w=890&amp;ssl=1 890w, https:\/\/i0.wp.com\/cdnoticias.com\/wp-content\/uploads\/2024\/06\/wesner-katopodis-aba-trebuq.png?resize=300%2C153&amp;ssl=1 300w, https:\/\/i0.wp.com\/cdnoticias.com\/wp-content\/uploads\/2024\/06\/wesner-katopodis-aba-trebuq.png?resize=768%2C393&amp;ssl=1 768w\" sizes=\"auto, (max-width: 800px) 100vw, 800px\" \/><\/figure>\n\n\n\n<p>Saben que es un tema delicado y las tres patas involucradas en el tema hoy, <strong>Municipio, Provincia y Unicen, est\u00e1n intentando por todos los medios reactivar cuanto antes la obra de remodelaci\u00f3n y ampliaci\u00f3n de la Facultad de Salud, con 4 mil metros cuadrados totales de trabajo, entre intervenci\u00f3n y construcci\u00f3n de nuevos espacios.<\/strong><\/p>\n\n\n\n<p>Paradojas del destino (o de Milei), Gabriel Katopodis, uno de los que se puso al frente de esta important\u00edsima obra, pas\u00f3 del Ministerio de Obras P\u00fablicas de la Naci\u00f3n a su equivalente en la Provincia, como Ministro de Infraestructura. Y hacia all\u00ed fueron Wesner, H\u00e9ctor Trebucq (decano de la facultad) y Marcelo Aba (rector de la Unicen) <strong>para reunirse e intentar generar las condiciones para que los trabajos se reactiven.<\/strong><\/p>\n\n\n\n<p>Hagamos un poco de memoria: la obra tuvo una serie de vaivenes -con una empresa que incumpli\u00f3, se le rescindi\u00f3 el contrato y demor\u00f3 m\u00e1s de 6 meses para reactivarse- y cuando avanzaba a buen paso (lleg\u00f3 al 40% de avance de obra)&#8230;cambi\u00f3 el gobierno.<strong> Milei hab\u00eda prometido que la obra p\u00fablica se paralizaba a excepci\u00f3n de aquellas que tengan financiamiento externo, como la de la Facultad de Salud. Bueno, parece que se olvid\u00f3 de su promesa en el camino porque tambi\u00e9n se paraliz\u00f3.<\/strong><\/p>\n\n\n\n<p>Volviendo al encuentro, la intenci\u00f3n fue<strong> ratificar que el pedido de traspaso de obras de Naci\u00f3n a la Provincia (que se har\u00e1 cargo de los trabajos suspendidos) es un hecho, as\u00ed como tambi\u00e9n que la obra de la Facultad de Salud entra en los 10 trabajos que el gobernador Kicillof se comprometi\u00f3 a finalizar. Est\u00e1 entre las m\u00e1s costosas,\u00a0 por lo que el anuncio -que ratific\u00f3 d\u00edas despu\u00e9s el intendente Wesner- era un hecho.<\/strong><\/p>\n\n\n\n<p>Obviamente, con todo esto avanzado, se pens\u00f3 tambi\u00e9n cu\u00e1l es la forma de reactivar las obras m\u00e1s r\u00e1pid<strong>o. Y la m\u00e1s r\u00e1pida, al momento, es que la empresa que estaba antes del corte se haga cargo nuevamente de los trabajos, que ser\u00e1n financiados por Provincia hasta tanto no aparezca dinero de Naci\u00f3n. \u201cSi Provincia se hace cargo, Naci\u00f3n no paga un peso m\u00e1s\u2026eso dalo por hecho\u201d respondi\u00f3 una fuente a Volver a las Fuentes ante la consulta.<\/strong><\/p>\n\n\n\n<p>El propio decano<strong> H\u00e9ctor Trebucq<\/strong>, en di\u00e1logo con Radio Universidad, dijo que \u201cla idea es continuar con la misma empresa, que no haya un proceso licitatorio porque llevan dos o tres meses y eso nos demorar\u00eda much\u00edsimo m\u00e1s\u201d.<strong> De todas maneras, a\u00fan falta el di\u00e1logo con la empresa que qued\u00f3 \u201ccolgada\u201d en diciembre: \u201cla intenci\u00f3n es empezar a hablar con la empresa y en caso de aceptar avanzar con la obra, ahora financiada por la Provincia. El ministro dijo que si aparece plata de Naci\u00f3n, se sigue con Naci\u00f3n pero si no aparece, la Provincia financiar\u00e1 la obra\u201d.<\/strong><\/p>\n\n\n\n<p>\u00bfVeremos movimiento en las pr\u00f3ximas semanas? \u00bfSer\u00e1n meses? Es una de las grandes obras esperadas por la comunidad universitaria, m\u00e1s all\u00e1 de los meses dif\u00edciles que atravesaron -casi que en zozobra- en el inicio de la gesti\u00f3n Milei.<\/p>\n\n\n\n<p class=\"has-large-font-size\"><strong>Paritaria: Cap\u00edtulo ofertas<\/strong><\/p>\n\n\n\n<figure class=\"wp-block-image size-large\"><img data-recalc-dims=\"1\" loading=\"lazy\" decoding=\"async\" width=\"800\" height=\"445\" src=\"https:\/\/i0.wp.com\/cdnoticias.com\/wp-content\/uploads\/2024\/05\/palacio-san-martin-municipio1.jpg?resize=800%2C445&#038;ssl=1\" alt=\"\" class=\"wp-image-116041\" srcset=\"https:\/\/i0.wp.com\/cdnoticias.com\/wp-content\/uploads\/2024\/05\/palacio-san-martin-municipio1.jpg?resize=1024%2C570&amp;ssl=1 1024w, https:\/\/i0.wp.com\/cdnoticias.com\/wp-content\/uploads\/2024\/05\/palacio-san-martin-municipio1.jpg?resize=300%2C167&amp;ssl=1 300w, https:\/\/i0.wp.com\/cdnoticias.com\/wp-content\/uploads\/2024\/05\/palacio-san-martin-municipio1.jpg?resize=768%2C428&amp;ssl=1 768w, https:\/\/i0.wp.com\/cdnoticias.com\/wp-content\/uploads\/2024\/05\/palacio-san-martin-municipio1.jpg?resize=800%2C445&amp;ssl=1 800w, https:\/\/i0.wp.com\/cdnoticias.com\/wp-content\/uploads\/2024\/05\/palacio-san-martin-municipio1.jpg?w=1072&amp;ssl=1 1072w\" sizes=\"auto, (max-width: 800px) 100vw, 800px\" \/><\/figure>\n\n\n\n<p><strong>El martes hubo reuni\u00f3n de paritarias municipales.<\/strong> Un regreso a las reuniones despu\u00e9s de m\u00e1s de dos meses del cierre del tramo anterior que llegaba con acuerdo de aumento salarial hasta mayo.<\/p>\n\n\n\n<p>Ni un dato oficial hubo despu\u00e9s de la reuni\u00f3n. Ninguna de las partes habl\u00f3, s\u00f3lo trascendi\u00f3 de manera extraoficial que esta semana el Ejecutivo llevar\u00e1, a la segunda reuni\u00f3n, una oferta de incremento salarial. \u00bfDe cu\u00e1nto? \u00bfEn cu\u00e1ntas cuotas? Lo que es decir, \u00bfhasta cu\u00e1ndo llegar\u00e1 esta negociaci\u00f3n?<\/p>\n\n\n\n<p><strong>Una pista del tono de la reuni\u00f3n la podemos adivinar de las entrevistas que cedi\u00f3 Jos\u00e9 Stuppia en la previa: el secretario general del STMO habl\u00f3 horas antes del encuentro y adelant\u00f3 que los planteos a presentar ser\u00edan numerosos.<\/strong> Adem\u00e1s de lo salarial, est\u00e1n las recategorizaciones, pases a plantas y varios aspectos que hacen a las condiciones laborales.<\/p>\n\n\n\n<p>En sus palabras, el secretario general evidenci\u00f3 la intenci\u00f3n de partir del acuerdo: <strong>\u201chay que ver c\u00f3mo podemos ir recuperando todo lo perdido en forma paulatina, porque tampoco le vamos a pedir a esta gesti\u00f3n la recuperaci\u00f3n instant\u00e1nea cuando sabemos que venimos mal desde mayo del a\u00f1o pasado. Hay ca\u00edda libre as\u00ed que dentro de su marco, lo importante es que reconocieron la deuda a los trabajadores y trabajadoras municipales\u201d.<\/strong><\/p>\n\n\n\n<p>Tambi\u00e9n destac\u00f3 el super\u00e1vit que la semana anterior informaron los concejales, y lo consider\u00f3 parte de un auspicioso marco para la reuni\u00f3n. Stuppia se encarg\u00f3 de aclarar que \u201cdesconoc\u00eda\u201d el dato hasta que lo informaron desde el Concejo Deliberante. <strong>Es una se\u00f1al muy distinta a a\u00f1os anteriores, cuando desde el STMO se mostraba estar muy al tanto de los ingresos municipales.<\/strong><\/p>\n\n\n\n<p>\u00bfQu\u00e9 pas\u00f3 con las \u201cestocadas\u201d del Ejecutivo? La intervenci\u00f3n del Ministerio de Trabajo y las observaciones y la acusaci\u00f3n sobre los descuentos de proveedur\u00eda, entre otras. <strong>\u201cEso no qued\u00f3 atr\u00e1s, pero tampoco puede ser impedimento para negociar\u201d respondi\u00f3.<\/strong><\/p>\n\n\n\n<p>Una \u00faltima cuesti\u00f3n. La reuni\u00f3n paritaria se dio un d\u00eda antes del anuncio del programa para acelerar las cirug\u00edas. <strong>Jos\u00e9 Stuppia reconoci\u00f3 el atraso en el Hospital Municipal y apunt\u00f3 a \u201ccirug\u00eda general\u201d, lo que deslind\u00f3 del \u201catraso habitual\u201d en \u00e1reas muy demandadas como traumatolog\u00eda. \u201cNo sabemos por qu\u00e9\u201d aclar\u00f3. Lo leemos como parte del quiebre con la Asociaci\u00f3n de Profesionales.<\/strong><\/p>\n\n\n\n<p>Volviendo a la negociaci\u00f3n, esta semana habr\u00e1 novedades. \u00bfHablar\u00e1n los protagonistas p\u00fablicamente?<\/p>\n\n\n\n<p class=\"has-large-font-size\"><strong>Un sistema que no funcionaba<\/strong><\/p>\n\n\n\n<figure class=\"wp-block-image size-full\"><img data-recalc-dims=\"1\" loading=\"lazy\" decoding=\"async\" width=\"800\" height=\"445\" src=\"https:\/\/i0.wp.com\/cdnoticias.com\/wp-content\/uploads\/2024\/06\/sorteo-de-abogado-laboralistas-02.jpg?resize=800%2C445&#038;ssl=1\" alt=\"\" class=\"wp-image-118832\" srcset=\"https:\/\/i0.wp.com\/cdnoticias.com\/wp-content\/uploads\/2024\/06\/sorteo-de-abogado-laboralistas-02.jpg?w=1000&amp;ssl=1 1000w, https:\/\/i0.wp.com\/cdnoticias.com\/wp-content\/uploads\/2024\/06\/sorteo-de-abogado-laboralistas-02.jpg?resize=300%2C167&amp;ssl=1 300w, https:\/\/i0.wp.com\/cdnoticias.com\/wp-content\/uploads\/2024\/06\/sorteo-de-abogado-laboralistas-02.jpg?resize=768%2C427&amp;ssl=1 768w, https:\/\/i0.wp.com\/cdnoticias.com\/wp-content\/uploads\/2024\/06\/sorteo-de-abogado-laboralistas-02.jpg?resize=800%2C445&amp;ssl=1 800w\" sizes=\"auto, (max-width: 800px) 100vw, 800px\" \/><\/figure>\n\n\n\n<p>Parece que hubo algunas advertencias por este tema, a nivel provincial y en lo local tambi\u00e9n. <strong>Los Colegios de Abogados pretenden repartir las demandas de consultas y asistencia de los abogados laboralistas. Para ello, hace varios a\u00f1os se cre\u00f3 un sistema -AJUTRA (Asistencia Jur\u00eddica al Trabajador)- en el que los profesionales se anotan por jurisdicci\u00f3n (cumpliendo los requisitos) y cuando es invocada su intervenci\u00f3n, desde el Ministerio de Trabajo se hace un sorteo para asignarlos al caso en cuesti\u00f3n. Estas asistencias son gratuitas.<\/strong><\/p>\n\n\n\n<p>En la teor\u00eda, los abogados que se anotan acceder\u00edan a intervenir en los casos que llegan al Ministerio. En la pr\u00e1ctica no es as\u00ed por dos cuestiones. La primera: no todos los casos que llegan al Ministerio se sortean. <strong>La segunda, pocos profesionales \u201cse quedan\u201d con todos los casos.<\/strong> \u201cEl sistema AJUTRA no est\u00e1 funcionando al 100% en cuanto a los sorteos dentro del Ministerio. No solo en Olavarr\u00eda sino en las distintas localidades\u201d inform\u00f3 la presidenta del Colegio de Abogados Departamental Azul, Fernanda Gim\u00e9nez.<\/p>\n\n\n\n<p>Ella encabez\u00f3 la presentaci\u00f3n que el mi\u00e9rcoles hizo el Colegio en nuestra ciudad donde anunci\u00f3 que esa instituci\u00f3n tambi\u00e9n va a hacer los sorteos de abogados laboralistas en Olavarr\u00eda, Azul y Tandil.<strong> Tal como se hace en otros Departamentos Judiciales, donde los Colegios decidieron intervenir ante esta \u201cfalta de sorteos\u201d. <\/strong>La medida requiere que las personas que ya hicieron la presentaci\u00f3n en el Ministerio o que tienen consultas sobre esa \u00e1rea lleguen hasta la Asociaci\u00f3n de Abogados local y pidan que se les asigne un abogado.<\/p>\n\n\n\n<p><strong>La intenci\u00f3n es abrir el abanico de oportunidades laborales para los abogados de esa rama<\/strong>: \u201cgarantizarle que todos los profesionales que est\u00e1n dentro del sistema, anotados e inscriptos, puedan tambi\u00e9n tener una fuente laboral en asesorar gratuitamente a los trabajadores\u201d explic\u00f3 la presidenta del Colegio. \u201cLo que busca este sistema, y lo que le va a facilitar a las personas, es que un abogado id\u00f3neo trabaje su caso de manera correcta\u201d agreg\u00f3 el presidente de la Asociaci\u00f3n de Abogados de Olavarr\u00eda, Pablo Acosta, que adem\u00e1s es abogado laboralista. <strong>En Olavarr\u00eda son unos 30 los profesionales anotados para los sorteos de asistencia gratuita.<\/strong><\/p>\n\n\n\n<p>Desde el Ministerio de Trabajo de Olavarr\u00eda hubo una respuesta a esta conferencia. <strong>No fue directa, pero convengamos que \u201cjusto\u201d hubo una publicaci\u00f3n en Facebook dos horas despu\u00e9s de la exposici\u00f3n del Colegio y la Asociaci\u00f3n.<\/strong> El delegado del Ministerio, Lucas Miriuka, record\u00f3 que en la dependencia \u201ccontinuamos asesorando a los y las trabajadoras que se presentan por consultas, reclamos, despidos y todo lo relativo a la relaci\u00f3n laboral\u201d para subrayar que \u201cen nuestras Delegaciones Regionales el asesoramiento jur\u00eddico es absolutamente gratuito\u201d.<\/p>\n\n\n\n<figure class=\"wp-block-image size-full\"><img data-recalc-dims=\"1\" loading=\"lazy\" decoding=\"async\" width=\"800\" height=\"445\" src=\"https:\/\/i0.wp.com\/cdnoticias.com\/wp-content\/uploads\/2024\/04\/miriuka-lucas.jpg?resize=800%2C445&#038;ssl=1\" alt=\"\" class=\"wp-image-114006\" srcset=\"https:\/\/i0.wp.com\/cdnoticias.com\/wp-content\/uploads\/2024\/04\/miriuka-lucas.jpg?w=800&amp;ssl=1 800w, https:\/\/i0.wp.com\/cdnoticias.com\/wp-content\/uploads\/2024\/04\/miriuka-lucas.jpg?resize=300%2C167&amp;ssl=1 300w, https:\/\/i0.wp.com\/cdnoticias.com\/wp-content\/uploads\/2024\/04\/miriuka-lucas.jpg?resize=768%2C427&amp;ssl=1 768w\" sizes=\"auto, (max-width: 800px) 100vw, 800px\" \/><\/figure>\n\n\n\n<p><strong>Claro, eligi\u00f3 un eje distinto. La gratuidad. <\/strong>Nada dijo de los sorteos ni de la diversidad de profesionales que pueden asistir, que era el tema que abordaron los profesionales.<\/p>\n\n\n\n<p>Durante la presentaci\u00f3n del Colegio<strong>, se aclar\u00f3 que si bien los despidos de trabajadores son un conflicto en ascenso, en cuanto a casos judiciales representan una porci\u00f3n menor. La mayor parte de las causas se deben a accidentes laborales.<\/strong><\/p>\n\n\n\n<p>Una cosa m\u00e1s que solamente lo vamos a se\u00f1alar. Por fuera de la conferencia los abogados hablaron de cierta incertidumbre y expectativa que rodea al \u00e1rea laboral por los cambios que pueden presentarse con la Ley Bases. <strong>No hay total certeza sobre los aspectos que quedar\u00e1n en pie, pero hay especial atenci\u00f3n al desarrollo de los debates y, por supuesto, para la potencial judicializaci\u00f3n de lo que termine sancionado en el Congreso.<\/strong><\/p>\n\n\n\n<p class=\"has-large-font-size\"><strong>Siempre hay m\u00e1s<\/strong><\/p>\n\n\n\n<p><strong>Pedido de informe 1<\/strong>. Durante la semana se conocieron decenas de casos de envenenamientos de perros en Sierra Chica lo que gener\u00f3 gran conmoci\u00f3n y advertencias por parte de las protectoras de mascotas. Hay una investigaci\u00f3n judicial y hubo intervenci\u00f3n del Municipio. En ese marco, el bloque PRO-ERF present\u00f3 un pedido de informe en el Concejo Deliberante: \u201cacompa\u00f1amos a los vecinos de Sierra Chica y compartimos su preocupaci\u00f3n y tristeza porque estas cosas no pueden pasar\u201d definieron.<\/p>\n\n\n\n<p><strong>Pedido de informe 2. <\/strong>El mismo bloque PRO-ERF esta vez se enfoc\u00f3 en siniestros viales registrados en lo que estuvieron involucrados m\u00f3viles municipales. Afirmaron que \u201cen lo que va del a\u00f1o son varios los siniestros viales que han sido protagonizados por m\u00f3viles de Control Urbano\u201d. Mencionaron un caso registrado en abril donde se registraron v\u00edctimas de los siniestros y pidieron detalles de los \u201csiniestros viales registrados y denunciados en los \u00faltimos 90 d\u00edas\u201d.<\/p>\n\n\n\n<p><strong>Propuesta con regreso. <\/strong>El bloque Ahora Olavarr\u00eda anunci\u00f3 que ma\u00f1ana presentar\u00e1 un proyecto de ordenanza para \u201cel regreso de las Olimpiadas Estudiantiles\u201d.<\/p>\n\n\n\n<p><strong>Ramal que par\u00f3, cerr\u00f3<\/strong>. Tras meses de total incertidumbre por lo que pod\u00eda pasar, la actualizaci\u00f3n de venta de pasajes de trenes de pasajeros de Trenes Argentinos \u201cborr\u00f3\u201d definitivamente el servicio Constituci\u00f3n &#8211; Bah\u00eda Blanca, que ten\u00eda paso por Olavarr\u00eda y era muy demandado. De 3 servicios semanales a dos descarrilamientos\u2026y el adi\u00f3s, parece, definitivo.<\/p>\n\n\n\n<p class=\"has-large-font-size\"><strong>El newsletter<\/strong><\/p>\n\n\n\n<p>Esta publicaci\u00f3n es<a href=\"https:\/\/mailchi.mp\/d8003710c479\/las-gestiones-la-apertura-las-rpidas-respuestas?e=b6c762679c\"> la edici\u00f3n de este domingo del newsletter Volver a las Fuentes<\/a> que escriben Alexis Grierson y Josefina Bargas.<a href=\"https:\/\/linktr.ee\/volveralasfuentes\"> Tiene un sistema de suscripci\u00f3n econ\u00f3mica y aportes \u00fanicos al que se puede acceder aqu\u00ed.<\/a><\/p>\n","protected":false},"excerpt":{"rendered":"<p>El acuerdo del sistema de salud p\u00fablico y privado, con trasfondo pol\u00edtico: gestionar m\u00e1s all\u00e1 de las ideas. Las tensiones<\/p>\n","protected":false},"author":2,"featured_media":119082,"comment_status":"closed","ping_status":"closed","sticky":false,"template":"","format":"standard","meta":{"_jetpack_memberships_contains_paid_content":false,"footnotes":""},"categories":[4,1],"tags":[],"class_list":["post-119081","post","type-post","status-publish","format-standard","has-post-thumbnail","hentry","category-politica","category-portada"],"jetpack_featured_media_url":"https:\/\/i0.wp.com\/cdnoticias.com\/wp-content\/uploads\/2024\/06\/WhatsApp-Image-2024-06-19-at-18.38.23.jpeg?fit=1280%2C852&ssl=1","jetpack_sharing_enabled":true,"_links":{"self":[{"href":"https:\/\/cdnoticias.com\/index.php\/wp-json\/wp\/v2\/posts\/119081","targetHints":{"allow":["GET"]}}],"collection":[{"href":"https:\/\/cdnoticias.com\/index.php\/wp-json\/wp\/v2\/posts"}],"about":[{"href":"https:\/\/cdnoticias.com\/index.php\/wp-json\/wp\/v2\/types\/post"}],"author":[{"embeddable":true,"href":"https:\/\/cdnoticias.com\/index.php\/wp-json\/wp\/v2\/users\/2"}],"replies":[{"embeddable":true,"href":"https:\/\/cdnoticias.com\/index.php\/wp-json\/wp\/v2\/comments?post=119081"}],"version-history":[{"count":0,"href":"https:\/\/cdnoticias.com\/index.php\/wp-json\/wp\/v2\/posts\/119081\/revisions"}],"wp:featuredmedia":[{"embeddable":true,"href":"https:\/\/cdnoticias.com\/index.php\/wp-json\/wp\/v2\/media\/119082"}],"wp:attachment":[{"href":"https:\/\/cdnoticias.com\/index.php\/wp-json\/wp\/v2\/media?parent=119081"}],"wp:term":[{"taxonomy":"category","embeddable":true,"href":"https:\/\/cdnoticias.com\/index.php\/wp-json\/wp\/v2\/categories?post=119081"},{"taxonomy":"post_tag","embeddable":true,"href":"https:\/\/cdnoticias.com\/index.php\/wp-json\/wp\/v2\/tags?post=119081"}],"curies":[{"name":"wp","href":"https:\/\/api.w.org\/{rel}","templated":true}]}}