{"id":119077,"date":"2024-06-23T18:18:22","date_gmt":"2024-06-23T21:18:22","guid":{"rendered":"https:\/\/cdnoticias.com\/?p=119077"},"modified":"2024-06-23T18:18:24","modified_gmt":"2024-06-23T21:18:24","slug":"irma-haydee-peredo-errotavea-viuda-de-pavon-q-e-p-d","status":"publish","type":"post","link":"https:\/\/cdnoticias.com\/index.php\/2024\/06\/23\/irma-haydee-peredo-errotavea-viuda-de-pavon-q-e-p-d\/","title":{"rendered":"Irma Haydee Peredo Errotavea viuda de Pav\u00f3n (Q.E.P.D.)"},"content":{"rendered":"\n<hr class=\"wp-block-separator aligncenter has-alpha-channel-opacity\"\/>\n\n\n\n<p>Falleci\u00f3 en Olavarr\u00eda el 23 de junio de 2024 a los 88 a\u00f1os. Sus hijos Osvaldo F\u00e9lix y Salvador An\u00edbal Pav\u00f3n. Sus hijas pol\u00edticas Norma Noem\u00ed Zapata y Graciela Rohvein. Sus nietos Cristian Nicol\u00e1s, Daniel, Alberto, Marcos Leandro, Melisa Roc\u00edo, Alan Ariel, Mariana y Florencia Pav\u00f3n. Sus nietos pol\u00edticos. Sus bisnietos Malena, Enzo, Priscila, Genaro, Jazm\u00edn, Delfina y F\u00e9lix; y dem\u00e1s deudos participan su fallecimiento.<\/p>\n\n\n\n<p>Sus restos ser\u00e1n velados en la Sala de Espa\u00f1a 2942 departamento \u201cE\u201d y cremados en el Crematorio Pinos de Paz en d\u00eda y horario a confirmar. Servicio adherido a Coopelectric.<\/p>\n\n\n\n<p>Nacida en Huanguel\u00e9n, vecina de secci\u00f3n quintas de Ituzaing\u00f3 Sur, jubilada y pensionada.<\/p>\n","protected":false},"excerpt":{"rendered":"<p>Falleci\u00f3 en Olavarr\u00eda el 23 de junio de 2024 a los 88 a\u00f1os. Sus hijos Osvaldo F\u00e9lix y Salvador An\u00edbal<\/p>\n","protected":false},"author":2,"featured_media":100390,"comment_status":"closed","ping_status":"closed","sticky":false,"template":"","format":"standard","meta":{"_jetpack_memberships_contains_paid_content":false,"footnotes":""},"categories":[10],"tags":[],"class_list":["post-119077","post","type-post","status-publish","format-standard","has-post-thumbnail","hentry","category-necrologicas"],"jetpack_featured_media_url":"https:\/\/i0.wp.com\/cdnoticias.com\/wp-content\/uploads\/2023\/10\/necrologicas-390-x-240.jpg?fit=390%2C240&ssl=1","jetpack_sharing_enabled":true,"_links":{"self":[{"href":"https:\/\/cdnoticias.com\/index.php\/wp-json\/wp\/v2\/posts\/119077","targetHints":{"allow":["GET"]}}],"collection":[{"href":"https:\/\/cdnoticias.com\/index.php\/wp-json\/wp\/v2\/posts"}],"about":[{"href":"https:\/\/cdnoticias.com\/index.php\/wp-json\/wp\/v2\/types\/post"}],"author":[{"embeddable":true,"href":"https:\/\/cdnoticias.com\/index.php\/wp-json\/wp\/v2\/users\/2"}],"replies":[{"embeddable":true,"href":"https:\/\/cdnoticias.com\/index.php\/wp-json\/wp\/v2\/comments?post=119077"}],"version-history":[{"count":0,"href":"https:\/\/cdnoticias.com\/index.php\/wp-json\/wp\/v2\/posts\/119077\/revisions"}],"wp:featuredmedia":[{"embeddable":true,"href":"https:\/\/cdnoticias.com\/index.php\/wp-json\/wp\/v2\/media\/100390"}],"wp:attachment":[{"href":"https:\/\/cdnoticias.com\/index.php\/wp-json\/wp\/v2\/media?parent=119077"}],"wp:term":[{"taxonomy":"category","embeddable":true,"href":"https:\/\/cdnoticias.com\/index.php\/wp-json\/wp\/v2\/categories?post=119077"},{"taxonomy":"post_tag","embeddable":true,"href":"https:\/\/cdnoticias.com\/index.php\/wp-json\/wp\/v2\/tags?post=119077"}],"curies":[{"name":"wp","href":"https:\/\/api.w.org\/{rel}","templated":true}]}}