{"id":119047,"date":"2024-06-23T08:30:25","date_gmt":"2024-06-23T11:30:25","guid":{"rendered":"https:\/\/cdnoticias.com\/?p=119047"},"modified":"2024-06-23T08:30:27","modified_gmt":"2024-06-23T11:30:27","slug":"nelida-leticia-vessena-viuda-de-luna-abuela-leti-q-e-p-d","status":"publish","type":"post","link":"https:\/\/cdnoticias.com\/index.php\/2024\/06\/23\/nelida-leticia-vessena-viuda-de-luna-abuela-leti-q-e-p-d\/","title":{"rendered":"N\u00e9lida Leticia Vessena viuda de Luna \u201cAbuela Leti\u201d (Q.E.P.D.)"},"content":{"rendered":"\n<p>Falleci\u00f3 en Olavarr\u00eda el 23 de junio de 2024 a los 96 a\u00f1os de edad. Sus hijos Mar\u00eda Esther, Ismael, Carlos, Ra\u00fal, Angel y Graciela Luna; sus hijos pol\u00edticos; sus nietos; sus bisnietos; su hermana Beatriz; sus sobrinos; sus cuidadoras Ana y Mariela y dem\u00e1s deudos participan su fallecimiento.<\/p>\n\n\n\n<p><br>Sus restos son velados en sala &#8221;A&#8221; de Sierras Bayas y ser\u00e1n inhumados en Cementerio Municipal de Colonia San Miguel este domingo a las 11:00, previo responso en la capilla ardiente. Vecina de Colonia San Miguel. Jubilada y Pensionada.<\/p>\n","protected":false},"excerpt":{"rendered":"<p>Falleci\u00f3 en Olavarr\u00eda el 23 de junio de 2024 a los 96 a\u00f1os de edad. Sus hijos Mar\u00eda Esther, Ismael,<\/p>\n","protected":false},"author":2,"featured_media":100390,"comment_status":"closed","ping_status":"closed","sticky":false,"template":"","format":"standard","meta":{"_jetpack_memberships_contains_paid_content":false,"footnotes":""},"categories":[10],"tags":[],"class_list":["post-119047","post","type-post","status-publish","format-standard","has-post-thumbnail","hentry","category-necrologicas"],"jetpack_featured_media_url":"https:\/\/i0.wp.com\/cdnoticias.com\/wp-content\/uploads\/2023\/10\/necrologicas-390-x-240.jpg?fit=390%2C240&ssl=1","jetpack_sharing_enabled":true,"_links":{"self":[{"href":"https:\/\/cdnoticias.com\/index.php\/wp-json\/wp\/v2\/posts\/119047","targetHints":{"allow":["GET"]}}],"collection":[{"href":"https:\/\/cdnoticias.com\/index.php\/wp-json\/wp\/v2\/posts"}],"about":[{"href":"https:\/\/cdnoticias.com\/index.php\/wp-json\/wp\/v2\/types\/post"}],"author":[{"embeddable":true,"href":"https:\/\/cdnoticias.com\/index.php\/wp-json\/wp\/v2\/users\/2"}],"replies":[{"embeddable":true,"href":"https:\/\/cdnoticias.com\/index.php\/wp-json\/wp\/v2\/comments?post=119047"}],"version-history":[{"count":0,"href":"https:\/\/cdnoticias.com\/index.php\/wp-json\/wp\/v2\/posts\/119047\/revisions"}],"wp:featuredmedia":[{"embeddable":true,"href":"https:\/\/cdnoticias.com\/index.php\/wp-json\/wp\/v2\/media\/100390"}],"wp:attachment":[{"href":"https:\/\/cdnoticias.com\/index.php\/wp-json\/wp\/v2\/media?parent=119047"}],"wp:term":[{"taxonomy":"category","embeddable":true,"href":"https:\/\/cdnoticias.com\/index.php\/wp-json\/wp\/v2\/categories?post=119047"},{"taxonomy":"post_tag","embeddable":true,"href":"https:\/\/cdnoticias.com\/index.php\/wp-json\/wp\/v2\/tags?post=119047"}],"curies":[{"name":"wp","href":"https:\/\/api.w.org\/{rel}","templated":true}]}}