{"id":119045,"date":"2024-06-23T08:24:55","date_gmt":"2024-06-23T11:24:55","guid":{"rendered":"https:\/\/cdnoticias.com\/?p=119045"},"modified":"2024-06-23T08:24:56","modified_gmt":"2024-06-23T11:24:56","slug":"nilda-esther-dalessio-de-fernanadez-beba-q-e-p-d","status":"publish","type":"post","link":"https:\/\/cdnoticias.com\/index.php\/2024\/06\/23\/nilda-esther-dalessio-de-fernanadez-beba-q-e-p-d\/","title":{"rendered":"Nilda Esther D\u2019Alessio de Fern\u00e1nadez \u201cBeba\u201d (Q.E.P.D.)"},"content":{"rendered":"\n<p>Falleci\u00f3 en Olavarr\u00eda el 22 de junio de 2024 a los 86 a\u00f1os de edad. Su esposo Honorato Fern\u00e1ndez. Sus Hijos Guillermo y Walter Fern\u00e1ndez. Sus hijas pol\u00edticas Daniela y Ann. Sus nietas Bel\u00e9n y Estefan\u00eda Fern\u00e1ndez. Sus nietos pol\u00edticos. Su bisnieto Valentino. Su hermana Mirta D&#8217;alessio. Sus hermanos pol\u00edticos. Sus sobrinos y dem\u00e1s deudos participan su fallecimiento.<\/p>\n\n\n\n<p><\/p>\n\n\n\n<p>Sus restos son velados en Espa\u00f1a 2942 departamento &#8220;B&#8221; (finaliza a las 12:00) y ser\u00e1n cremados en Crematorio Pinos de Paz en d\u00eda y horario a confirmar, sin responso. Vecina de Barrio Pueblo Nuevo. Nacida en Olavarr\u00eda. Docente Jubilada.<\/p>\n","protected":false},"excerpt":{"rendered":"<p>Falleci\u00f3 en Olavarr\u00eda el 22 de junio de 2024 a los 86 a\u00f1os de edad. Su esposo Honorato Fern\u00e1ndez. Sus<\/p>\n","protected":false},"author":2,"featured_media":100390,"comment_status":"closed","ping_status":"closed","sticky":false,"template":"","format":"standard","meta":{"_jetpack_memberships_contains_paid_content":false,"footnotes":""},"categories":[10],"tags":[],"class_list":["post-119045","post","type-post","status-publish","format-standard","has-post-thumbnail","hentry","category-necrologicas"],"jetpack_featured_media_url":"https:\/\/i0.wp.com\/cdnoticias.com\/wp-content\/uploads\/2023\/10\/necrologicas-390-x-240.jpg?fit=390%2C240&ssl=1","jetpack_sharing_enabled":true,"_links":{"self":[{"href":"https:\/\/cdnoticias.com\/index.php\/wp-json\/wp\/v2\/posts\/119045","targetHints":{"allow":["GET"]}}],"collection":[{"href":"https:\/\/cdnoticias.com\/index.php\/wp-json\/wp\/v2\/posts"}],"about":[{"href":"https:\/\/cdnoticias.com\/index.php\/wp-json\/wp\/v2\/types\/post"}],"author":[{"embeddable":true,"href":"https:\/\/cdnoticias.com\/index.php\/wp-json\/wp\/v2\/users\/2"}],"replies":[{"embeddable":true,"href":"https:\/\/cdnoticias.com\/index.php\/wp-json\/wp\/v2\/comments?post=119045"}],"version-history":[{"count":0,"href":"https:\/\/cdnoticias.com\/index.php\/wp-json\/wp\/v2\/posts\/119045\/revisions"}],"wp:featuredmedia":[{"embeddable":true,"href":"https:\/\/cdnoticias.com\/index.php\/wp-json\/wp\/v2\/media\/100390"}],"wp:attachment":[{"href":"https:\/\/cdnoticias.com\/index.php\/wp-json\/wp\/v2\/media?parent=119045"}],"wp:term":[{"taxonomy":"category","embeddable":true,"href":"https:\/\/cdnoticias.com\/index.php\/wp-json\/wp\/v2\/categories?post=119045"},{"taxonomy":"post_tag","embeddable":true,"href":"https:\/\/cdnoticias.com\/index.php\/wp-json\/wp\/v2\/tags?post=119045"}],"curies":[{"name":"wp","href":"https:\/\/api.w.org\/{rel}","templated":true}]}}