{"id":119030,"date":"2024-06-22T18:31:25","date_gmt":"2024-06-22T21:31:25","guid":{"rendered":"https:\/\/cdnoticias.com\/?p=119030"},"modified":"2024-06-22T18:31:27","modified_gmt":"2024-06-22T21:31:27","slug":"las-jubilaciones-siguen-perdiendo-contra-la-inflacion-y-la-caida-acumula-entre-6-y-14-en-el-ultimo-ano","status":"publish","type":"post","link":"https:\/\/cdnoticias.com\/index.php\/2024\/06\/22\/las-jubilaciones-siguen-perdiendo-contra-la-inflacion-y-la-caida-acumula-entre-6-y-14-en-el-ultimo-ano\/","title":{"rendered":"Las jubilaciones siguen perdiendo contra la inflaci\u00f3n y la ca\u00edda acumula entre 6% y 14% en el \u00faltimo a\u00f1o"},"content":{"rendered":"\n<p>La ca\u00edda del poder adquisitivo de jubilados y pensionados viene experimentando un lento descenso desde 2017.<\/p>\n\n\n\n<hr class=\"wp-block-separator aligncenter has-alpha-channel-opacity\"\/>\n\n\n\n<p><strong>El poder adquisitivo de los jubilados contin\u00faa descendiendo a\u00f1o tras a\u00f1o. <\/strong>En el caso de los que no perciben bonos <strong>el salario real cay\u00f3 14% en el \u00faltimo a\u00f1o mientras que en el caso de los que cobran el refuerzo bajaron un 6,2%, seg\u00fan surge de cifras oficiales<\/strong>. <strong>Las prestaciones, en n\u00fameros reales, acumulan un descenso del 54% desde 2017, si no se cobran bonos, y del 26,2% en el caso de recibirlos. <\/strong>Estos datos corren entre septiembre de 2017, bajo la presidencia de Mauricio Macri, y diciembre de 2033.<\/p>\n\n\n\n<p>En el caso de los que perciben un haber m\u00ednimo y suman a ese ingreso el bono mensual de $ 70.000,<strong> el poder adquisitivo de mayo fue 6% m\u00e1s bajo que el de seis meses atr\u00e1s.<\/strong><\/p>\n\n\n\n<p>En este grupo est\u00e1 casi la mitad de los jubilados y pensionados, de acuerdo con datos de la Subsecretar\u00eda de Seguridad Social publicados por La Naci\u00f3n.<\/p>\n\n\n\n<p class=\"has-medium-font-size\">Siete a\u00f1os de p\u00e9rdida<\/p>\n\n\n\n<p><strong>Las prestaciones pagadas por la Anses acumularon una muy fuerte p\u00e9rdida de poder adquisitivo desde 2017 que se profundiz\u00f3 en los primeros meses de este a\u00f1o. <\/strong>Entre septiembre de 2017 y diciembre de 2023 los ingresos acumularon ca\u00eddas de 26,2%, en el caso de quienes cobran la prestaci\u00f3n m\u00ednima y tienen bono desde hace un a\u00f1o y medio, y de alrededor de 54% en el caso de quienes no reciben refuerzo.<\/p>\n\n\n\n<p><strong>En 2023, la ca\u00edda del poder de compra fue de 14,2% para quienes cobran el haber m\u00ednimo m\u00e1s bono; de 32,3% para los que nunca tuvieron refuerzo (sin tener necesariamente ingresos que puedan considerarse medios o altos), y 37,4% para el grupo de quienes percibieron un adicional durante un a\u00f1o y dejaron de cobrarlo en septiembre del a\u00f1o pasado.<\/strong><\/p>\n\n\n\n<p>No obstante, en los primeros cinco meses del a\u00f1o la suba de haberes fue de 79,9% y la inflaci\u00f3n, de 71,9%.<\/p>\n\n\n\n<p><strong>En julio se aplicar\u00e1 un alza de 4,2% y el ingreso m\u00e1s bajo de sistema (incluido el bono de $ 70,000) se ubicar\u00e1 en $ 285.600, aproximadamente. <\/strong>(DIB)<\/p>\n","protected":false},"excerpt":{"rendered":"<p>La ca\u00edda del poder adquisitivo de jubilados y pensionados viene experimentando un lento descenso desde 2017. El poder adquisitivo de<\/p>\n","protected":false},"author":2,"featured_media":50828,"comment_status":"closed","ping_status":"closed","sticky":false,"template":"","format":"standard","meta":{"_jetpack_memberships_contains_paid_content":false,"footnotes":""},"categories":[6,1],"tags":[],"class_list":["post-119030","post","type-post","status-publish","format-standard","has-post-thumbnail","hentry","category-nacionales","category-portada"],"jetpack_featured_media_url":"https:\/\/i0.wp.com\/cdnoticias.com\/wp-content\/uploads\/2022\/04\/anses-jubilados-1068x601-1.jpg?fit=1068%2C601&ssl=1","jetpack_sharing_enabled":true,"_links":{"self":[{"href":"https:\/\/cdnoticias.com\/index.php\/wp-json\/wp\/v2\/posts\/119030","targetHints":{"allow":["GET"]}}],"collection":[{"href":"https:\/\/cdnoticias.com\/index.php\/wp-json\/wp\/v2\/posts"}],"about":[{"href":"https:\/\/cdnoticias.com\/index.php\/wp-json\/wp\/v2\/types\/post"}],"author":[{"embeddable":true,"href":"https:\/\/cdnoticias.com\/index.php\/wp-json\/wp\/v2\/users\/2"}],"replies":[{"embeddable":true,"href":"https:\/\/cdnoticias.com\/index.php\/wp-json\/wp\/v2\/comments?post=119030"}],"version-history":[{"count":0,"href":"https:\/\/cdnoticias.com\/index.php\/wp-json\/wp\/v2\/posts\/119030\/revisions"}],"wp:featuredmedia":[{"embeddable":true,"href":"https:\/\/cdnoticias.com\/index.php\/wp-json\/wp\/v2\/media\/50828"}],"wp:attachment":[{"href":"https:\/\/cdnoticias.com\/index.php\/wp-json\/wp\/v2\/media?parent=119030"}],"wp:term":[{"taxonomy":"category","embeddable":true,"href":"https:\/\/cdnoticias.com\/index.php\/wp-json\/wp\/v2\/categories?post=119030"},{"taxonomy":"post_tag","embeddable":true,"href":"https:\/\/cdnoticias.com\/index.php\/wp-json\/wp\/v2\/tags?post=119030"}],"curies":[{"name":"wp","href":"https:\/\/api.w.org\/{rel}","templated":true}]}}