{"id":119010,"date":"2024-06-21T19:50:06","date_gmt":"2024-06-21T22:50:06","guid":{"rendered":"https:\/\/cdnoticias.com\/?p=119010"},"modified":"2024-06-21T19:50:09","modified_gmt":"2024-06-21T22:50:09","slug":"como-estara-el-tiempo-en-olavarria-para-este-sabado-22-de-junio","status":"publish","type":"post","link":"https:\/\/cdnoticias.com\/index.php\/2024\/06\/21\/como-estara-el-tiempo-en-olavarria-para-este-sabado-22-de-junio\/","title":{"rendered":"C\u00f3mo estar\u00e1 el tiempo en Olavarr\u00eda para este s\u00e1bado 22 de junio"},"content":{"rendered":"\n<p>Habr\u00e1 neblina en la ma\u00f1ana, cielos nublados durante la tarde y posibilidad de lluvias aisladas en la noche. Aqu\u00ed te dejamos el pron\u00f3stico del tiempo para que puedas planificar tu d\u00eda.<\/p>\n\n\n\n<hr class=\"wp-block-separator aligncenter has-alpha-channel-opacity\"\/>\n\n\n\n<p><strong>En la madrugada, se espera la formaci\u00f3n de neblina. <\/strong>La temperatura ser\u00e1 de alrededor de 9\u00b0C, con vientos leves provenientes del sureste (SE) soplando entre 7 y 12 km\/h. <strong>Estas condiciones pueden reducir la visibilidad, afectando las primeras horas del d\u00eda.<\/strong><\/p>\n\n\n\n<p><strong>Durante la ma\u00f1ana, la neblina persistir\u00e1, y la temperatura bajar\u00e1 ligeramente a 7\u00b0C. <\/strong>Los vientos del sureste (SE) aumentar\u00e1n su velocidad a entre 13 y 22 km\/h, lo que podr\u00eda intensificar la sensaci\u00f3n de fr\u00edo.<\/p>\n\n\n\n<p>En la tarde, el cielo estar\u00e1 nublado.<strong> La temperatura alcanzar\u00e1 un m\u00e1ximo de 13\u00b0C, y los vientos se mantendr\u00e1n provenientes del sureste (SE) a velocidades de 13 a 22 km\/h.<\/strong><\/p>\n\n\n\n<p><strong>Para la noche, se esperan lluvias aisladas.<\/strong> La temperatura descender\u00e1 a unos 8\u00b0C, y los vientos cambiar\u00e1n de direcci\u00f3n hacia el sur (S), aumentando a entre 23 y 31 km\/h.<strong> Aunque la probabilidad de lluvia es baja, es recomendable tener un paraguas a mano por precauci\u00f3n.<\/strong><\/p>\n\n\n\n<p>Este s\u00e1bado en Olavarr\u00eda estar\u00e1 marcado por la neblina matutina, cielos nublados a lo largo del d\u00eda y condiciones inestables hacia la noche. <strong>Llevar abrigo y paraguas ser\u00e1 \u00fatil debido a las temperaturas fr\u00edas y la posibilidad de lluvias aisladas.<\/strong><\/p>\n","protected":false},"excerpt":{"rendered":"<p>Habr\u00e1 neblina en la ma\u00f1ana, cielos nublados durante la tarde y posibilidad de lluvias aisladas en la noche. Aqu\u00ed te<\/p>\n","protected":false},"author":2,"featured_media":118740,"comment_status":"closed","ping_status":"closed","sticky":false,"template":"","format":"standard","meta":{"_jetpack_memberships_contains_paid_content":false,"footnotes":""},"categories":[5],"tags":[],"class_list":["post-119010","post","type-post","status-publish","format-standard","has-post-thumbnail","hentry","category-informacion-general"],"jetpack_featured_media_url":"https:\/\/i0.wp.com\/cdnoticias.com\/wp-content\/uploads\/2024\/06\/clima-nublado-atardecer-01.jpg?fit=1000%2C563&ssl=1","jetpack_sharing_enabled":true,"_links":{"self":[{"href":"https:\/\/cdnoticias.com\/index.php\/wp-json\/wp\/v2\/posts\/119010","targetHints":{"allow":["GET"]}}],"collection":[{"href":"https:\/\/cdnoticias.com\/index.php\/wp-json\/wp\/v2\/posts"}],"about":[{"href":"https:\/\/cdnoticias.com\/index.php\/wp-json\/wp\/v2\/types\/post"}],"author":[{"embeddable":true,"href":"https:\/\/cdnoticias.com\/index.php\/wp-json\/wp\/v2\/users\/2"}],"replies":[{"embeddable":true,"href":"https:\/\/cdnoticias.com\/index.php\/wp-json\/wp\/v2\/comments?post=119010"}],"version-history":[{"count":0,"href":"https:\/\/cdnoticias.com\/index.php\/wp-json\/wp\/v2\/posts\/119010\/revisions"}],"wp:featuredmedia":[{"embeddable":true,"href":"https:\/\/cdnoticias.com\/index.php\/wp-json\/wp\/v2\/media\/118740"}],"wp:attachment":[{"href":"https:\/\/cdnoticias.com\/index.php\/wp-json\/wp\/v2\/media?parent=119010"}],"wp:term":[{"taxonomy":"category","embeddable":true,"href":"https:\/\/cdnoticias.com\/index.php\/wp-json\/wp\/v2\/categories?post=119010"},{"taxonomy":"post_tag","embeddable":true,"href":"https:\/\/cdnoticias.com\/index.php\/wp-json\/wp\/v2\/tags?post=119010"}],"curies":[{"name":"wp","href":"https:\/\/api.w.org\/{rel}","templated":true}]}}