{"id":119000,"date":"2024-06-21T19:53:35","date_gmt":"2024-06-21T22:53:35","guid":{"rendered":"https:\/\/cdnoticias.com\/?p=119000"},"modified":"2024-06-22T11:10:05","modified_gmt":"2024-06-22T14:10:05","slug":"cazola-hoy-la-urgencia-de-las-mujeres-y-las-disidencias-tiene-que-ver-con-lo-economico","status":"publish","type":"post","link":"https:\/\/cdnoticias.com\/index.php\/2024\/06\/21\/cazola-hoy-la-urgencia-de-las-mujeres-y-las-disidencias-tiene-que-ver-con-lo-economico\/","title":{"rendered":"Cazola: \u201cHoy la urgencia de las mujeres y las disidencias tiene que ver con lo econ\u00f3mico\u201d"},"content":{"rendered":"\n<p>La directora de la s\u00e9ptima regi\u00f3n del Ministerio de Mujeres y Diversidad habl\u00f3 sobre el trabajo en territorio. Municipios que desfinancian \u00e1reas de g\u00e9nero, el recrudecimiento de discursos violentos y la desaparici\u00f3n del programa Acompa\u00f1ar.<\/p>\n\n\n\n<hr class=\"wp-block-separator has-alpha-channel-opacity\"\/>\n\n\n\n<p>La<strong> concejala de UxP y directora de la s\u00e9ptima regi\u00f3n del Ministerio de Mujeres y Diversidad de la Provincia, Hosanna Cazola<\/strong>, habl\u00f3 con <em>Central de Noticias<\/em> sobre el trabajo realizado en territorio en materia de violencias en un contexto de crisis econ\u00f3mica que agudiza las distintas problem\u00e1ticas.<\/p>\n\n\n\n<p><\/p>\n\n\n\n<p>La s\u00e9ptima regi\u00f3n comprende los municipios de <strong>25 de Mayo, Roque P\u00e9rez, Saladillo, Alvear, Tapalqu\u00e9, Azul, Olavarr\u00eda y Bol\u00edvar.<\/strong> Cazola se\u00f1al\u00f3 que \u201clos recursos son escasos\u201d ya que \u201cla provincia est\u00e1 en un momento complejo de deuda del gobierno nacional\u201d. En este contexto, <strong>\u201cnuestro trabajo est\u00e1 abocado a articular las pol\u00edticas provinciales de una manera m\u00e1s eficiente e inteligente\u201d.<\/strong><\/p>\n\n\n\n<p><\/p>\n\n\n\n<p>Adem\u00e1s, mencion\u00f3 la <strong>resistencia que encuentran en algunos municipios a partir del cambio de gobierno a nivel nacional. <\/strong>Resistencia discursiva y pr\u00e1ctica, con \u00e1reas de g\u00e9nero que<strong> perdieron su jerarqu\u00eda o fueron desmanteladas.<\/strong><\/p>\n\n\n\n<p><\/p>\n\n\n\n<p><strong>\u00bfC\u00f3mo se est\u00e1 trabajando actualmente desde las direcciones regionales del ministerio de Mujeres y Diversidad en territorio?<\/strong><\/p>\n\n\n\n<p><br>Con el cambio de gobierno a nivel nacional, en la provincia, la Ministra junto con el Gobernador toman la decisi\u00f3n de fortalecer el ministerio de Mujeres, viendo que uno de los sectores que est\u00e1n siendo atacados por el gobierno nacional \u00e9ramos las mujeres y las disidencias. En ese sentido se hace el cambio de nombre del ministerio a Mujeres y Diversidad como para poder nominalizar bien el \u00e1rea de acci\u00f3n y a su vez, se reestructuran las \u00e1reas del ministerio en torno a la cuesti\u00f3n del abordaje, acompa\u00f1amiento y salida de las violencias y en la autonom\u00eda econ\u00f3mica de las mujeres.<\/p>\n\n\n\n<p><\/p>\n\n\n\n<p>En los cuatro a\u00f1os anteriores de la gesti\u00f3n anterior lo que hab\u00edamos intentado sobre el final de la gesti\u00f3n, era fortalecer la transversalizaci\u00f3n, la promoci\u00f3n de los derechos, una cuesti\u00f3n un poco m\u00e1s de entramado comunitario en torno a pensar las desigualdades por razones de g\u00e9nero.<strong> En este escenario tuvimos que retomar aquellas cuestiones m\u00e1s duras y m\u00e1s de urgencia debido al contexto.<\/strong><\/p>\n\n\n\n<p><\/p>\n\n\n\n<blockquote class=\"wp-block-quote is-layout-flow wp-block-quote-is-layout-flow\">\n<p>En el primer trimestre del a\u00f1o estuvimos trabajando en la planificaci\u00f3n de estas acciones y desde las direcciones regionales el trabajo que estamos llevando adelante es generar la optimizaci\u00f3n de los recursos de la provincia para que lleguen a los territorios. <\/p>\n<\/blockquote>\n\n\n\n<p><\/p>\n\n\n\n<figure class=\"wp-block-image size-full\"><img data-recalc-dims=\"1\" loading=\"lazy\" decoding=\"async\" width=\"800\" height=\"445\" src=\"https:\/\/i0.wp.com\/cdnoticias.com\/wp-content\/uploads\/2024\/06\/ministerio-mujeres-cazola-01.jpg?resize=800%2C445&#038;ssl=1\" alt=\"\" class=\"wp-image-117594\" srcset=\"https:\/\/i0.wp.com\/cdnoticias.com\/wp-content\/uploads\/2024\/06\/ministerio-mujeres-cazola-01.jpg?w=800&amp;ssl=1 800w, https:\/\/i0.wp.com\/cdnoticias.com\/wp-content\/uploads\/2024\/06\/ministerio-mujeres-cazola-01.jpg?resize=300%2C167&amp;ssl=1 300w, https:\/\/i0.wp.com\/cdnoticias.com\/wp-content\/uploads\/2024\/06\/ministerio-mujeres-cazola-01.jpg?resize=768%2C427&amp;ssl=1 768w\" sizes=\"auto, (max-width: 800px) 100vw, 800px\" \/><\/figure>\n\n\n\n<p><\/p>\n\n\n\n<p><strong>Cuando \u201cbajan\u201d a los municipios que abarcan la s\u00e9ptima regi\u00f3n \u00bfse encuentran con realidades distintas? \u00bfEsos municipios tienen conformadas \u00e1reas de g\u00e9nero?<\/strong><\/p>\n\n\n\n<p><br>Cuando nosotras terminamos la gesti\u00f3n el a\u00f1o pasado hab\u00edamos logrado ese primer objetivo que era conformar \u00e1reas g\u00e9nero en cada uno de los municipios. En algunos municipios estaban jerarquizadas las tareas de g\u00e9nero, se hab\u00edan transformado en direcci\u00f3n, y en otros municipios eran \u00e1reas g\u00e9nero que depend\u00edan de alguna jefatura de gobierno o generalmente del \u00e1rea de desarrollo. <strong>Pero los equipos estaban, el 10 de diciembre del a\u00f1o pasado eso estaba en toda la s\u00e9ptima.<\/strong><\/p>\n\n\n\n<p><\/p>\n\n\n\n<blockquote class=\"wp-block-quote is-layout-flow wp-block-quote-is-layout-flow\">\n<p>Despu\u00e9s hubo municipios que con el cambio de gobierno tomaron decisiones no solo de desjerarquizar, sino de desarmar esas \u00e1reas y hasta abocar los recursos humanos a otras \u00e1reas. <\/p>\n<\/blockquote>\n\n\n\n<p><\/p>\n\n\n\n<p>Es complejo porque es volver a retomar ese trabajo con posiciones pol\u00edticas bastante m\u00e1s duras en este contexto. Cuando iniciamos all\u00e1 en el 2020 no hab\u00eda grandes resistencias a que era una necesidad el armado de estos equipos y <strong>ahora nos encontramos con posicionamientos donde es muy dif\u00edcil la articulaci\u00f3n.<\/strong><\/p>\n\n\n\n<p><\/p>\n\n\n\n<p><strong>\u00bfQu\u00e9 impacto tiene en el territorio el cierre por parte del gobierno nacional, por ejemplo, de la subsecretar\u00eda de Protecci\u00f3n Contra la Violencia de G\u00e9nero?<\/strong><\/p>\n\n\n\n<p><br><strong>El primer impacto es el mensaje pol\u00edtico y simb\u00f3lico sobre esa decisi\u00f3n.<\/strong> Tiene que ver con esto, con que ahora est\u00e1 habilitado el posicionamiento pol\u00edtico de que un \u00e1rea de g\u00e9nero no es necesaria en un municipio. Nadie se esconde para decirlo, nadie se pone colorado al decirlo. Posteriormente el impacto es que se desarticula o <strong>se rompe la red que se crea en los territorios<\/strong>, al faltar uno de los actores m\u00e1s importantes como es el Ejecutivo municipal se empieza a romper esa red.<\/p>\n\n\n\n<p><\/p>\n\n\n\n<p>Despu\u00e9s a mi entender uno de los flagelos m\u00e1s grandes de este gobierno nacional es <strong>haber dado de baja de manera abrupta y sin ning\u00fan tipo de explicaci\u00f3n el Programa Acompa\u00f1ar.<\/strong> Era un recurso fundamental, el 95% del presupuesto del Ministerio de Naci\u00f3n estaba abocado a este programa. Este recurso de la transferencia econ\u00f3mica directa a las mujeres no existe creo que en Latinoam\u00e9rica.<\/p>\n\n\n\n<p><\/p>\n\n\n\n<figure class=\"wp-block-image size-full\"><img data-recalc-dims=\"1\" loading=\"lazy\" decoding=\"async\" width=\"800\" height=\"445\" src=\"https:\/\/i0.wp.com\/cdnoticias.com\/wp-content\/uploads\/2024\/01\/plenario-CTA-en-azul-01-hosanna-cazola.jpg?resize=800%2C445&#038;ssl=1\" alt=\"\" class=\"wp-image-107007\" srcset=\"https:\/\/i0.wp.com\/cdnoticias.com\/wp-content\/uploads\/2024\/01\/plenario-CTA-en-azul-01-hosanna-cazola.jpg?w=800&amp;ssl=1 800w, https:\/\/i0.wp.com\/cdnoticias.com\/wp-content\/uploads\/2024\/01\/plenario-CTA-en-azul-01-hosanna-cazola.jpg?resize=300%2C167&amp;ssl=1 300w, https:\/\/i0.wp.com\/cdnoticias.com\/wp-content\/uploads\/2024\/01\/plenario-CTA-en-azul-01-hosanna-cazola.jpg?resize=768%2C427&amp;ssl=1 768w\" sizes=\"auto, (max-width: 800px) 100vw, 800px\" \/><\/figure>\n\n\n\n<p><\/p>\n\n\n\n<p><strong>\u00bfHubo repercusiones en las mujeres y disidencias beneficiarias de este programa?<\/strong><\/p>\n\n\n\n<p><br>De un momento para otro se cerr\u00f3 la plataforma y no hay manera de saber qu\u00e9 sucede ni con las personas que fueron cargadas a este ese d\u00eda, ni con algunas que no cobraron, otras que est\u00e1n empezando a dejar de cobrar ahora. Algo absolutamente cruel.<\/p>\n\n\n\n<p><\/p>\n\n\n\n<p>No nos encontramos con un reclamo directo, creo que al estar tan cerca de las compa\u00f1eras, de quienes recib\u00edan el programa, logramos anticiparnos, decir \u2018bueno, esto puede llegar a suceder\u201d.<\/p>\n\n\n\n<p><\/p>\n\n\n\n<p>Tambi\u00e9n al momento del cierre del Ministerio de Mujeres de Naci\u00f3n tambi\u00e9n me llam\u00f3 mucho la atenci\u00f3n que no se haya generado algo m\u00e1s. <strong>Creo que es un signo de \u00e9poca y en mi caso me hago cargo de que quiz\u00e1s no logramos llegar con esta pol\u00edtica p\u00fablica a constituirla como un derecho.<\/strong><\/p>\n\n\n\n<p><\/p>\n\n\n\n<p><strong>\u00bfDesde lo discursivo puede haber impacto en el no reclamo? \u00bfHablar de \u201cplaneros\u201d y \u201cplaneras\u201d puede haber generado que una persona no se sienta con el derecho a reclamar esta pol\u00edtica?<\/strong><\/p>\n\n\n\n<p><br>Yo creo que s\u00ed, que <strong>lo discursivo impacta<\/strong>. Ahora, pens\u00e1ndolo con vos tambi\u00e9n me doy cuenta que cuando se dan de baja de forma masiva muchos Potenciar, tampoco hubo una gran reacci\u00f3n de los beneficiarios.<\/p>\n\n\n\n<p><\/p>\n\n\n\n<p>Es tan grande la <strong>estigmatizaci\u00f3n sobre estos programas<\/strong> y sobres las mujeres y las disidencias que efectivamente son programas dirigidos a personas en situaciones de violencia y la revictimizaci\u00f3n para reclamar un derecho como estos.<\/p>\n\n\n\n<p><\/p>\n\n\n\n<p><strong>\u00bfEn Olavarr\u00eda cu\u00e1les son las principales demandas en este contexto de crisis?<\/strong><\/p>\n\n\n\n<p><br>Ya nos lo ven\u00edan adelantando las compa\u00f1eras de las organizaciones sociales cuando hablamos a principio de a\u00f1o pensando en el 8 de marzo, ellas nos plantearon que la consigna del feminismo ten\u00eda que ser que <strong>la urgencia son las ollas.<\/strong><\/p>\n\n\n\n<p><\/p>\n\n\n\n<blockquote class=\"wp-block-quote is-layout-flow wp-block-quote-is-layout-flow\">\n<p>Si bien hay un recrudecimiento, la urgencia hoy de las mujeres y disidencias que se acercan a las instituciones tiene que ver con lo econ\u00f3mico. Donde se achica la cuesti\u00f3n econ\u00f3mica, las primeras que empezamos a perder somos nosotras. <\/p>\n<\/blockquote>\n\n\n\n<p><\/p>\n\n\n\n<p>Yo creo que quiz\u00e1 todav\u00eda falta un poquito m\u00e1s para que empecemos a ver el impacto del recrudecimiento de la violencia. Si, est\u00e1 sucediendo en t\u00e9rminos simb\u00f3licos, <strong>un recrudecimiento que est\u00e1 habilitado en los espacios p\u00fablicos para las expresiones violentas.<\/strong><\/p>\n\n\n\n<p><\/p>\n\n\n\n<p><strong>\u00bfSent\u00eds un retroceso en este tema?<\/strong><\/p>\n\n\n\n<p><br>Cuando tuvimos una de las primeras reuniones con la Ministra para planificar el laburo este a\u00f1o una de las cuestiones que les expres\u00e9 era la sensaci\u00f3n es la de volver a estar en el 2020. Es como volver ah\u00ed cuando<strong> cre\u00edamos que ya estaba saldado, ya estaba avanzado.<\/strong><\/p>\n\n\n\n<p><br>Necesitamos volver a encontrarnos, volver a discutir, encontrar nuestras consignas, <strong>recuperar este movimiento, esta marea que supimos ser<\/strong>, porque necesitamos conducir de alguna manera este momento tan ca\u00f3tico y cruel que estamos viviendo y quienes mejores que las mujeres y las disidencias para mostrar un poco cu\u00e1l puede ser el camino.<\/p>\n","protected":false},"excerpt":{"rendered":"<p>La directora de la s\u00e9ptima regi\u00f3n del Ministerio de Mujeres y Diversidad habl\u00f3 sobre el trabajo en territorio. Municipios que<\/p>\n","protected":false},"author":2,"featured_media":103635,"comment_status":"closed","ping_status":"closed","sticky":false,"template":"","format":"standard","meta":{"_jetpack_memberships_contains_paid_content":false,"footnotes":""},"categories":[3,1],"tags":[],"class_list":["post-119000","post","type-post","status-publish","format-standard","has-post-thumbnail","hentry","category-genero","category-portada"],"jetpack_featured_media_url":"https:\/\/i0.wp.com\/cdnoticias.com\/wp-content\/uploads\/2023\/12\/cazola-hosanna-concejal.jpg?fit=800%2C450&ssl=1","jetpack_sharing_enabled":true,"_links":{"self":[{"href":"https:\/\/cdnoticias.com\/index.php\/wp-json\/wp\/v2\/posts\/119000","targetHints":{"allow":["GET"]}}],"collection":[{"href":"https:\/\/cdnoticias.com\/index.php\/wp-json\/wp\/v2\/posts"}],"about":[{"href":"https:\/\/cdnoticias.com\/index.php\/wp-json\/wp\/v2\/types\/post"}],"author":[{"embeddable":true,"href":"https:\/\/cdnoticias.com\/index.php\/wp-json\/wp\/v2\/users\/2"}],"replies":[{"embeddable":true,"href":"https:\/\/cdnoticias.com\/index.php\/wp-json\/wp\/v2\/comments?post=119000"}],"version-history":[{"count":0,"href":"https:\/\/cdnoticias.com\/index.php\/wp-json\/wp\/v2\/posts\/119000\/revisions"}],"wp:featuredmedia":[{"embeddable":true,"href":"https:\/\/cdnoticias.com\/index.php\/wp-json\/wp\/v2\/media\/103635"}],"wp:attachment":[{"href":"https:\/\/cdnoticias.com\/index.php\/wp-json\/wp\/v2\/media?parent=119000"}],"wp:term":[{"taxonomy":"category","embeddable":true,"href":"https:\/\/cdnoticias.com\/index.php\/wp-json\/wp\/v2\/categories?post=119000"},{"taxonomy":"post_tag","embeddable":true,"href":"https:\/\/cdnoticias.com\/index.php\/wp-json\/wp\/v2\/tags?post=119000"}],"curies":[{"name":"wp","href":"https:\/\/api.w.org\/{rel}","templated":true}]}}