{"id":118987,"date":"2024-06-21T13:33:49","date_gmt":"2024-06-21T16:33:49","guid":{"rendered":"https:\/\/cdnoticias.com\/?p=118987"},"modified":"2024-06-21T13:33:51","modified_gmt":"2024-06-21T16:33:51","slug":"anibal-rafael-grigera-pato-q-e-p-d","status":"publish","type":"post","link":"https:\/\/cdnoticias.com\/index.php\/2024\/06\/21\/anibal-rafael-grigera-pato-q-e-p-d\/","title":{"rendered":"An\u00edbal Rafael Grigera \u201cPato\u201d (Q.E.P.D.)"},"content":{"rendered":"\n<p>Falleci\u00f3 en Olavarr\u00eda el 20 de junio de 2024 a los 70 a\u00f1os de edad. Su esposa Elba Lorenzo; su hija Gabriela Grigera; su hijo pol\u00edtico Diego Menchaca; su nieta Antonela Aylin Menchaca; su hermana; sus sobrinos; sus primos y dem\u00e1s deudos participan su fallecimiento.<\/p>\n\n\n\n<p>Sus restos son velados en Espa\u00f1a 2942, Departamento &#8220;E&#8221;, este viernes hasta las 17:00 y ser\u00e1n inhumados en el cementerio Loma de Paz este s\u00e1bado a las 9:30, previo responso en la capilla ardiente. Vecino de barrio El Provincial. Nacido en Olavarr\u00eda. Jubilado de la Empresa &#8220;Pinos de Paz S. A&#8221;.<\/p>\n","protected":false},"excerpt":{"rendered":"<p>Falleci\u00f3 en Olavarr\u00eda el 20 de junio de 2024 a los 70 a\u00f1os de edad. Su esposa Elba Lorenzo; su<\/p>\n","protected":false},"author":2,"featured_media":100390,"comment_status":"closed","ping_status":"closed","sticky":false,"template":"","format":"standard","meta":{"_jetpack_memberships_contains_paid_content":false,"footnotes":""},"categories":[10],"tags":[],"class_list":["post-118987","post","type-post","status-publish","format-standard","has-post-thumbnail","hentry","category-necrologicas"],"jetpack_featured_media_url":"https:\/\/i0.wp.com\/cdnoticias.com\/wp-content\/uploads\/2023\/10\/necrologicas-390-x-240.jpg?fit=390%2C240&ssl=1","jetpack_sharing_enabled":true,"_links":{"self":[{"href":"https:\/\/cdnoticias.com\/index.php\/wp-json\/wp\/v2\/posts\/118987","targetHints":{"allow":["GET"]}}],"collection":[{"href":"https:\/\/cdnoticias.com\/index.php\/wp-json\/wp\/v2\/posts"}],"about":[{"href":"https:\/\/cdnoticias.com\/index.php\/wp-json\/wp\/v2\/types\/post"}],"author":[{"embeddable":true,"href":"https:\/\/cdnoticias.com\/index.php\/wp-json\/wp\/v2\/users\/2"}],"replies":[{"embeddable":true,"href":"https:\/\/cdnoticias.com\/index.php\/wp-json\/wp\/v2\/comments?post=118987"}],"version-history":[{"count":0,"href":"https:\/\/cdnoticias.com\/index.php\/wp-json\/wp\/v2\/posts\/118987\/revisions"}],"wp:featuredmedia":[{"embeddable":true,"href":"https:\/\/cdnoticias.com\/index.php\/wp-json\/wp\/v2\/media\/100390"}],"wp:attachment":[{"href":"https:\/\/cdnoticias.com\/index.php\/wp-json\/wp\/v2\/media?parent=118987"}],"wp:term":[{"taxonomy":"category","embeddable":true,"href":"https:\/\/cdnoticias.com\/index.php\/wp-json\/wp\/v2\/categories?post=118987"},{"taxonomy":"post_tag","embeddable":true,"href":"https:\/\/cdnoticias.com\/index.php\/wp-json\/wp\/v2\/tags?post=118987"}],"curies":[{"name":"wp","href":"https:\/\/api.w.org\/{rel}","templated":true}]}}