{"id":118973,"date":"2024-06-21T10:35:08","date_gmt":"2024-06-21T13:35:08","guid":{"rendered":"https:\/\/cdnoticias.com\/?p=118973"},"modified":"2024-06-21T19:11:24","modified_gmt":"2024-06-21T22:11:24","slug":"fallecio-el-ciclista-embestido-por-un-auto-en-avenida-colon","status":"publish","type":"post","link":"https:\/\/cdnoticias.com\/index.php\/2024\/06\/21\/fallecio-el-ciclista-embestido-por-un-auto-en-avenida-colon\/","title":{"rendered":"Falleci\u00f3 el ciclista embestido por un auto en avenida Col\u00f3n"},"content":{"rendered":"\n<p>El accidente ocurri\u00f3 durante la jornada del jueves. El hombre de 70 a\u00f1os hab\u00eda sido trasladado en grave estado al Hospital Municipal.<\/p>\n\n\n\n<hr class=\"wp-block-separator has-alpha-channel-opacity\"\/>\n\n\n\n<p>El ciclista que sufri\u00f3 graves heridas producto de un<a href=\"https:\/\/cdnoticias.com\/index.php\/2024\/06\/20\/un-ciclista-herido-de-gravedad-en-un-accidente\/\" data-type=\"link\" data-id=\"https:\/\/cdnoticias.com\/index.php\/2024\/06\/20\/un-ciclista-herido-de-gravedad-en-un-accidente\/\"> accidente en avenida Col\u00f3n al 5900<\/a>, falleci\u00f3 luego de ser trasladado al Hospital Municipal \u201cDr. H\u00e9ctor Cura\u201d en grave estado.<\/p>\n\n\n\n<p><\/p>\n\n\n\n<p>Seg\u00fan se inform\u00f3, durante la jornada del jueves <strong>un auto Renault 19 que circulaba por avenida Col\u00f3n en direcci\u00f3n a avenida Circunvalaci\u00f3n, embisti\u00f3 por motivos que se tratan de establecer, a un ciclista<\/strong> que se trasladaba en la misma direcci\u00f3n.<\/p>\n\n\n\n<p><\/p>\n\n\n\n<blockquote class=\"wp-block-quote is-layout-flow wp-block-quote-is-layout-flow\">\n<p>El hombre de 70 a\u00f1os, identificado como Rafael An\u00edbal Grigera, fue asistido por personal de salud y derivado al centro de salud local, con un traumatismo ecefalocraneano grave, lo que le provoc\u00f3 la muerte.<\/p>\n<\/blockquote>\n\n\n\n<p><\/p>\n\n\n\n<p>La causa est\u00e1 caratulada como <strong>\u201chomicidio culposo\u201d<\/strong> a cargo de la UFI N\u00b0 4 de la doctora Paula Serrano.<\/p>\n","protected":false},"excerpt":{"rendered":"<p>El accidente ocurri\u00f3 durante la jornada del jueves. El hombre de 70 a\u00f1os hab\u00eda sido trasladado en grave estado al<\/p>\n","protected":false},"author":2,"featured_media":118912,"comment_status":"closed","ping_status":"closed","sticky":false,"template":"","format":"standard","meta":{"_jetpack_memberships_contains_paid_content":false,"footnotes":""},"categories":[14,1],"tags":[],"class_list":["post-118973","post","type-post","status-publish","format-standard","has-post-thumbnail","hentry","category-policiales","category-portada"],"jetpack_featured_media_url":"https:\/\/i0.wp.com\/cdnoticias.com\/wp-content\/uploads\/2024\/06\/accidente-avcolon-ciclista.jpg?fit=800%2C445&ssl=1","jetpack_sharing_enabled":true,"_links":{"self":[{"href":"https:\/\/cdnoticias.com\/index.php\/wp-json\/wp\/v2\/posts\/118973","targetHints":{"allow":["GET"]}}],"collection":[{"href":"https:\/\/cdnoticias.com\/index.php\/wp-json\/wp\/v2\/posts"}],"about":[{"href":"https:\/\/cdnoticias.com\/index.php\/wp-json\/wp\/v2\/types\/post"}],"author":[{"embeddable":true,"href":"https:\/\/cdnoticias.com\/index.php\/wp-json\/wp\/v2\/users\/2"}],"replies":[{"embeddable":true,"href":"https:\/\/cdnoticias.com\/index.php\/wp-json\/wp\/v2\/comments?post=118973"}],"version-history":[{"count":0,"href":"https:\/\/cdnoticias.com\/index.php\/wp-json\/wp\/v2\/posts\/118973\/revisions"}],"wp:featuredmedia":[{"embeddable":true,"href":"https:\/\/cdnoticias.com\/index.php\/wp-json\/wp\/v2\/media\/118912"}],"wp:attachment":[{"href":"https:\/\/cdnoticias.com\/index.php\/wp-json\/wp\/v2\/media?parent=118973"}],"wp:term":[{"taxonomy":"category","embeddable":true,"href":"https:\/\/cdnoticias.com\/index.php\/wp-json\/wp\/v2\/categories?post=118973"},{"taxonomy":"post_tag","embeddable":true,"href":"https:\/\/cdnoticias.com\/index.php\/wp-json\/wp\/v2\/tags?post=118973"}],"curies":[{"name":"wp","href":"https:\/\/api.w.org\/{rel}","templated":true}]}}