{"id":118953,"date":"2024-06-20T19:51:01","date_gmt":"2024-06-20T22:51:01","guid":{"rendered":"https:\/\/cdnoticias.com\/?p=118953"},"modified":"2024-06-20T19:51:04","modified_gmt":"2024-06-20T22:51:04","slug":"facso-se-prepara-para-recibir-a-cientos-de-estudiantes-secundarios-en-sociales-en-accion","status":"publish","type":"post","link":"https:\/\/cdnoticias.com\/index.php\/2024\/06\/20\/facso-se-prepara-para-recibir-a-cientos-de-estudiantes-secundarios-en-sociales-en-accion\/","title":{"rendered":"FACSO se prepara para recibir a cientos de estudiantes secundarios en \u201cSociales en Acci\u00f3n\u201d"},"content":{"rendered":"\n<p>Ser\u00e1 el pr\u00f3ximo 27 de junio en el Campus Universitario, en la edici\u00f3n 24 de esta jornada destinada a estudiantes secundarios de Olavarr\u00eda y la regi\u00f3n. Todos los talleres.<\/p>\n\n\n\n<hr class=\"wp-block-separator aligncenter has-alpha-channel-opacity\"\/>\n\n\n\n<p>Una vez m\u00e1s,<strong> la Facultad de Ciencias Sociales organiza la tradicional jornada Sociales en Acci\u00f3n, una propuesta que promueve el desarrollo de acciones de articulaci\u00f3n entre los niveles Secundario y Universitario <\/strong>y de acompa\u00f1amiento a los\/as estudiantes en el proceso de elecci\u00f3n de una carrera universitaria.<\/p>\n\n\n\n<p>En su 24\u00aa edici\u00f3n, <strong>Sociales en Acci\u00f3n ofrecer\u00e1 diversos talleres y actividades en tem\u00e1ticas vinculadas a las carreras que se dictan en la Facultad de Ciencias Sociales, como Antropolog\u00eda, Arqueolog\u00eda, Comunicaci\u00f3n, Periodismo, Educaci\u00f3n, Producci\u00f3n Medi\u00e1tica, Perspectiva de G\u00e9nero y Educaci\u00f3n Sexual Integral, pr\u00e1cticas de ingreso a la universidad, entre otros.<\/strong><\/p>\n\n\n\n<figure class=\"wp-block-image size-large\"><img data-recalc-dims=\"1\" loading=\"lazy\" decoding=\"async\" width=\"800\" height=\"496\" src=\"https:\/\/i0.wp.com\/cdnoticias.com\/wp-content\/uploads\/2024\/06\/sociales-accion2.jpg?resize=800%2C496&#038;ssl=1\" alt=\"\" class=\"wp-image-118956\" srcset=\"https:\/\/i0.wp.com\/cdnoticias.com\/wp-content\/uploads\/2024\/06\/sociales-accion2.jpg?resize=1024%2C635&amp;ssl=1 1024w, https:\/\/i0.wp.com\/cdnoticias.com\/wp-content\/uploads\/2024\/06\/sociales-accion2.jpg?resize=300%2C186&amp;ssl=1 300w, https:\/\/i0.wp.com\/cdnoticias.com\/wp-content\/uploads\/2024\/06\/sociales-accion2.jpg?resize=768%2C476&amp;ssl=1 768w, https:\/\/i0.wp.com\/cdnoticias.com\/wp-content\/uploads\/2024\/06\/sociales-accion2.jpg?w=1304&amp;ssl=1 1304w\" sizes=\"auto, (max-width: 800px) 100vw, 800px\" \/><\/figure>\n\n\n\n<p>La jornada se realizar\u00e1 el pr\u00f3ximo jueves 27 de junio y<strong> se extender\u00e1 entre las 9 y las 17 horas. La totalidad de las actividades se llevar\u00e1n adelante en la sede del Complejo Universitario de Olavarr\u00eda. La apertura ser\u00e1 a las 8.30, con la participaci\u00f3n de autoridades de la Facultad de Ciencias Sociales, y posteriormente se realizar\u00e1 la inscripci\u00f3n a los talleres.<\/strong><\/p>\n\n\n\n<p>A pocos d\u00edas del desarrollo de Sociales en Acci\u00f3n, <strong>ya confirmaron la participaci\u00f3n cientos de estudiantes de los \u00faltimos a\u00f1os de escuelas secundarias de Olavarr\u00eda y las localidades.<\/strong><\/p>\n\n\n\n<p>Adem\u00e1s, <strong>habr\u00e1 un espacio recreativo, cafeter\u00eda, venta de tortas, y sorteos para todos los estudiantes que participen del encuentro en ambos turnos.<\/strong><\/p>\n\n\n\n<p class=\"has-large-font-size\">Talleres<\/p>\n\n\n\n<p><strong>-&#8220;Hay equipo&#8221; Comunicaci\u00f3n y liderazgo<\/strong>: Siempre formamos parte de alg\u00fan grupo. Creamos grupos. Dejamos de formar parte. Estamos en varios grupos.accionint 6 \u00bfPor qu\u00e9 son tan importantes los grupos? \u00bfCu\u00e1les son las claves para crear grupos que nos nutran y de los que podamos sentirnos parte y aprender?<\/p>\n\n\n\n<p><strong>-\u201cBiodiversxs y nativxs\u201d<\/strong>: se realizar\u00e1 una observaci\u00f3n activa multisensorial, el registro y reconocimiento de especies en las inmediaciones del Complejo Universitario.<\/p>\n\n\n\n<p><strong>-Ce Sociales &#8211; Representaci\u00f3n pol\u00edtica estudiantil: <\/strong>se abordar\u00e1n tem\u00e1ticas que tienen que ver con la dimensi\u00f3n pol\u00edtica de ser estudiante, espacios de representaci\u00f3n, derechos estudiantiles y militancia universitaria.<\/p>\n\n\n\n<p><strong>-\u00bfC\u00f3mo me llaman? \u00bfC\u00f3mo te nombro?:<\/strong> reflexiones para un uso del Lenguaje Inclusivo<\/p>\n\n\n\n<p><strong>-Descifrando la escena del crimen<\/strong>: se presentar\u00e1n m\u00e9todos y t\u00e9cnicas propios de la arqueolog\u00eda que pueden ser aplicados a un contexto forense y se tratar\u00e1 de reconstruir una escena del crimen analizando distinto tipo de evidencias.<\/p>\n\n\n\n<p><strong>-De los medios a la arena pol\u00edtica: la construcci\u00f3n del enemigo.<\/strong> Se realizar\u00e1 un an\u00e1lisis cr\u00edtico del discurso pol\u00edtico mediatizado y se buscar\u00e1 reflexionar sobre el valor del enemigo pol\u00edtico en la construcci\u00f3n de la palabra adversativa.<\/p>\n\n\n\n<p><strong>-El machismo a fuego lento. <\/strong>Reflexiones en la intersecci\u00f3n de la antropolog\u00eda, la comunicaci\u00f3n, el feminismo y la alimentaci\u00f3n<\/p>\n\n\n\n<p><strong>-\u201cMis NOTICIAS\u201d:<\/strong> se abordar\u00e1 el trabajo radiof\u00f3nico en relaci\u00f3n con la realidad. Producci\u00f3n, aire y edici\u00f3n.<\/p>\n\n\n\n<p><strong>-Periodistas por un d\u00eda: <\/strong>a partir de la experiencia en la Agencia de Noticias Comunica, se invitar\u00e1 a vivir en primera persona c\u00f3mo es el d\u00eda de un\/a periodista en la oficina de redacci\u00f3n.<\/p>\n\n\n\n<figure class=\"wp-block-image size-large\"><img data-recalc-dims=\"1\" loading=\"lazy\" decoding=\"async\" width=\"800\" height=\"534\" src=\"https:\/\/i0.wp.com\/cdnoticias.com\/wp-content\/uploads\/2024\/06\/sociales-accion.jpg?resize=800%2C534&#038;ssl=1\" alt=\"\" class=\"wp-image-118954\" srcset=\"https:\/\/i0.wp.com\/cdnoticias.com\/wp-content\/uploads\/2024\/06\/sociales-accion.jpg?resize=1024%2C683&amp;ssl=1 1024w, https:\/\/i0.wp.com\/cdnoticias.com\/wp-content\/uploads\/2024\/06\/sociales-accion.jpg?resize=300%2C200&amp;ssl=1 300w, https:\/\/i0.wp.com\/cdnoticias.com\/wp-content\/uploads\/2024\/06\/sociales-accion.jpg?resize=768%2C512&amp;ssl=1 768w, https:\/\/i0.wp.com\/cdnoticias.com\/wp-content\/uploads\/2024\/06\/sociales-accion.jpg?resize=272%2C182&amp;ssl=1 272w, https:\/\/i0.wp.com\/cdnoticias.com\/wp-content\/uploads\/2024\/06\/sociales-accion.jpg?w=1440&amp;ssl=1 1440w\" sizes=\"auto, (max-width: 800px) 100vw, 800px\" \/><\/figure>\n\n\n\n<p>&#8211;<strong>Producci\u00f3n radiof\u00f3nica:<\/strong> se conocer\u00e1n los elementos b\u00e1sicos del lenguaje radiof\u00f3nico y roles de la producci\u00f3n radiof\u00f3nica.<\/p>\n\n\n\n<p><strong>-\u00a1Que no te tape la ola! Surfeando el ingreso a los estudios superiores:<\/strong> la propuesta busca acercar a los estudios universitarios y al oficio del estudiante.<\/p>\n\n\n\n<p><strong>-Somos diversidad: <\/strong>se abordar\u00e1n temas relacionados a la Educaci\u00f3n Sexual Integral (ESI), m\u00e1s concretamente al eje de la diversidad.<\/p>\n\n\n\n<p><strong>-Taller de arqueolog\u00eda. Detectives del pasado en el futuro. <\/strong>Se busca reflexionar acerca del rol de la Arqueolog\u00eda como disciplina antropol\u00f3gica generadora de conocimiento sobre los modos de vida de las sociedades del pasado y su impacto en la sociedad actual.<\/p>\n\n\n\n<p><strong>-Tras la huella de un antrop\u00f3logx.<\/strong> A modo de detective con su lupa se pretende buscar aquellas huellas que caracterizan el oficio antropol\u00f3gico a fin de desmitificar algunas ideas sobre la antropolog\u00eda: qu\u00e9 es, qu\u00e9 estudia y c\u00f3mo lo hace.<\/p>\n\n\n\n<p><strong>-Wid\u00fcfes, alfareros de la Tierra\u2026 Nuestra casa-cuerpo: <\/strong>se abordar\u00e1 la observaci\u00f3n, la problematizaci\u00f3n, el intercambio y la intervenci\u00f3n desde los aportes de la econom\u00eda social, solidaria y popular y la relaci\u00f3n con pr\u00e1cticas de soberan\u00eda alimentaria y reconocimiento de saberes.<\/p>\n\n\n\n<p><strong>-Acciones y prevenciones contra el Grooming y el Acoso en la Internet.<\/strong> En este taller abordaremos c\u00f3mo identificar y prevenir este tipo de acoso en l\u00ednea que tiene como v\u00edctima principalmente a ni\u00f1os, ni\u00f1as y adolescentes.<\/p>\n\n\n\n<p><strong>Se pueden realizar consultas a socialesenaccion.olavarria@gmail.com o a trav\u00e9s de las redes sociales: Instagram @socenaccion y Facebook Sociales en Acci\u00f3n<\/strong><\/p>\n","protected":false},"excerpt":{"rendered":"<p>Ser\u00e1 el pr\u00f3ximo 27 de junio en el Campus Universitario, en la edici\u00f3n 24 de esta jornada destinada a estudiantes<\/p>\n","protected":false},"author":2,"featured_media":118955,"comment_status":"closed","ping_status":"closed","sticky":false,"template":"","format":"standard","meta":{"_jetpack_memberships_contains_paid_content":false,"footnotes":""},"categories":[5,1],"tags":[],"class_list":["post-118953","post","type-post","status-publish","format-standard","has-post-thumbnail","hentry","category-informacion-general","category-portada"],"jetpack_featured_media_url":"https:\/\/i0.wp.com\/cdnoticias.com\/wp-content\/uploads\/2024\/06\/sociales-accion1.jpg?fit=1408%2C947&ssl=1","jetpack_sharing_enabled":true,"_links":{"self":[{"href":"https:\/\/cdnoticias.com\/index.php\/wp-json\/wp\/v2\/posts\/118953","targetHints":{"allow":["GET"]}}],"collection":[{"href":"https:\/\/cdnoticias.com\/index.php\/wp-json\/wp\/v2\/posts"}],"about":[{"href":"https:\/\/cdnoticias.com\/index.php\/wp-json\/wp\/v2\/types\/post"}],"author":[{"embeddable":true,"href":"https:\/\/cdnoticias.com\/index.php\/wp-json\/wp\/v2\/users\/2"}],"replies":[{"embeddable":true,"href":"https:\/\/cdnoticias.com\/index.php\/wp-json\/wp\/v2\/comments?post=118953"}],"version-history":[{"count":0,"href":"https:\/\/cdnoticias.com\/index.php\/wp-json\/wp\/v2\/posts\/118953\/revisions"}],"wp:featuredmedia":[{"embeddable":true,"href":"https:\/\/cdnoticias.com\/index.php\/wp-json\/wp\/v2\/media\/118955"}],"wp:attachment":[{"href":"https:\/\/cdnoticias.com\/index.php\/wp-json\/wp\/v2\/media?parent=118953"}],"wp:term":[{"taxonomy":"category","embeddable":true,"href":"https:\/\/cdnoticias.com\/index.php\/wp-json\/wp\/v2\/categories?post=118953"},{"taxonomy":"post_tag","embeddable":true,"href":"https:\/\/cdnoticias.com\/index.php\/wp-json\/wp\/v2\/tags?post=118953"}],"curies":[{"name":"wp","href":"https:\/\/api.w.org\/{rel}","templated":true}]}}