{"id":118878,"date":"2024-06-19T18:29:15","date_gmt":"2024-06-19T21:29:15","guid":{"rendered":"https:\/\/cdnoticias.com\/?p=118878"},"modified":"2024-06-19T18:29:17","modified_gmt":"2024-06-19T21:29:17","slug":"medicamentos-los-mas-consumidos-por-adultos-mayores-aumentaron-un-166-de-noviembre-a-mayo","status":"publish","type":"post","link":"https:\/\/cdnoticias.com\/index.php\/2024\/06\/19\/medicamentos-los-mas-consumidos-por-adultos-mayores-aumentaron-un-166-de-noviembre-a-mayo\/","title":{"rendered":"Medicamentos: los m\u00e1s consumidos por adultos mayores aumentaron un 166% de noviembre a mayo"},"content":{"rendered":"\n<p>Es un incremento de muy por encima de la inflaci\u00f3n, que contrasta con la ca\u00edda de las jubilaciones reales, advirti\u00f3 un informe del CEPA.<\/p>\n\n\n\n<hr class=\"wp-block-separator aligncenter has-alpha-channel-opacity\"\/>\n\n\n\n<p>Los<strong> precios de los medicamentos que m\u00e1s consumen los adultos mayores en la Argentina aumentaron un 166% desde que Javier Milei gan\u00f3 las elecciones en noviembre pasado,<\/strong> <strong>una cifra muy por encima de la inflaci\u00f3n<\/strong>, que fue del 143,2% en el mismo periodo.<\/p>\n\n\n\n<p><\/p>\n\n\n\n<p>As\u00ed lo advirti\u00f3 un informe conjunto del Centro de Econom\u00eda Pol\u00edtica Argentina (CEPA), del Centro de Estudios Pol\u00edticos para Personas Mayores (Ceppema) y la Asociaci\u00f3n Latinoamericana de Gerontolog\u00eda Comunitaria (Algec) que se conoci\u00f3 en las \u00faltimas horas.<\/p>\n\n\n\n<p><\/p>\n\n\n\n<p>\u201cTras el triunfo de Javier Milei, el comportamiento de precios de medicamentos m\u00e1s utilizados por personas mayores inici\u00f3 un raid de incrementos significativos: <strong>a finales del mes de noviembre se registr\u00f3 una suba del 25,7%, en diciembre el incremento alcanz\u00f3 40,9%, en enero sumaron 13,6%, en febrero ajustaron al 15,0%, en marzo al 8,4%, en abril al 2,5% y en mayo al 3,8%<\/strong>\u201d, precis\u00f3 el documento.<\/p>\n\n\n\n<p><\/p>\n\n\n\n<blockquote class=\"wp-block-quote is-layout-flow wp-block-quote-is-layout-flow\">\n<p>Es decir, en seis meses, los medicamentos que las personas mayores utilizan habitualmente remarcaron sus precios en 166,9%, superando ampliamente la inflaci\u00f3n de ese mismo per\u00edodo, que fue del 143,2%.<\/p>\n<\/blockquote>\n\n\n\n<p><\/p>\n\n\n\n<p>Pero adem\u00e1s, <strong>los medicamentos con cobertura del PAMI subieron incluso por encima<\/strong>: en noviembre se ajustaron 14,5%; en diciembre, aumentaron 15,6%; en enero 33,8%,; en febrero mantuvieron su precio, pero en marzo volvieron a subir un 19,4%, en abril un 16% y en mayo 16,6%. De este modo, acumularon 186% de aumento en los \u00faltimos seis meses, unos 43 puntos por sobre la inflaci\u00f3n.<\/p>\n\n\n\n<p><\/p>\n\n\n\n<p>Adem\u00e1s, en el registro interanual <strong>los 10 medicamentos que m\u00e1s aumentaron lo hicieron en un 427%.<\/strong> Esto incluye f\u00e1rmacos muy utilizados como el Daflon 500 (para aumentar la tonicidad de las venas) y Trastocir (para el tratamiento de trastornos vasculares perif\u00e9ricos).<\/p>\n\n\n\n<p><\/p>\n\n\n\n<figure class=\"wp-block-image aligncenter size-full\"><img data-recalc-dims=\"1\" loading=\"lazy\" decoding=\"async\" width=\"506\" height=\"291\" src=\"https:\/\/i0.wp.com\/cdnoticias.com\/wp-content\/uploads\/2024\/06\/aumento-precios-medicamentos.jpg?resize=506%2C291&#038;ssl=1\" alt=\"\" class=\"wp-image-118879\" srcset=\"https:\/\/i0.wp.com\/cdnoticias.com\/wp-content\/uploads\/2024\/06\/aumento-precios-medicamentos.jpg?w=506&amp;ssl=1 506w, https:\/\/i0.wp.com\/cdnoticias.com\/wp-content\/uploads\/2024\/06\/aumento-precios-medicamentos.jpg?resize=300%2C173&amp;ssl=1 300w\" sizes=\"auto, (max-width: 506px) 100vw, 506px\" \/><\/figure>\n\n\n\n<p><\/p>\n\n\n\n<blockquote class=\"wp-block-quote is-layout-flow wp-block-quote-is-layout-flow\">\n<p>Entre esos 10 productos tambi\u00e9n se encuentran el Ibupirac 600 MG que es uno de los antiinflamatorios no esteroideo (AINE) m\u00e1s utilizado para combatir dolores y fiebre, que aument\u00f3 548% y Aspirina Prevent, un antiagregante plaquetario utilizado para reducir el riesgo de morbilidad y mortalidad en pacientes con antecedentes de infarto de miocardio, angina de pecho, angioplastia coronaria, ACV no hemorr\u00e1gico, que aument\u00f3 564%.<\/p>\n<\/blockquote>\n\n\n\n<p><\/p>\n\n\n\n<p>En este contexto, el CEPA advirti\u00f3 por el car\u00e1cter oligop\u00f3lico del mercado farmac\u00e9utico local. \u201cLas ventas (tanto en unidades como en valores) est\u00e1n concentradas en las principales firmas: las dos primeras alcanzan el 21%, las 6 primeras empresas representan el 50% del mercado total, y las 11 primeras el 75% de las ventas totales\u201d, detall\u00f3 el informe.<\/p>\n\n\n\n<p><\/p>\n\n\n\n<p>Como contraste de la suba de los medicamentos, el informe subray\u00f3 <strong>la ca\u00edda del poder adquisitivo de las jubilaciones<\/strong>. \u201c<em>Desde la asunci\u00f3n de Javier Milei, la jubilaci\u00f3n m\u00ednima con bonos sufre una ca\u00edda de 25,1 puntos porcentuales entre diciembre 2023 y mayo 2024. En el caso de la jubilaci\u00f3n m\u00ednima sin bonos la ca\u00edda para el mismo per\u00edodo es de 13,4 puntos porcentuales\u201d,<\/em> se\u00f1al\u00f3.<\/p>\n\n\n\n<p><\/p>\n\n\n\n<p><em>Fuente: DIB<\/em><\/p>\n","protected":false},"excerpt":{"rendered":"<p>Es un incremento de muy por encima de la inflaci\u00f3n, que contrasta con la ca\u00edda de las jubilaciones reales, advirti\u00f3<\/p>\n","protected":false},"author":6,"featured_media":100678,"comment_status":"closed","ping_status":"closed","sticky":false,"template":"","format":"standard","meta":{"_jetpack_memberships_contains_paid_content":false,"footnotes":""},"categories":[6,1],"tags":[],"class_list":["post-118878","post","type-post","status-publish","format-standard","has-post-thumbnail","hentry","category-nacionales","category-portada"],"jetpack_featured_media_url":"https:\/\/i0.wp.com\/cdnoticias.com\/wp-content\/uploads\/2023\/10\/farmacia-medicamentos.jpg?fit=1000%2C563&ssl=1","jetpack_sharing_enabled":true,"_links":{"self":[{"href":"https:\/\/cdnoticias.com\/index.php\/wp-json\/wp\/v2\/posts\/118878","targetHints":{"allow":["GET"]}}],"collection":[{"href":"https:\/\/cdnoticias.com\/index.php\/wp-json\/wp\/v2\/posts"}],"about":[{"href":"https:\/\/cdnoticias.com\/index.php\/wp-json\/wp\/v2\/types\/post"}],"author":[{"embeddable":true,"href":"https:\/\/cdnoticias.com\/index.php\/wp-json\/wp\/v2\/users\/6"}],"replies":[{"embeddable":true,"href":"https:\/\/cdnoticias.com\/index.php\/wp-json\/wp\/v2\/comments?post=118878"}],"version-history":[{"count":0,"href":"https:\/\/cdnoticias.com\/index.php\/wp-json\/wp\/v2\/posts\/118878\/revisions"}],"wp:featuredmedia":[{"embeddable":true,"href":"https:\/\/cdnoticias.com\/index.php\/wp-json\/wp\/v2\/media\/100678"}],"wp:attachment":[{"href":"https:\/\/cdnoticias.com\/index.php\/wp-json\/wp\/v2\/media?parent=118878"}],"wp:term":[{"taxonomy":"category","embeddable":true,"href":"https:\/\/cdnoticias.com\/index.php\/wp-json\/wp\/v2\/categories?post=118878"},{"taxonomy":"post_tag","embeddable":true,"href":"https:\/\/cdnoticias.com\/index.php\/wp-json\/wp\/v2\/tags?post=118878"}],"curies":[{"name":"wp","href":"https:\/\/api.w.org\/{rel}","templated":true}]}}