{"id":118837,"date":"2024-07-02T17:01:25","date_gmt":"2024-07-02T20:01:25","guid":{"rendered":"https:\/\/cdnoticias.com\/?p=118837"},"modified":"2024-07-02T17:01:27","modified_gmt":"2024-07-02T20:01:27","slug":"te-y-poesia-en-la-biblioteca-popular-armando-collinet","status":"publish","type":"post","link":"https:\/\/cdnoticias.com\/index.php\/2024\/07\/02\/te-y-poesia-en-la-biblioteca-popular-armando-collinet\/","title":{"rendered":"T\u00e9 y poes\u00eda en la Biblioteca Popular Armando Collinet"},"content":{"rendered":"\n<p>Se realizar\u00e1 un encuentro el primer viernes de cada mes. La propuesta estar\u00e1 a cargo de Melisa Prado y su Proyecto Petricor e iniciar\u00e1 en julio.<\/p>\n\n\n\n<hr class=\"wp-block-separator aligncenter has-alpha-channel-opacity\"\/>\n\n\n\n<p>Con la idea de generar un encuentro literario,<strong> la Biblioteca Popular Armando Collinet<\/strong> abrir\u00e1 sus puertas para disfrutar de <strong>t\u00e9 y poes\u00eda.<\/strong><\/p>\n\n\n\n<p><\/p>\n\n\n\n<p>La actividad denominada <strong><em>\u201cT\u00e9. (s.) Un poema en una taza\u201d<\/em><\/strong>, se realizar\u00e1 los <strong>primeros viernes de cada mes <\/strong>y ser\u00e1 coordinada por <strong>Melisa Prado<\/strong>, quien lleva adelante el <strong>Proyecto Petricor<\/strong>, <strong>espacio dedicado a realizar blends de t\u00e9, libretas y m\u00e1s.<\/strong><\/p>\n\n\n\n<p><\/p>\n\n\n\n<p>La propuesta literaria creativa r<strong>evisar\u00e1 conocimientos b\u00e1sicos sobre el mundo del t\u00e9<\/strong> (historia y preparado), <strong>se armar\u00e1 un infusor de tela<\/strong> y se realizar\u00e1 una <strong>producci\u00f3n literaria <\/strong>a trav\u00e9s de un mazo de cartas \u201cLa po\u00e9tica del t\u00e9\u201d a modo de disparador. A su vez, se disfrutar\u00e1 de una <strong>mesa dulce con budines artesanales y diversas piezas musicales.<\/strong><\/p>\n\n\n\n<figure class=\"wp-block-image aligncenter size-large\"><img data-recalc-dims=\"1\" loading=\"lazy\" decoding=\"async\" width=\"800\" height=\"800\" src=\"https:\/\/i0.wp.com\/cdnoticias.com\/wp-content\/uploads\/2024\/06\/Feed-Biblio-3.png?resize=800%2C800&#038;ssl=1\" alt=\"\" class=\"wp-image-118838\" srcset=\"https:\/\/i0.wp.com\/cdnoticias.com\/wp-content\/uploads\/2024\/06\/Feed-Biblio-3.png?resize=1024%2C1024&amp;ssl=1 1024w, https:\/\/i0.wp.com\/cdnoticias.com\/wp-content\/uploads\/2024\/06\/Feed-Biblio-3.png?resize=300%2C300&amp;ssl=1 300w, https:\/\/i0.wp.com\/cdnoticias.com\/wp-content\/uploads\/2024\/06\/Feed-Biblio-3.png?resize=150%2C150&amp;ssl=1 150w, https:\/\/i0.wp.com\/cdnoticias.com\/wp-content\/uploads\/2024\/06\/Feed-Biblio-3.png?resize=768%2C768&amp;ssl=1 768w, https:\/\/i0.wp.com\/cdnoticias.com\/wp-content\/uploads\/2024\/06\/Feed-Biblio-3.png?w=1080&amp;ssl=1 1080w\" sizes=\"auto, (max-width: 800px) 100vw, 800px\" \/><\/figure>\n\n\n\n<p><\/p>\n\n\n\n<blockquote class=\"wp-block-quote is-layout-flow wp-block-quote-is-layout-flow\">\n<p>La actividad tendr\u00e1 una duraci\u00f3n de dos horas y se desarrollar\u00e1 el viernes 5 de julio de 14 a 16 horas en la Biblioteca con sede en calle Alsina 2659.<\/p>\n<\/blockquote>\n\n\n\n<p><\/p>\n\n\n\n<p>Cabe mencionar que <strong>cada encuentro tendr\u00e1 un valor de $7.000 por persona<\/strong> y contar\u00e1 con un 10% menos si vienen acompa\u00f1ados de otra persona. <strong>Se incluir\u00e1n materiales y un regalo sorpresa para quienes se inscriban.<\/strong><\/p>\n\n\n\n<p><\/p>\n\n\n\n<p>Para m\u00e1s informaci\u00f3n o para reservar lugar, acercarse a Alsina 2659 de lunes a viernes de 9 a 12 y de 14 a 18 horas. O comunicarse a trav\u00e9s de los siguientes medios: WhatsApp: 2284 545589; T\u00e9lefono: 418654; Facebook: Biblioteca Popular Armando Collinet; Instagram: biblio_armando_collinet; Correo electr\u00f3nico: biblioarmandocollinet@hotmail.com.<\/p>\n","protected":false},"excerpt":{"rendered":"<p>Se realizar\u00e1 un encuentro el primer viernes de cada mes. La propuesta estar\u00e1 a cargo de Melisa Prado y su<\/p>\n","protected":false},"author":6,"featured_media":115700,"comment_status":"closed","ping_status":"closed","sticky":false,"template":"","format":"standard","meta":{"_jetpack_memberships_contains_paid_content":false,"footnotes":""},"categories":[9,1],"tags":[],"class_list":["post-118837","post","type-post","status-publish","format-standard","has-post-thumbnail","hentry","category-cultura","category-portada"],"jetpack_featured_media_url":"https:\/\/i0.wp.com\/cdnoticias.com\/wp-content\/uploads\/2024\/05\/Biblioteca-Popular-Armando-Collinet.jpeg?fit=800%2C450&ssl=1","jetpack_sharing_enabled":true,"_links":{"self":[{"href":"https:\/\/cdnoticias.com\/index.php\/wp-json\/wp\/v2\/posts\/118837","targetHints":{"allow":["GET"]}}],"collection":[{"href":"https:\/\/cdnoticias.com\/index.php\/wp-json\/wp\/v2\/posts"}],"about":[{"href":"https:\/\/cdnoticias.com\/index.php\/wp-json\/wp\/v2\/types\/post"}],"author":[{"embeddable":true,"href":"https:\/\/cdnoticias.com\/index.php\/wp-json\/wp\/v2\/users\/6"}],"replies":[{"embeddable":true,"href":"https:\/\/cdnoticias.com\/index.php\/wp-json\/wp\/v2\/comments?post=118837"}],"version-history":[{"count":0,"href":"https:\/\/cdnoticias.com\/index.php\/wp-json\/wp\/v2\/posts\/118837\/revisions"}],"wp:featuredmedia":[{"embeddable":true,"href":"https:\/\/cdnoticias.com\/index.php\/wp-json\/wp\/v2\/media\/115700"}],"wp:attachment":[{"href":"https:\/\/cdnoticias.com\/index.php\/wp-json\/wp\/v2\/media?parent=118837"}],"wp:term":[{"taxonomy":"category","embeddable":true,"href":"https:\/\/cdnoticias.com\/index.php\/wp-json\/wp\/v2\/categories?post=118837"},{"taxonomy":"post_tag","embeddable":true,"href":"https:\/\/cdnoticias.com\/index.php\/wp-json\/wp\/v2\/tags?post=118837"}],"curies":[{"name":"wp","href":"https:\/\/api.w.org\/{rel}","templated":true}]}}