{"id":11882,"date":"2021-01-20T17:14:46","date_gmt":"2021-01-20T20:14:46","guid":{"rendered":"http:\/\/www.centraldenoticias.com.ar\/?p=11882"},"modified":"2021-01-20T18:30:32","modified_gmt":"2021-01-20T21:30:32","slug":"no-declararon-y-fueron-liberados-los-acusados-por-el-robo-en-una-escuela","status":"publish","type":"post","link":"https:\/\/cdnoticias.com\/index.php\/2021\/01\/20\/no-declararon-y-fueron-liberados-los-acusados-por-el-robo-en-una-escuela\/","title":{"rendered":"No declararon y fueron liberados los acusados por el robo en una escuela"},"content":{"rendered":"<p>Garant\u00edas no acompa\u00f1\u00f3 el pedido para que se formalice la detenci\u00f3n de los hombres, a los que se los acusa haber intentado robar en la Escuela T\u00e9cnica 1.<!--more--><\/p>\n<hr \/>\n<p>En las \u00faltimas horas, a trav\u00e9s de comunicaciones oficiales, se tom\u00f3 conocimiento de <a href=\"https:\/\/cdnoticias.com\/index.php\/2021\/01\/19\/sorprendieron-a-dos-hombres-robando-en-la-escuela-tecnica-n-1-fueron-aprehendidos\/\" target=\"_blank\" rel=\"noopener\">un robo en la Escuela T\u00e9cnica 1, ubicada sobre Eva Per\u00f3n y R\u00edo Negro<\/a>, donde al menos dos personas hab\u00edan irrumpido y retirado una serie de chapas, que luego cargaron en un veh\u00edculo y escapar.<\/p>\n<p>&nbsp;<\/p>\n<p>El aviso al servicio de emergencias y la r\u00e1pida respuesta del Comando de Patrullas permiti\u00f3 instantes despu\u00e9s interceptar un Renault 12, siguiendo siempre con las caracter\u00edsticas y descripciones aportadas en la denuncia. De esa manera <strong>no solo se logr\u00f3 la captura de los autores del hecho, sino tambi\u00e9n el secuestro y recuperaci\u00f3n de 3 chapas galvanizadas que hab\u00edan sido sustra\u00eddas del interior del establecimiento educativo.<\/strong><\/p>\n<p>&nbsp;<\/p>\n<p><img data-recalc-dims=\"1\" loading=\"lazy\" decoding=\"async\" class=\"alignnone size-large wp-image-1882\" src=\"https:\/\/i0.wp.com\/cdnoticias.com\/wp-content\/uploads\/2020\/09\/WhatsApp-Image-2020-08-31-at-16.11.41-4.jpeg?resize=800%2C600&#038;ssl=1\" alt=\"\" width=\"800\" height=\"600\" \/><\/p>\n<p>&nbsp;<\/p>\n<p>Al identificarlos se estableci\u00f3 que <strong>se trat\u00f3 de dos hombres, de 21 y 46 a\u00f1os, quienes fueron remitidos a la sede de la comisar\u00eda Segunda<\/strong>. La novedad ahora est\u00e1 dada en que ambos fueron remitidos en las \u00faltimas horas a la sede judicial local, donde fueron recibidos por el fiscal de feria, el doctor Christian Url\u00e9zaga, quien se encuentra subrogando por estos d\u00edas la UFI 4.<\/p>\n<p>&nbsp;<\/p>\n<p>La ocasi\u00f3n sirvi\u00f3 para indagar a los acusados, adem\u00e1s de imputarlos formalmente por el delito de <strong>\u201churto agravado por su comisi\u00f3n con escalamiento\u201d<\/strong>. La audiencia no se demor\u00f3 mucho m\u00e1s que eso, ya que <strong>ambos hicieron uso de su derecho a negarse a prestar declaraci\u00f3n indagatoria.<\/strong><\/p>\n<p>&nbsp;<\/p>\n<p>Tal cual pudo conocer este portal, <strong>el fiscal en turno requiri\u00f3 ante el Juzgado de Garant\u00edas 1, de la doctora Fabiana San Rom\u00e1n, la conversi\u00f3n en detenci\u00f3n de la aprehensi\u00f3n de los acusados, planteo que no prosper\u00f3<\/strong>, por lo que ambos recuperaron la libertad. No obstante, permanece el proceso legal en su contra.<\/p>\n","protected":false},"excerpt":{"rendered":"<p>Garant\u00edas no acompa\u00f1\u00f3 el pedido para que se formalice la detenci\u00f3n de los hombres, a los que se los acusa<\/p>\n","protected":false},"author":3,"featured_media":11753,"comment_status":"closed","ping_status":"closed","sticky":false,"template":"","format":"standard","meta":{"_jetpack_memberships_contains_paid_content":false,"footnotes":""},"categories":[14,1],"tags":[],"class_list":["post-11882","post","type-post","status-publish","format-standard","has-post-thumbnail","hentry","category-policiales","category-portada"],"jetpack_featured_media_url":"https:\/\/i0.wp.com\/cdnoticias.com\/wp-content\/uploads\/2021\/01\/WhatsApp-Image-2021-01-19-at-08.29.31.jpeg?fit=945%2C608&ssl=1","jetpack_sharing_enabled":true,"_links":{"self":[{"href":"https:\/\/cdnoticias.com\/index.php\/wp-json\/wp\/v2\/posts\/11882","targetHints":{"allow":["GET"]}}],"collection":[{"href":"https:\/\/cdnoticias.com\/index.php\/wp-json\/wp\/v2\/posts"}],"about":[{"href":"https:\/\/cdnoticias.com\/index.php\/wp-json\/wp\/v2\/types\/post"}],"author":[{"embeddable":true,"href":"https:\/\/cdnoticias.com\/index.php\/wp-json\/wp\/v2\/users\/3"}],"replies":[{"embeddable":true,"href":"https:\/\/cdnoticias.com\/index.php\/wp-json\/wp\/v2\/comments?post=11882"}],"version-history":[{"count":0,"href":"https:\/\/cdnoticias.com\/index.php\/wp-json\/wp\/v2\/posts\/11882\/revisions"}],"wp:featuredmedia":[{"embeddable":true,"href":"https:\/\/cdnoticias.com\/index.php\/wp-json\/wp\/v2\/media\/11753"}],"wp:attachment":[{"href":"https:\/\/cdnoticias.com\/index.php\/wp-json\/wp\/v2\/media?parent=11882"}],"wp:term":[{"taxonomy":"category","embeddable":true,"href":"https:\/\/cdnoticias.com\/index.php\/wp-json\/wp\/v2\/categories?post=11882"},{"taxonomy":"post_tag","embeddable":true,"href":"https:\/\/cdnoticias.com\/index.php\/wp-json\/wp\/v2\/tags?post=11882"}],"curies":[{"name":"wp","href":"https:\/\/api.w.org\/{rel}","templated":true}]}}