{"id":118795,"date":"2024-06-23T08:51:39","date_gmt":"2024-06-23T11:51:39","guid":{"rendered":"https:\/\/cdnoticias.com\/?p=118795"},"modified":"2024-06-23T16:16:49","modified_gmt":"2024-06-23T19:16:49","slug":"concejales-libertarios-piden-el-regreso-de-las-olimpiadas-estudiantiles","status":"publish","type":"post","link":"https:\/\/cdnoticias.com\/index.php\/2024\/06\/23\/concejales-libertarios-piden-el-regreso-de-las-olimpiadas-estudiantiles\/","title":{"rendered":"Concejales libertarios piden el regreso de las olimpiadas estudiantiles"},"content":{"rendered":"\n<p>Presentar\u00e1n un proyecto de ordenanza para reflotar los juegos deportivos y art\u00edsticos en Olavarr\u00eda. La conformaci\u00f3n de un comit\u00e9 olimpico, las disciplinas y la prevenci\u00f3n de hechos de violencia.<\/p>\n\n\n\n<hr class=\"wp-block-separator has-alpha-channel-opacity\"\/>\n\n\n\n<p>El <strong>concejal del bloque Ahora Olavarr\u00eda, Oliver Gamondi<\/strong>, habl\u00f3 sobre el proyecto de ordenanza que impulsan con el objetivo que regresen las olimpiadas estudiantiles al Partido de Olavarr\u00eda.<\/p>\n\n\n\n<p><\/p>\n\n\n\n<p>La iniciativa surgi\u00f3<strong> \u201cviendo el grave estado en el que est\u00e1 la juventud\u201d <\/strong>y se\u00f1al\u00f3 en di\u00e1logo con el programa<em> Levantate (FM Sapiens) <\/em>que \u201ccomo m\u00e9dico desde el a\u00f1o 2018 por lo menos me he cansado de ver en la guardia del Hospital, de las cl\u00ednicas, j\u00f3venes con intentos de suicidio, de ataques de p\u00e1nico, de adicciones. Un conjunto de situaciones de enfermedades mentales que hace que uno se ponga a pensar por qu\u00e9 estamos como estamos\u201d.<\/p>\n\n\n\n<p><\/p>\n\n\n\n<p>En ese sentido, el concejal libertario agreg\u00f3 que \u201cen Olavarr\u00eda hemos ido perdiendo cosas hermosas que ten\u00edamos. Las olimpiadas eran un ejemplo de ello, a los que las pudimos disfrutar <strong>realmente nos hac\u00eda bien, no llenaba el alma<\/strong>\u201d.<\/p>\n\n\n\n<p><\/p>\n\n\n\n<blockquote class=\"wp-block-quote is-layout-flow wp-block-quote-is-layout-flow\">\n<p>Respecto a los motivos que llevaron a su suspensi\u00f3n consider\u00f3 que \u201clamentablemente en alg\u00fan momento se perdi\u00f3 por malas conductas, pero no fueron resueltas como debieron ser resueltas por la pol\u00edtica. La pol\u00edtica cort\u00f3 por el camino m\u00e1s f\u00e1cil y nos dej\u00f3 a todos sin olimpiadas\u201d.<\/p>\n<\/blockquote>\n\n\n\n<p><\/p>\n\n\n\n<p><strong>El proyecto<\/strong><\/p>\n\n\n\n<p><\/p>\n\n\n\n<p>El concejal Gamondi resalt\u00f3 que \u201c<strong>redactamos un proyecto de pr\u00e1cticamente 15 p\u00e1ginas donde est\u00e1 estipulado todo. <\/strong>C\u00f3mo organizarlas, tambi\u00e9n la idea de que vuelvan las olimpiadas del recuerdo, est\u00e1n las distintas disciplinas, queremos que los chicos no solamente hagan deportes, sino que tambi\u00e9n haya disciplinas art\u00edsticas, incluir a los chicos con discapacidad\u201d.<\/p>\n\n\n\n<p><\/p>\n\n\n\n<blockquote class=\"wp-block-quote is-layout-flow wp-block-quote-is-layout-flow\">\n<p>Gamondi explic\u00f3 que para la organizaci\u00f3n de las olimpiadas se conformar\u00e1 un Comit\u00e9 Ol\u00edmpico que depender\u00e1 de la subsecretar\u00eda de Deportes con un presidente, secretario, etc. y con la participaci\u00f3n de dos delegados de cada escuela.<\/p>\n<\/blockquote>\n\n\n\n<p><\/p>\n\n\n\n<p>En relaci\u00f3n a las disciplinas que formar\u00e1n parte del encuentro indic\u00f3 que<strong> \u201cen el proyecto puse como quince disciplinas, no s\u00e9, una cosa as\u00ed pero el Comit\u00e9 Ol\u00edmpico en ese momento, seg\u00fan la organizaci\u00f3n y todo, va a decir, bueno, vamos a hacer estas cinco, por ejemplo\u201d.<\/strong><\/p>\n\n\n\n<p><br>Ese mismo comit\u00e9, seg\u00fan el proyecto de ordenanza, ser\u00e1 el encargado de<strong> \u201cla organizaci\u00f3n y la estrategia de seguridad\u201d. <\/strong>Gamondi afirm\u00f3 que \u201chay que proteger a los chicos pero no nos podemos dejar llevar por el miedo. Nosotros no queremos que pasen cosas malas por eso hay que anticiparnos de la mejor manera. No podemos dejar de hacerlo, lo tenemos que hacer por la salud mental de nuestros chicos y de toda la sociedad\u201d.<\/p>\n\n\n\n<p><\/p>\n\n\n\n<p>En el proyecto figuran, adem\u00e1s, como <strong>posibles escenarios<\/strong>, \u201cEstudiantes, Club Ferro, El Fort\u00edn, eso lo ir\u00e1 definiendo el comit\u00e9 ol\u00edmpico en la medida que eso salga aprobado, la idea es incluir varios clubes y no centralizar en uno solo\u201d.<\/p>\n\n\n\n<p><\/p>\n\n\n\n<p>Por \u00faltimo, record\u00f3 que el proyecto <strong>ser\u00e1 presentado oficialmente el lunes 24 de junio a las 18:00 en la sede del HCD, en Alsina 2785.<\/strong><\/p>\n","protected":false},"excerpt":{"rendered":"<p>Presentar\u00e1n un proyecto de ordenanza para reflotar los juegos deportivos y art\u00edsticos en Olavarr\u00eda. La conformaci\u00f3n de un comit\u00e9 olimpico,<\/p>\n","protected":false},"author":2,"featured_media":116370,"comment_status":"closed","ping_status":"closed","sticky":false,"template":"","format":"standard","meta":{"_jetpack_memberships_contains_paid_content":false,"footnotes":""},"categories":[4,1],"tags":[],"class_list":["post-118795","post","type-post","status-publish","format-standard","has-post-thumbnail","hentry","category-politica","category-portada"],"jetpack_featured_media_url":"https:\/\/i0.wp.com\/cdnoticias.com\/wp-content\/uploads\/2024\/05\/HCD-oliver-gamondi-01.jpg?fit=1000%2C556&ssl=1","jetpack_sharing_enabled":true,"_links":{"self":[{"href":"https:\/\/cdnoticias.com\/index.php\/wp-json\/wp\/v2\/posts\/118795","targetHints":{"allow":["GET"]}}],"collection":[{"href":"https:\/\/cdnoticias.com\/index.php\/wp-json\/wp\/v2\/posts"}],"about":[{"href":"https:\/\/cdnoticias.com\/index.php\/wp-json\/wp\/v2\/types\/post"}],"author":[{"embeddable":true,"href":"https:\/\/cdnoticias.com\/index.php\/wp-json\/wp\/v2\/users\/2"}],"replies":[{"embeddable":true,"href":"https:\/\/cdnoticias.com\/index.php\/wp-json\/wp\/v2\/comments?post=118795"}],"version-history":[{"count":0,"href":"https:\/\/cdnoticias.com\/index.php\/wp-json\/wp\/v2\/posts\/118795\/revisions"}],"wp:featuredmedia":[{"embeddable":true,"href":"https:\/\/cdnoticias.com\/index.php\/wp-json\/wp\/v2\/media\/116370"}],"wp:attachment":[{"href":"https:\/\/cdnoticias.com\/index.php\/wp-json\/wp\/v2\/media?parent=118795"}],"wp:term":[{"taxonomy":"category","embeddable":true,"href":"https:\/\/cdnoticias.com\/index.php\/wp-json\/wp\/v2\/categories?post=118795"},{"taxonomy":"post_tag","embeddable":true,"href":"https:\/\/cdnoticias.com\/index.php\/wp-json\/wp\/v2\/tags?post=118795"}],"curies":[{"name":"wp","href":"https:\/\/api.w.org\/{rel}","templated":true}]}}