{"id":118791,"date":"2024-06-24T09:14:09","date_gmt":"2024-06-24T12:14:09","guid":{"rendered":"https:\/\/cdnoticias.com\/?p=118791"},"modified":"2024-06-24T09:14:12","modified_gmt":"2024-06-24T12:14:12","slug":"estatales-y-docentes-bonaerenses-cobraran-el-medio-aguinaldo-junto-a-los-sueldos","status":"publish","type":"post","link":"https:\/\/cdnoticias.com\/index.php\/2024\/06\/24\/estatales-y-docentes-bonaerenses-cobraran-el-medio-aguinaldo-junto-a-los-sueldos\/","title":{"rendered":"Estatales y docentes bonaerenses cobrar\u00e1n el medio aguinaldo junto a los sueldos"},"content":{"rendered":"<p>La Provincia los abonar\u00e1 el mismo d\u00eda, pese al reclamo de un gremio para adelantar el SAC. La intenci\u00f3n es retomar las paritarias para los salarios de julio.<!--more--><\/p>\n<hr \/>\n<p>Los<strong> estatales y docentes de la provincia de Buenos Aires<\/strong> cobrar\u00e1n el <strong>medio aguinaldo junto a los sueldos<\/strong>, pese a que un gremio hab\u00eda solicitado adelantar el pago del SAC debido a \u201cla delicada situaci\u00f3n econ\u00f3mica general del pa\u00eds\u201d.<\/p>\n<p>Seg\u00fan pudo averiguar agencia DIB, <strong>la decisi\u00f3n del Gobierno de Axel Kicillof es abonar en los primeros d\u00edas de julio el aguinaldo con el sueldo de junio<\/strong>, pese a la complicada situaci\u00f3n financiera que atraviesa la Provincia por el recorte de fondos de la administraci\u00f3n de Javier Milei.<\/p>\n<p>De hecho, tal como inform\u00f3 DIB el 11 de mayo, <strong>Kicillof decidi\u00f3 poner pausa a los incrementos a los estatales en junio<\/strong> para poder garantizar en tiempo y forma el aguinaldo. La intenci\u00f3n del Gobierno, en tanto, es <strong>retomar un ritmo mayor de incrementos desde julio<\/strong>.<\/p>\n<p>El \u00faltimo incremento salarial para los empleados p\u00fablicos bonaerenses fue acordado a <a href=\"https:\/\/cdnoticias.com\/index.php\/2024\/05\/17\/la-provincia-ofrecio-a-sindicatos-docentes-un-nuevo-aumento-salarial-de-75-en-mayo\/\" target=\"_blank\" rel=\"noopener\">mediados de mayo<\/a>. La <em>Asociaci\u00f3n de Trabajadores del Estado (ATE), la Uni\u00f3n del Personal Civil de la Naci\u00f3n (UPCN) y Federaci\u00f3n de Gremios Estatales y Particulares de la provincia de Buenos Aires (FEGEPPBA)<\/em> aceptaron el 7,5% de ajuste y cerraron la negociaci\u00f3n por debajo del \u00edndice inflacionario del mes de abril (8,8%). Con ello, l<strong>os estatales alcanzaron un 59,2% de aumentos desde que comenz\u00f3 el a\u00f1o.<\/strong><\/p>\n<p>En este contexto, la FEGEPPBA pidi\u00f3 d\u00edas atr\u00e1s al Gobierno, teniendo en cuenta la \u201cdelicada situaci\u00f3n econ\u00f3mica general del pa\u00eds\u201d, que se adelante el pago del aguinaldo a los trabajadores y pidieron convocar \u201ca la brevedad\u201d a paritarias. El primero de los reclamos no se cumplir\u00e1 y la Provincia pagar\u00e1 el SAC con el sueldo, mientras que el segundo se espera que se d\u00e9 en los pr\u00f3ximos d\u00edas ya que la administraci\u00f3n de Kicillof se comprometi\u00f3 a ajustar los salarios el mes que viene.<\/p>\n<h3>Qu\u00e9 pasa con el pago a los jubilados<\/h3>\n<p>El <strong>Instituto de Previsi\u00f3n Social (IPS)<\/strong> inform\u00f3 que las personas jubiladas y pensionadas de la provincia de Buenos Aires percibir\u00e1n el medio aguinaldo junto a los haberes de junio, a partir del jueves 27 de junio.<\/p>\n<p>Ese primer d\u00eda de pago recibir\u00e1n el medio aguinaldo (SAC proporcional) y los haberes de junio las jubilaciones y pensiones con DNI terminados en 0, 1, 2, 3 y pensiones sociales -no contributivas- con DNI terminados en 0,1, 2, 3, 4, 5, 6, 7, 8 y 9.<\/p>\n<p>En tanto que el viernes 28 de junio, podr\u00e1n cobrar el medio aguinaldo (SAC proporcional) y los haberes de junio para jubilaciones y pensiones con DNI terminados en 4, 5, 6, 7, 8 y 9.<\/p>\n<p>El organismo previsional record\u00f3 que el vencimiento del pago por ventanilla ser\u00e1 el 23 de julio 2024.<\/p>\n<p>Fuente: <em>Agencia DIB<\/em><\/p>\n","protected":false},"excerpt":{"rendered":"<p>La Provincia los abonar\u00e1 el mismo d\u00eda, pese al reclamo de un gremio para adelantar el SAC. La intenci\u00f3n es<\/p>\n","protected":false},"author":4,"featured_media":113872,"comment_status":"closed","ping_status":"closed","sticky":false,"template":"","format":"standard","meta":{"_jetpack_memberships_contains_paid_content":false,"footnotes":""},"categories":[6,1],"tags":[],"class_list":["post-118791","post","type-post","status-publish","format-standard","has-post-thumbnail","hentry","category-nacionales","category-portada"],"jetpack_featured_media_url":"https:\/\/i0.wp.com\/cdnoticias.com\/wp-content\/uploads\/2024\/04\/paritaria-estatales-01.jpg?fit=1000%2C556&ssl=1","jetpack_sharing_enabled":true,"_links":{"self":[{"href":"https:\/\/cdnoticias.com\/index.php\/wp-json\/wp\/v2\/posts\/118791","targetHints":{"allow":["GET"]}}],"collection":[{"href":"https:\/\/cdnoticias.com\/index.php\/wp-json\/wp\/v2\/posts"}],"about":[{"href":"https:\/\/cdnoticias.com\/index.php\/wp-json\/wp\/v2\/types\/post"}],"author":[{"embeddable":true,"href":"https:\/\/cdnoticias.com\/index.php\/wp-json\/wp\/v2\/users\/4"}],"replies":[{"embeddable":true,"href":"https:\/\/cdnoticias.com\/index.php\/wp-json\/wp\/v2\/comments?post=118791"}],"version-history":[{"count":0,"href":"https:\/\/cdnoticias.com\/index.php\/wp-json\/wp\/v2\/posts\/118791\/revisions"}],"wp:featuredmedia":[{"embeddable":true,"href":"https:\/\/cdnoticias.com\/index.php\/wp-json\/wp\/v2\/media\/113872"}],"wp:attachment":[{"href":"https:\/\/cdnoticias.com\/index.php\/wp-json\/wp\/v2\/media?parent=118791"}],"wp:term":[{"taxonomy":"category","embeddable":true,"href":"https:\/\/cdnoticias.com\/index.php\/wp-json\/wp\/v2\/categories?post=118791"},{"taxonomy":"post_tag","embeddable":true,"href":"https:\/\/cdnoticias.com\/index.php\/wp-json\/wp\/v2\/tags?post=118791"}],"curies":[{"name":"wp","href":"https:\/\/api.w.org\/{rel}","templated":true}]}}