{"id":118789,"date":"2024-06-19T09:16:07","date_gmt":"2024-06-19T12:16:07","guid":{"rendered":"https:\/\/cdnoticias.com\/?p=118789"},"modified":"2024-06-19T11:06:50","modified_gmt":"2024-06-19T14:06:50","slug":"el-ministro-nicolas-kreplak-estara-este-miercoles-en-olavarria","status":"publish","type":"post","link":"https:\/\/cdnoticias.com\/index.php\/2024\/06\/19\/el-ministro-nicolas-kreplak-estara-este-miercoles-en-olavarria\/","title":{"rendered":"El ministro Nicol\u00e1s Kreplak estar\u00e1 este mi\u00e9rcoles en Olavarr\u00eda"},"content":{"rendered":"<p>Participar\u00e1 de una reuni\u00f3n con representantes de instituciones privadas de salud y presentar\u00e1 un programa destinado a la atenci\u00f3n de personas mayores.<!--more--><\/p>\n<hr \/>\n<p>El <strong>ministro de Salud de la provincia de Buenos Aires, Nicol\u00e1s Kreplak<\/strong>, estar\u00e1 este mi\u00e9rcoles <strong>en Olavarr\u00eda.<\/strong><\/p>\n<p>El funcionario llegar\u00e1 para participar de una <strong>reuni\u00f3n con representantes de instituciones privadas de salud<\/strong> y presentar\u00e1 un <strong>programa destinado a la atenci\u00f3n de personas mayores.<\/strong><\/p>\n<p>Se anunci\u00f3 desde el Municipio que <strong>el intendente Maximiliano Wesner<\/strong> recibir\u00e1 al ministro para la <strong>presentaci\u00f3n de la mesa de salud p\u00fablica y privada<\/strong> en la <strong>Casa del Bicentenario a las 15 horas.<\/strong><\/p>\n<p>Asimismo, Kreplak expondr\u00e1 sobre el<strong> \u201cPrograma Municipal P\u00fablico-Privado para el mejoramiento de la calidad de vida de las personas mayores y acceso a resoluci\u00f3n quir\u00fargica, en el marco de las pol\u00edticas de integraci\u00f3n impulsadas por PBA\u201d<\/strong>.<\/p>\n","protected":false},"excerpt":{"rendered":"<p>Participar\u00e1 de una reuni\u00f3n con representantes de instituciones privadas de salud y presentar\u00e1 un programa destinado a la atenci\u00f3n de<\/p>\n","protected":false},"author":4,"featured_media":101520,"comment_status":"closed","ping_status":"closed","sticky":false,"template":"","format":"standard","meta":{"_jetpack_memberships_contains_paid_content":false,"footnotes":""},"categories":[4,1],"tags":[],"class_list":["post-118789","post","type-post","status-publish","format-standard","has-post-thumbnail","hentry","category-politica","category-portada"],"jetpack_featured_media_url":"https:\/\/i0.wp.com\/cdnoticias.com\/wp-content\/uploads\/2023\/11\/kreplak1-scaled.jpg?fit=2560%2C1424&ssl=1","jetpack_sharing_enabled":true,"_links":{"self":[{"href":"https:\/\/cdnoticias.com\/index.php\/wp-json\/wp\/v2\/posts\/118789","targetHints":{"allow":["GET"]}}],"collection":[{"href":"https:\/\/cdnoticias.com\/index.php\/wp-json\/wp\/v2\/posts"}],"about":[{"href":"https:\/\/cdnoticias.com\/index.php\/wp-json\/wp\/v2\/types\/post"}],"author":[{"embeddable":true,"href":"https:\/\/cdnoticias.com\/index.php\/wp-json\/wp\/v2\/users\/4"}],"replies":[{"embeddable":true,"href":"https:\/\/cdnoticias.com\/index.php\/wp-json\/wp\/v2\/comments?post=118789"}],"version-history":[{"count":0,"href":"https:\/\/cdnoticias.com\/index.php\/wp-json\/wp\/v2\/posts\/118789\/revisions"}],"wp:featuredmedia":[{"embeddable":true,"href":"https:\/\/cdnoticias.com\/index.php\/wp-json\/wp\/v2\/media\/101520"}],"wp:attachment":[{"href":"https:\/\/cdnoticias.com\/index.php\/wp-json\/wp\/v2\/media?parent=118789"}],"wp:term":[{"taxonomy":"category","embeddable":true,"href":"https:\/\/cdnoticias.com\/index.php\/wp-json\/wp\/v2\/categories?post=118789"},{"taxonomy":"post_tag","embeddable":true,"href":"https:\/\/cdnoticias.com\/index.php\/wp-json\/wp\/v2\/tags?post=118789"}],"curies":[{"name":"wp","href":"https:\/\/api.w.org\/{rel}","templated":true}]}}