{"id":118778,"date":"2024-06-18T20:39:42","date_gmt":"2024-06-18T23:39:42","guid":{"rendered":"https:\/\/cdnoticias.com\/?p=118778"},"modified":"2024-06-18T20:39:44","modified_gmt":"2024-06-18T23:39:44","slug":"como-estara-el-tiempo-en-olavarria-este-miercoles-19-de-junio","status":"publish","type":"post","link":"https:\/\/cdnoticias.com\/index.php\/2024\/06\/18\/como-estara-el-tiempo-en-olavarria-este-miercoles-19-de-junio\/","title":{"rendered":"C\u00f3mo estar\u00e1 el tiempo en Olavarr\u00eda este mi\u00e9rcoles 19 de junio"},"content":{"rendered":"\n<p>Olavarr\u00eda enfrentar\u00e1 un inicio de jornada con tormentas aisladas, pero se espera una mejora significativa para la tarde. Aqu\u00ed te dejamos la previsi\u00f3n del tiempo para que puedas planificar tu d\u00eda.<\/p>\n\n\n\n<hr class=\"wp-block-separator aligncenter has-alpha-channel-opacity\"\/>\n\n\n\n<p><strong>Durante la madrugada, se prev\u00e9n tormentas aisladas en la regi\u00f3n.<\/strong> La temperatura ser\u00e1 de alrededor de 7\u00b0C, con vientos suaves provenientes del suroeste (SO), soplando entre 7 y 12 km\/h.<\/p>\n\n\n\n<p><strong>En la ma\u00f1ana, las tormentas aisladas continuar\u00e1n, aunque con una menor intensidad. La temperatura bajar\u00e1 ligeramente a 6\u00b0C<\/strong>, con vientos del suroeste (SO) manteni\u00e9ndose en el rango de 7 a 12 km\/h. La probabilidad de precipitaci\u00f3n estar\u00e1 entre el 10% y el 40%.<\/p>\n\n\n\n<p>Para la tarde,<strong> el clima mejorar\u00e1 notablemente y el cielo se tornar\u00e1 parcialmente nublado. La temperatura alcanzar\u00e1 un m\u00e1ximo de 16\u00b0C<\/strong>, y los vientos seguir\u00e1n soplando del suroeste (SO) entre 7 y 12 km\/h.<\/p>\n\n\n\n<p>Durante la noche,<strong> las condiciones se mantendr\u00e1n con cielo parcialmente nublado. La temperatura descender\u00e1 nuevamente a unos 6\u00b0C<\/strong>, con vientos suaves del suroeste (SO), tambi\u00e9n en el rango de 7 a 12 km\/h.<\/p>\n\n\n\n<p>Ser\u00e1 un mi\u00e9rcoles que comienza con inestabilidad en Olavarr\u00eda debido a las tormentas aisladas, pero con una clara mejor\u00eda en las condiciones meteorol\u00f3gicas hacia la tarde y noche.<strong> Si tienes actividades planificadas para la ma\u00f1ana, es recomendable tomar precauciones frente a las tormentas, pero por la tarde podr\u00e1s disfrutar de un clima m\u00e1s estable.<\/strong><\/p>\n","protected":false},"excerpt":{"rendered":"<p>Olavarr\u00eda enfrentar\u00e1 un inicio de jornada con tormentas aisladas, pero se espera una mejora significativa para la tarde. Aqu\u00ed te<\/p>\n","protected":false},"author":2,"featured_media":69863,"comment_status":"closed","ping_status":"closed","sticky":false,"template":"","format":"standard","meta":{"_jetpack_memberships_contains_paid_content":false,"footnotes":""},"categories":[5],"tags":[],"class_list":["post-118778","post","type-post","status-publish","format-standard","has-post-thumbnail","hentry","category-informacion-general"],"jetpack_featured_media_url":"https:\/\/i0.wp.com\/cdnoticias.com\/wp-content\/uploads\/2022\/11\/clima-tiempo-tormenta.jpeg?fit=1600%2C1197&ssl=1","jetpack_sharing_enabled":true,"_links":{"self":[{"href":"https:\/\/cdnoticias.com\/index.php\/wp-json\/wp\/v2\/posts\/118778","targetHints":{"allow":["GET"]}}],"collection":[{"href":"https:\/\/cdnoticias.com\/index.php\/wp-json\/wp\/v2\/posts"}],"about":[{"href":"https:\/\/cdnoticias.com\/index.php\/wp-json\/wp\/v2\/types\/post"}],"author":[{"embeddable":true,"href":"https:\/\/cdnoticias.com\/index.php\/wp-json\/wp\/v2\/users\/2"}],"replies":[{"embeddable":true,"href":"https:\/\/cdnoticias.com\/index.php\/wp-json\/wp\/v2\/comments?post=118778"}],"version-history":[{"count":0,"href":"https:\/\/cdnoticias.com\/index.php\/wp-json\/wp\/v2\/posts\/118778\/revisions"}],"wp:featuredmedia":[{"embeddable":true,"href":"https:\/\/cdnoticias.com\/index.php\/wp-json\/wp\/v2\/media\/69863"}],"wp:attachment":[{"href":"https:\/\/cdnoticias.com\/index.php\/wp-json\/wp\/v2\/media?parent=118778"}],"wp:term":[{"taxonomy":"category","embeddable":true,"href":"https:\/\/cdnoticias.com\/index.php\/wp-json\/wp\/v2\/categories?post=118778"},{"taxonomy":"post_tag","embeddable":true,"href":"https:\/\/cdnoticias.com\/index.php\/wp-json\/wp\/v2\/tags?post=118778"}],"curies":[{"name":"wp","href":"https:\/\/api.w.org\/{rel}","templated":true}]}}