{"id":118774,"date":"2024-06-18T19:47:26","date_gmt":"2024-06-18T22:47:26","guid":{"rendered":"https:\/\/cdnoticias.com\/?p=118774"},"modified":"2024-06-19T09:16:23","modified_gmt":"2024-06-19T12:16:23","slug":"un-juez-olavarriense-indico-la-detencion-de-un-hombre-acusado-de-abuso-sexual","status":"publish","type":"post","link":"https:\/\/cdnoticias.com\/index.php\/2024\/06\/18\/un-juez-olavarriense-indico-la-detencion-de-un-hombre-acusado-de-abuso-sexual\/","title":{"rendered":"Un juez olavarriense indic\u00f3 la detenci\u00f3n de un hombre acusado de abuso sexual"},"content":{"rendered":"\n<hr class=\"wp-block-separator has-alpha-channel-opacity\"\/>\n\n\n\n<p>El detenido fue alojado en la Unidad Penitenciaria de Sierra Chica y enfrenta cargos por \u201cAbuso agravado por su duraci\u00f3n en el tiempo y por ser cometido por un ascendiente\u201d y \u201cAbuso sexual simple\u201d.<\/p>\n\n\n\n<hr class=\"wp-block-separator aligncenter has-alpha-channel-opacity\"\/>\n\n\n\n<p>Un<strong> hombre de 65 a\u00f1os fue detenido por abuso sexual<\/strong> en el marco de una investigaci\u00f3n realizada por la Unidad Funcional de Instrucci\u00f3n Descentralizada N\u00ba 15, a cargo de la fiscal Julia Mar\u00eda Sebasti\u00e1n.<\/p>\n\n\n\n<p><\/p>\n\n\n\n<p>Quien orden\u00f3 su detenci\u00f3n fue <strong>el juez olavarriense y Doctor Carlos Villamar\u00edn<\/strong> luego de que se conociera que el hombre fue acusado de <strong>abusar de tres de sus nietas en la localidad de Urdampilleta.<\/strong><\/p>\n\n\n\n<p><\/p>\n\n\n\n<p>El hombre fue detenido el pasado viernes <strong>en un allanamiento realizado por personal policial de la Sub Comisar\u00eda de Urdampilleta<\/strong> bajo la supervisi\u00f3n de la Jefatura Departamental de Bol\u00edvar en el sector quintas de la mencionada localidad.<\/p>\n\n\n\n<p><\/p>\n\n\n\n<blockquote class=\"wp-block-quote is-layout-flow wp-block-quote-is-layout-flow\">\n<p>Seg\u00fan la causa, entre los a\u00f1os 2021 y 2023 el hombre habr\u00eda aprovechado diversas circunstancias en las que las ni\u00f1as se encontraban de visita en su vivienda. Cuando sucedieron los hechos una de las v\u00edctimas ten\u00eda entre 9 y 10 a\u00f1os, otra 7 y la tercera 5 a\u00f1os de edad.<\/p>\n<\/blockquote>\n\n\n\n<p><\/p>\n\n\n\n<p>Los aberrantes abusos ocurr\u00edan cuando las menores se quedaban al cuidado del abuelo en su casa. All\u00ed el hombre aprovechaba para abusarlas y las amenazaba dici\u00e9ndoles que s\u00ed contaban lo sucedido las golpear\u00eda. Los informes psicol\u00f3gicos y los testimonios de las v\u00edctimas fueron determinantes para la investigaci\u00f3n y para que desde la UFI N\u00ba 15 solicitaran su detenci\u00f3n.<\/p>\n\n\n\n<p><\/p>\n\n\n\n<p>El detenido fue <strong>alojado en la Unidad Penitenciaria de Sierra Chica <\/strong>y enfrenta cargos por <strong><em>\u201cAbuso agravado por su duraci\u00f3n en el tiempo y por ser cometido por un ascendiente<\/em><\/strong>\u201d y <strong><em>\u201cAbuso sexual simple\u201d<\/em><\/strong>. De igual forma, se le sum\u00f3 el agravante del v\u00ednculo existente y afronta una pena superior a los 20 a\u00f1os de prisi\u00f3n.<\/p>\n\n\n\n<p><\/p>\n\n\n\n<p><em>Fuente: Diario La Ma\u00f1ana de Bol\u00edvar<\/em><\/p>\n","protected":false},"excerpt":{"rendered":"<p>El detenido fue alojado en la Unidad Penitenciaria de Sierra Chica y enfrenta cargos por \u201cAbuso agravado por su duraci\u00f3n<\/p>\n","protected":false},"author":6,"featured_media":118775,"comment_status":"closed","ping_status":"closed","sticky":false,"template":"","format":"standard","meta":{"_jetpack_memberships_contains_paid_content":false,"footnotes":""},"categories":[14,1],"tags":[],"class_list":["post-118774","post","type-post","status-publish","format-standard","has-post-thumbnail","hentry","category-policiales","category-portada"],"jetpack_featured_media_url":"https:\/\/i0.wp.com\/cdnoticias.com\/wp-content\/uploads\/2024\/06\/abuso-sexual-detnecion.webp?fit=992%2C606&ssl=1","jetpack_sharing_enabled":true,"_links":{"self":[{"href":"https:\/\/cdnoticias.com\/index.php\/wp-json\/wp\/v2\/posts\/118774","targetHints":{"allow":["GET"]}}],"collection":[{"href":"https:\/\/cdnoticias.com\/index.php\/wp-json\/wp\/v2\/posts"}],"about":[{"href":"https:\/\/cdnoticias.com\/index.php\/wp-json\/wp\/v2\/types\/post"}],"author":[{"embeddable":true,"href":"https:\/\/cdnoticias.com\/index.php\/wp-json\/wp\/v2\/users\/6"}],"replies":[{"embeddable":true,"href":"https:\/\/cdnoticias.com\/index.php\/wp-json\/wp\/v2\/comments?post=118774"}],"version-history":[{"count":0,"href":"https:\/\/cdnoticias.com\/index.php\/wp-json\/wp\/v2\/posts\/118774\/revisions"}],"wp:featuredmedia":[{"embeddable":true,"href":"https:\/\/cdnoticias.com\/index.php\/wp-json\/wp\/v2\/media\/118775"}],"wp:attachment":[{"href":"https:\/\/cdnoticias.com\/index.php\/wp-json\/wp\/v2\/media?parent=118774"}],"wp:term":[{"taxonomy":"category","embeddable":true,"href":"https:\/\/cdnoticias.com\/index.php\/wp-json\/wp\/v2\/categories?post=118774"},{"taxonomy":"post_tag","embeddable":true,"href":"https:\/\/cdnoticias.com\/index.php\/wp-json\/wp\/v2\/tags?post=118774"}],"curies":[{"name":"wp","href":"https:\/\/api.w.org\/{rel}","templated":true}]}}