{"id":118768,"date":"2024-06-19T08:25:42","date_gmt":"2024-06-19T11:25:42","guid":{"rendered":"https:\/\/cdnoticias.com\/?p=118768"},"modified":"2024-06-19T10:36:36","modified_gmt":"2024-06-19T13:36:36","slug":"mas-de-1800-estudiantes-participaron-de-charlas-de-seguridad-vial","status":"publish","type":"post","link":"https:\/\/cdnoticias.com\/index.php\/2024\/06\/19\/mas-de-1800-estudiantes-participaron-de-charlas-de-seguridad-vial\/","title":{"rendered":"M\u00e1s de 1800 estudiantes participaron de charlas de seguridad vial"},"content":{"rendered":"\n<p>En las jornadas se difunden aspectos te\u00f3ricos y normativos adem\u00e1s de participar de actividades l\u00fadicas y practicas con el objetivo de que divulguen cada una de estas ense\u00f1anzas en personas de su familia y v\u00ednculos m\u00e1s cercanos.<\/p>\n\n\n\n<hr class=\"wp-block-separator aligncenter has-alpha-channel-opacity\"\/>\n\n\n\n<p>El Municipio de Olavarr\u00eda record\u00f3 que desde la Subsecretar\u00eda de Protecci\u00f3n Ciudadana, a trav\u00e9s de la Direcci\u00f3n de Control Urbano, <strong>se ofrece a establecimientos educativos de todo nivel la posibilidad de acceder a charlas de concientizaci\u00f3n y educaci\u00f3n sobre Seguridad Vial.<\/strong><\/p>\n\n\n\n<p><\/p>\n\n\n\n<p>En ese sentido, en el transcurrir de los \u00faltimos d\u00edas se realizaron numerosas jornadas de esta \u00edndole en distintas instituciones de la ciudad, las cuales se enmarcaron adem\u00e1s en el mes, precisamente, de la Seguridad Vial.<\/p>\n\n\n\n<p><\/p>\n\n\n\n<blockquote class=\"wp-block-quote is-layout-flow wp-block-quote-is-layout-flow\">\n<p>De acuerdo con lo que se detall\u00f3 desde el \u00e1rea, en total fueron m\u00e1s de 1800 las y los estudiantes, tanto de nivel primario como inicial.<\/p>\n<\/blockquote>\n\n\n\n<p><\/p>\n\n\n\n<p>Se indic\u00f3 que en las charlas no solo se comparten y difunden <strong>aspectos te\u00f3ricos y normativos,<\/strong> sino que tambi\u00e9n los presentes tienen la posibilidad de ser parte <strong>actividades l\u00fadicas y pr\u00e1cticas, <\/strong>con el objetivo que sean tambi\u00e9n <strong>promotores y divulguen cada una de estas ense\u00f1anzas en personas de su familia y v\u00ednculos m\u00e1s cercanos.<\/strong><\/p>\n\n\n\n<p><\/p>\n\n\n\n<blockquote class=\"wp-block-quote is-layout-flow wp-block-quote-is-layout-flow\">\n<p>Se detall\u00f3 que las jornadas se llevaron a cabo en el colegio F\u00e1tima, Jard\u00edn 922,\u00a0 Escuela Primaria 76, Alfa y Omega, Escuela Primaria 79 de Loma Negra, Instituto Monse\u00f1or C\u00e9sar C\u00e1neva, Jard\u00edn Libertas,\u00a0 Escuela P\u00fablica 49, Instituto Privado Estrada, Escuela Primaria 50 e IDEO.<\/p>\n<\/blockquote>\n\n\n\n<p><\/p>\n\n\n\n<p>Por \u00faltimo, desde la Subsecretar\u00eda de Seguridad se agreg\u00f3 que las instituciones interesadas en solicitar estas charlas las pueden requerir o asesorarse v\u00eda telef\u00f3nica a los n\u00fameros 412533 o 412538.<\/p>\n\n\n\n<p><\/p>\n","protected":false},"excerpt":{"rendered":"<p>En las jornadas se difunden aspectos te\u00f3ricos y normativos adem\u00e1s de participar de actividades l\u00fadicas y practicas con el objetivo<\/p>\n","protected":false},"author":6,"featured_media":118769,"comment_status":"closed","ping_status":"closed","sticky":false,"template":"","format":"standard","meta":{"_jetpack_memberships_contains_paid_content":false,"footnotes":""},"categories":[5,1],"tags":[],"class_list":["post-118768","post","type-post","status-publish","format-standard","has-post-thumbnail","hentry","category-informacion-general","category-portada"],"jetpack_featured_media_url":"https:\/\/i0.wp.com\/cdnoticias.com\/wp-content\/uploads\/2024\/06\/seguridadvial-charlas.jpg?fit=900%2C506&ssl=1","jetpack_sharing_enabled":true,"_links":{"self":[{"href":"https:\/\/cdnoticias.com\/index.php\/wp-json\/wp\/v2\/posts\/118768","targetHints":{"allow":["GET"]}}],"collection":[{"href":"https:\/\/cdnoticias.com\/index.php\/wp-json\/wp\/v2\/posts"}],"about":[{"href":"https:\/\/cdnoticias.com\/index.php\/wp-json\/wp\/v2\/types\/post"}],"author":[{"embeddable":true,"href":"https:\/\/cdnoticias.com\/index.php\/wp-json\/wp\/v2\/users\/6"}],"replies":[{"embeddable":true,"href":"https:\/\/cdnoticias.com\/index.php\/wp-json\/wp\/v2\/comments?post=118768"}],"version-history":[{"count":0,"href":"https:\/\/cdnoticias.com\/index.php\/wp-json\/wp\/v2\/posts\/118768\/revisions"}],"wp:featuredmedia":[{"embeddable":true,"href":"https:\/\/cdnoticias.com\/index.php\/wp-json\/wp\/v2\/media\/118769"}],"wp:attachment":[{"href":"https:\/\/cdnoticias.com\/index.php\/wp-json\/wp\/v2\/media?parent=118768"}],"wp:term":[{"taxonomy":"category","embeddable":true,"href":"https:\/\/cdnoticias.com\/index.php\/wp-json\/wp\/v2\/categories?post=118768"},{"taxonomy":"post_tag","embeddable":true,"href":"https:\/\/cdnoticias.com\/index.php\/wp-json\/wp\/v2\/tags?post=118768"}],"curies":[{"name":"wp","href":"https:\/\/api.w.org\/{rel}","templated":true}]}}