{"id":118728,"date":"2024-06-18T12:20:02","date_gmt":"2024-06-18T15:20:02","guid":{"rendered":"https:\/\/cdnoticias.com\/?p=118728"},"modified":"2024-06-18T12:20:04","modified_gmt":"2024-06-18T15:20:04","slug":"mes-del-orgullo-charla-abierta-sobre-discriminacion-y-marginalidad","status":"publish","type":"post","link":"https:\/\/cdnoticias.com\/index.php\/2024\/06\/18\/mes-del-orgullo-charla-abierta-sobre-discriminacion-y-marginalidad\/","title":{"rendered":"Mes del Orgullo: charla abierta sobre \u201cDiscriminaci\u00f3n y marginalidad\u201d"},"content":{"rendered":"<p>Participar\u00e1n cuatro psic\u00f3logos sociales en el Sal\u00f3n del Sindicato de Trabajadores Municipales el mi\u00e9rcoles 26 de junio.<!--more--><\/p>\n<hr \/>\n<p>En el marco del <strong>Mes del Orgullo<\/strong>, se dictar\u00e1 una<strong> charla abierta sobre \u201cDiscriminaci\u00f3n y marginalidad\u201d.<\/strong><\/p>\n<p>El pr\u00f3ximo <strong>mi\u00e9rcoles 26 de junio desde las 18<\/strong> expondr\u00e1n los <strong>psic\u00f3logos sociales Evelyn del R\u00edo Far\u00edas, Joaqu\u00edn Pi\u00f1anelli, Valeria Miranda y Romina Ostertag<\/strong>.<\/p>\n<p>La actividad tendr\u00e1 lugar en el<strong> Sal\u00f3n del Sindicato de Trabajadores Municipales, Rivadavia 1935<\/strong>.<\/p>\n<p>Organizan el Centro Psicosocial Argentino, Construyendo Alternativas, Federaci\u00f3n Argentina LGBT, Espacio de Diversidad del STMO y Criar con Alas.<\/p>\n","protected":false},"excerpt":{"rendered":"<p>Participar\u00e1n cuatro psic\u00f3logos sociales en el Sal\u00f3n del Sindicato de Trabajadores Municipales el mi\u00e9rcoles 26 de junio.<\/p>\n","protected":false},"author":4,"featured_media":25145,"comment_status":"closed","ping_status":"closed","sticky":false,"template":"","format":"standard","meta":{"_jetpack_memberships_contains_paid_content":false,"footnotes":""},"categories":[3,1],"tags":[],"class_list":["post-118728","post","type-post","status-publish","format-standard","has-post-thumbnail","hentry","category-genero","category-portada"],"jetpack_featured_media_url":"https:\/\/i0.wp.com\/cdnoticias.com\/wp-content\/uploads\/2021\/06\/dia-del-orgullo.jpg?fit=720%2C405&ssl=1","jetpack_sharing_enabled":true,"_links":{"self":[{"href":"https:\/\/cdnoticias.com\/index.php\/wp-json\/wp\/v2\/posts\/118728","targetHints":{"allow":["GET"]}}],"collection":[{"href":"https:\/\/cdnoticias.com\/index.php\/wp-json\/wp\/v2\/posts"}],"about":[{"href":"https:\/\/cdnoticias.com\/index.php\/wp-json\/wp\/v2\/types\/post"}],"author":[{"embeddable":true,"href":"https:\/\/cdnoticias.com\/index.php\/wp-json\/wp\/v2\/users\/4"}],"replies":[{"embeddable":true,"href":"https:\/\/cdnoticias.com\/index.php\/wp-json\/wp\/v2\/comments?post=118728"}],"version-history":[{"count":0,"href":"https:\/\/cdnoticias.com\/index.php\/wp-json\/wp\/v2\/posts\/118728\/revisions"}],"wp:featuredmedia":[{"embeddable":true,"href":"https:\/\/cdnoticias.com\/index.php\/wp-json\/wp\/v2\/media\/25145"}],"wp:attachment":[{"href":"https:\/\/cdnoticias.com\/index.php\/wp-json\/wp\/v2\/media?parent=118728"}],"wp:term":[{"taxonomy":"category","embeddable":true,"href":"https:\/\/cdnoticias.com\/index.php\/wp-json\/wp\/v2\/categories?post=118728"},{"taxonomy":"post_tag","embeddable":true,"href":"https:\/\/cdnoticias.com\/index.php\/wp-json\/wp\/v2\/tags?post=118728"}],"curies":[{"name":"wp","href":"https:\/\/api.w.org\/{rel}","templated":true}]}}