{"id":11871,"date":"2021-01-20T15:46:54","date_gmt":"2021-01-20T18:46:54","guid":{"rendered":"http:\/\/www.centraldenoticias.com.ar\/?p=11871"},"modified":"2021-01-20T15:46:54","modified_gmt":"2021-01-20T18:46:54","slug":"kicillof-recibio-la-segunda-dosis-y-gollan-fue-el-primer-mayor-de-60-en-darse-la-sputnik","status":"publish","type":"post","link":"https:\/\/cdnoticias.com\/index.php\/2021\/01\/20\/kicillof-recibio-la-segunda-dosis-y-gollan-fue-el-primer-mayor-de-60-en-darse-la-sputnik\/","title":{"rendered":"Kicillof recibi\u00f3 la segunda dosis y Gollan fue el primer mayor de 60 en darse la Sputnik"},"content":{"rendered":"<p>El gobernador hab\u00eda recibido la primera el 29 de diciembre. El ministro de Salud, Daniel Gollan, fue el primer mayor de 60 a\u00f1os en darse la vacuna tras la aprobaci\u00f3n de la Anmat.<!--more--><\/p>\n<hr \/>\n<p>El gobernador Axel Kicillof se aplic\u00f3 este mi\u00e9rcoles la<strong> segunda dosis de la vacuna contra el coronavirus Sputnik V y complet\u00f3 as\u00ed el esquema que hab\u00eda iniciado el 29 de diciembre.<\/strong> Tras conocerse la aprobaci\u00f3n de la Anmat para mayores de 60 se vacun\u00f3 tambi\u00e9n <strong>el ministro de Salud, Daniel Gollan, el primero de esa poblaci\u00f3n en recibir la inmunizaci\u00f3n en el pa\u00eds.<\/strong><\/p>\n<p>&nbsp;<\/p>\n<p>Kicillof, destac\u00f3 que <em>\u201ca\u00fan en medio de mucha incertidumbre, estamos dando todos los pasos necesarios para que el plan p\u00fablico de vacunaci\u00f3n nos permita terminar con la pandemia\u201d.<\/em><\/p>\n<p>&nbsp;<\/p>\n<p><em>\u201cAl cumplirse los 21 d\u00edas de la aplicaci\u00f3n de la primera dosis, empezamos a completar el esquema de vacunaci\u00f3n del personal de salud m\u00e1s expuesto al virus\u201d<\/em>, afirm\u00f3 Kicillof durante una rueda de prensa, y agreg\u00f3:<strong> <em>\u201cEn esta primera etapa ya se ha vacunado a 94 mil trabajadores y trabajadoras de terapias intensivas y laboratorios en 169 centros de salud de los 135 municipios de la provincia\u201d.<\/em><\/strong><\/p>\n<p>&nbsp;<\/p>\n<p>Asimismo, el Gobernador celebr\u00f3 que la <a href=\"https:\/\/cdnoticias.com\/index.php\/2021\/01\/20\/finalmente-anmat-aprobo-la-sputnik-v-para-mayores-de-60-anos\/\" target=\"_blank\" rel=\"noopener\">ANMAT haya autorizado la aplicaci\u00f3n de la vacuna Sputnik V para mayores de 60 a\u00f1os<\/a>: <em>\u201cHemos reservado las dosis para el personal de salud que no hab\u00eda podido vacunarse y ahora, con la llegada de un lote mayor de vacunas, <strong>podremos avanzar con los adultos mayores, aquellos que tengan enfermedades preexistentes, los miembros de las fuerzas de seguridad y la comunidad educativa<\/strong>\u201d.<\/em><\/p>\n<p>&nbsp;<\/p>\n<blockquote><p>\u00a0\u201cSumaremos 350 escuelas como centros de vacunaci\u00f3n y esperamos alcanzar a un mill\u00f3n y medio de personas inmunizadas en febrero\u201d, se\u00f1al\u00f3.<\/p><\/blockquote>\n<p>&nbsp;<\/p>\n<p><img data-recalc-dims=\"1\" loading=\"lazy\" decoding=\"async\" class=\"alignnone size-large wp-image-11872\" src=\"https:\/\/i0.wp.com\/cdnoticias.com\/wp-content\/uploads\/2021\/01\/EsMOkH6XEAE-w0H.jpg?resize=800%2C896&#038;ssl=1\" alt=\"\" width=\"800\" height=\"896\" srcset=\"https:\/\/i0.wp.com\/cdnoticias.com\/wp-content\/uploads\/2021\/01\/EsMOkH6XEAE-w0H.jpg?resize=914%2C1024&amp;ssl=1 914w, https:\/\/i0.wp.com\/cdnoticias.com\/wp-content\/uploads\/2021\/01\/EsMOkH6XEAE-w0H.jpg?resize=268%2C300&amp;ssl=1 268w, https:\/\/i0.wp.com\/cdnoticias.com\/wp-content\/uploads\/2021\/01\/EsMOkH6XEAE-w0H.jpg?resize=768%2C860&amp;ssl=1 768w, https:\/\/i0.wp.com\/cdnoticias.com\/wp-content\/uploads\/2021\/01\/EsMOkH6XEAE-w0H.jpg?w=960&amp;ssl=1 960w\" sizes=\"auto, (max-width: 800px) 100vw, 800px\" \/><\/p>\n<p>&nbsp;<\/p>\n<p>En ese marco, <strong>recibieron la primera dosis el ministro de Salud, Daniel Gollan, y la directora ejecutiva del Hospital, Noem\u00ed Logiurato, en tanto que el viceministro Nicol\u00e1s Kreplak complet\u00f3 su proceso de inmunizaci\u00f3n.<\/strong><\/p>\n<p>&nbsp;<\/p>\n<p><em>\u201cSi nos seguimos cuidando, con la vacuna podremos reducir la circulaci\u00f3n viral y en el segundo semestre ya habremos protegido a los sectores m\u00e1s vulnerables\u201d<\/em>, explic\u00f3 Gollan y a\u00f1adi\u00f3: <em>\u201cTenemos el desaf\u00edo de vacunar a millones de bonaerenses y estamos trabajando junto a los intendentes para asistir a quienes necesiten ayuda en el proceso de inscripci\u00f3n digital\u201d.<\/em><\/p>\n<p>&nbsp;<\/p>\n<p><em>\u201cYa contamos con <strong>un mill\u00f3n de preinscriptos<\/strong> que se registraron en el sitio <a href=\"https:\/\/vacunatepba.gba.gob.ar\/?gclid=CjwKCAiAxp-ABhALEiwAXm6IyXGrJGOwoOR66YEkO9kYndrIzfrTs_CGEFfutRBvtsJZQKZ2YwNCChoCO0IQAvD_BwE\" target=\"_blank\" rel=\"noopener\">www.vacunatepba.gba.gob<\/a>. El objetivo ahora es lograr que se inscriban los grupos de mayor riesgo a medida que vayamos adquiriendo m\u00e1s vacunas\u201d<\/em>, sostuvo Kicillof, al tiempo que subray\u00f3 que <em>\u201cpara brindar asistencia en la inscripci\u00f3n, contamos con el trabajo de los sindicatos y de los 135 intendentes de la Provincia\u201d.<\/em><\/p>\n","protected":false},"excerpt":{"rendered":"<p>El gobernador hab\u00eda recibido la primera el 29 de diciembre. El ministro de Salud, Daniel Gollan, fue el primer mayor<\/p>\n","protected":false},"author":5,"featured_media":11873,"comment_status":"closed","ping_status":"closed","sticky":false,"template":"","format":"standard","meta":{"_jetpack_memberships_contains_paid_content":false,"footnotes":""},"categories":[6,1],"tags":[],"class_list":["post-11871","post","type-post","status-publish","format-standard","has-post-thumbnail","hentry","category-nacionales","category-portada"],"jetpack_featured_media_url":"https:\/\/i0.wp.com\/cdnoticias.com\/wp-content\/uploads\/2021\/01\/WhatsApp-Image-2021-01-20-at-13.28.28.jpeg?fit=1280%2C853&ssl=1","jetpack_sharing_enabled":true,"_links":{"self":[{"href":"https:\/\/cdnoticias.com\/index.php\/wp-json\/wp\/v2\/posts\/11871","targetHints":{"allow":["GET"]}}],"collection":[{"href":"https:\/\/cdnoticias.com\/index.php\/wp-json\/wp\/v2\/posts"}],"about":[{"href":"https:\/\/cdnoticias.com\/index.php\/wp-json\/wp\/v2\/types\/post"}],"author":[{"embeddable":true,"href":"https:\/\/cdnoticias.com\/index.php\/wp-json\/wp\/v2\/users\/5"}],"replies":[{"embeddable":true,"href":"https:\/\/cdnoticias.com\/index.php\/wp-json\/wp\/v2\/comments?post=11871"}],"version-history":[{"count":0,"href":"https:\/\/cdnoticias.com\/index.php\/wp-json\/wp\/v2\/posts\/11871\/revisions"}],"wp:featuredmedia":[{"embeddable":true,"href":"https:\/\/cdnoticias.com\/index.php\/wp-json\/wp\/v2\/media\/11873"}],"wp:attachment":[{"href":"https:\/\/cdnoticias.com\/index.php\/wp-json\/wp\/v2\/media?parent=11871"}],"wp:term":[{"taxonomy":"category","embeddable":true,"href":"https:\/\/cdnoticias.com\/index.php\/wp-json\/wp\/v2\/categories?post=11871"},{"taxonomy":"post_tag","embeddable":true,"href":"https:\/\/cdnoticias.com\/index.php\/wp-json\/wp\/v2\/tags?post=11871"}],"curies":[{"name":"wp","href":"https:\/\/api.w.org\/{rel}","templated":true}]}}