{"id":118703,"date":"2024-06-18T08:45:29","date_gmt":"2024-06-18T11:45:29","guid":{"rendered":"https:\/\/cdnoticias.com\/?p=118703"},"modified":"2024-06-18T10:51:52","modified_gmt":"2024-06-18T13:51:52","slug":"juan-falu-dara-inicio-a-los-festejos-por-la-independencia","status":"publish","type":"post","link":"https:\/\/cdnoticias.com\/index.php\/2024\/06\/18\/juan-falu-dara-inicio-a-los-festejos-por-la-independencia\/","title":{"rendered":"Juan Fal\u00fa dar\u00e1 inicio a los festejos por la Independencia"},"content":{"rendered":"<p>El reconocido guitarrista y compositor se presentar\u00e1 el pr\u00f3ximo 7 de julio en el Sal\u00f3n Rivadavia. Adem\u00e1s, el 8 de julio actuar\u00e1 \u201cPeteco\u201d Carabajal. El 9 de julio, los actos tradicionales y protocolares.<!--more--><\/p>\n<hr \/>\n<p>El <strong>Municipio de Olavarr\u00eda<\/strong> ofrecer\u00e1 una serie de <strong>propuestas art\u00edsticas y culturales<\/strong> con motivo de la <strong>celebraci\u00f3n del D\u00eda de la Independencia<\/strong>, un programa de actividades que convocar\u00e1 a la comunidad de todo el Partido para festejar juntos la fecha patria.<\/p>\n<p>La organizaci\u00f3n es llevada a cabo desde la Secretar\u00eda de Desarrollo de la Comunidad, con la colaboraci\u00f3n de distintas \u00e1reas del Municipio, con el objetivo de <strong>\u201cencontrarnos, reafirmar la Independencia de nuestra patria, pero tambi\u00e9n poder disfrutar, distender, compartir un momento de encuentro\u201d<\/strong>, expres\u00f3 el <strong>secretario Cristian Delpiani<\/strong> acerca de este programada de eventos que se iniciar\u00e1 en la noche del <strong>pr\u00f3ximo 7 de julio<\/strong>.<\/p>\n<blockquote><p>Ese domingo, a partir de las 20 horas, se dar\u00e1 la presentaci\u00f3n del reconocido guitarrista y compositor Juan Fal\u00fa, quien brindar\u00e1 un recital en el Sal\u00f3n Rivadavia, con acceso libre y gratuito. No obstante, las personas interesadas en concurrir deber\u00e1n retirar las entradas previamente por el Teatro Municipal, de lunes a viernes en el horario de 8:30 a 18 horas.<\/p><\/blockquote>\n<p><strong>Juan Fal\u00fa es un destacado int\u00e9rprete y autor<\/strong> de obras que integran el repertorio del folclore nacional, lo que lo ha llevado a ser galardonado con numerosos reconocimientos. Se trata adem\u00e1s del <em>director del ciclo musical Guitarras del Mundo<\/em>, evento que convoca a guitarristas de todo el mundo, propuesta que ha recorrido escenarios de todo el planeta y que Olavarr\u00eda ha tenido el placer de disfrutarlo en reiteradas ocasiones en el Teatro Municipal. Tal es as\u00ed que <em>el Concejo Deliberante lo ha declarado de inter\u00e9s municipal en reiteradas ocasiones.<\/em><\/p>\n<p>La propuesta municipal significar\u00e1 tambi\u00e9n<strong> el &#8220;regreso&#8221; del Sal\u00f3n Rivadavia como espacio para espect\u00e1culos y actividades p\u00fablicas<\/strong>. Cabe recordar que hasta hace pocos meses funcion\u00f3 all\u00ed la Direcci\u00f3n de Licencias de Conducir, medida definida por la anterior gesti\u00f3n municipal.<\/p>\n<h3>Programa de Festejos por la Independencia<\/h3>\n<p>Los <strong>eventos con motivo del D\u00eda de la Independencia continuar\u00e1n hasta el martes 9 de julio<\/strong> inclusive, por lo que se renueva la invitaci\u00f3n a toda la comunidad para que sea parte de las propuestas.<\/p>\n<p>El<strong> lunes 8<\/strong> se llevar\u00e1 a cabo <strong>en el CEMO<\/strong>, el Centro de Exposiciones del Municipio de Olavarr\u00eda ubicado sobre avenida Eva Per\u00f3n (ex Circunvalaci\u00f3n) al 1500, la denominada <strong>\u201cPe\u00f1a de Encuentro\u201d<\/strong>, de la cual tomar\u00e1n parte <em>artistas locales y nacionales, junto a grupos de la Escuela Municipal de Danza<\/em>. <strong>\u201cEl broche de oro va a estar a cargo de \u201cPeteco\u201d Carabajal\u201d<\/strong>, anunci\u00f3 Delpiani.<\/p>\n<blockquote><p>La propuesta se llevar\u00e1 a cabo a partir de las 20, tambi\u00e9n libre y gratuita, las entradas deber\u00e1n ser retiradas por el Centro Cultural Municipal San Jos\u00e9, de lunes a viernes de 8 a 18 horas, con un m\u00e1ximo de dos unidades por persona.<\/p><\/blockquote>\n<p>Participar\u00e1n <strong>Coco Mac\u00edas y su banda, J\u00e9sica Mintegu\u00eda<\/strong>, el <strong>Ballet Herencia Serrana<\/strong>, <strong>\u201cCampero Campero\u201d<\/strong>, <strong>Mart\u00edn Barraza<\/strong> y el cierre, el cierre ser\u00e1 protagonizado por el reconocido artista nacional<strong> Carlos \u201cPeteco\u201d Carabajal, con su grupo &#8220;Riendas Libres&#8221;<\/strong>. Se contar\u00e1 adem\u00e1s con <strong>servicio de cantina, a cargo de la Uni\u00f3n de Clubes de Olavarr\u00eda.<\/strong><\/p>\n<p>El <strong>martes 9 de julio<\/strong> se llevar\u00e1n a cabo los actos tradicionales y protocolares, que se iniciar\u00e1n a las<strong> 8:30 en el hall del Palacio San Mart\u00edn<\/strong>, donde <strong>el intendente municipal Maximiliano Wesner e integrantes del gabinete compartir\u00e1n un chocolate junto a instituciones y fuerzas vivas<\/strong>, para luego, a partir de las 8:50, trasladarse a la plaza central \u201cCoronel Olavarr\u00eda\u201d para el<strong> izamiento de la Bandera Nacional<\/strong> y posterior entonaci\u00f3n del Himno Nacional Argentino. A partir de las 9, en la parroquia San Jos\u00e9 se realizar\u00e1 el <strong>Ted\u00e9um<\/strong>.<\/p>\n<p>La tradicional <strong>Velada de Gala<\/strong> ser\u00e1 <strong>desde las 20 horas<\/strong> en el <strong>Teatro Municipal<\/strong>, presentaci\u00f3n tambi\u00e9n<strong> gratuita y abierta a toda la comunidad<\/strong>. Ser\u00e1 protagonizada por la <strong>Orquesta Sinf\u00f3nica Municipal<\/strong>, acompa\u00f1ada por destacados artistas e int\u00e9rpretes tales como Mario Bellomo, Lety Paternostro, Javier Stroman (bandone\u00f3n), Facundo Quiroga (acorde\u00f3n a piano) y Jos\u00e9 Mar\u00eda Paz (guitarra), adem\u00e1s de la participaci\u00f3n del Ballet Folkl\u00f3rico Municipal.<\/p>\n<blockquote><p>El Municipio de Olavarr\u00eda renueva la invitaci\u00f3n a toda la comunidad del Partido a ser parte de cada una de las propuestas y celebrar juntos una fecha que precisamente convoca a la unidad y a reforzar el sentimiento patrio.<\/p><\/blockquote>\n","protected":false},"excerpt":{"rendered":"<p>El reconocido guitarrista y compositor se presentar\u00e1 el pr\u00f3ximo 7 de julio en el Sal\u00f3n Rivadavia. Adem\u00e1s, el 8 de<\/p>\n","protected":false},"author":4,"featured_media":118704,"comment_status":"closed","ping_status":"closed","sticky":false,"template":"","format":"standard","meta":{"_jetpack_memberships_contains_paid_content":false,"footnotes":""},"categories":[9,1],"tags":[],"class_list":["post-118703","post","type-post","status-publish","format-standard","has-post-thumbnail","hentry","category-cultura","category-portada"],"jetpack_featured_media_url":"https:\/\/i0.wp.com\/cdnoticias.com\/wp-content\/uploads\/2024\/06\/juan-falu.jpg?fit=800%2C444&ssl=1","jetpack_sharing_enabled":true,"_links":{"self":[{"href":"https:\/\/cdnoticias.com\/index.php\/wp-json\/wp\/v2\/posts\/118703","targetHints":{"allow":["GET"]}}],"collection":[{"href":"https:\/\/cdnoticias.com\/index.php\/wp-json\/wp\/v2\/posts"}],"about":[{"href":"https:\/\/cdnoticias.com\/index.php\/wp-json\/wp\/v2\/types\/post"}],"author":[{"embeddable":true,"href":"https:\/\/cdnoticias.com\/index.php\/wp-json\/wp\/v2\/users\/4"}],"replies":[{"embeddable":true,"href":"https:\/\/cdnoticias.com\/index.php\/wp-json\/wp\/v2\/comments?post=118703"}],"version-history":[{"count":0,"href":"https:\/\/cdnoticias.com\/index.php\/wp-json\/wp\/v2\/posts\/118703\/revisions"}],"wp:featuredmedia":[{"embeddable":true,"href":"https:\/\/cdnoticias.com\/index.php\/wp-json\/wp\/v2\/media\/118704"}],"wp:attachment":[{"href":"https:\/\/cdnoticias.com\/index.php\/wp-json\/wp\/v2\/media?parent=118703"}],"wp:term":[{"taxonomy":"category","embeddable":true,"href":"https:\/\/cdnoticias.com\/index.php\/wp-json\/wp\/v2\/categories?post=118703"},{"taxonomy":"post_tag","embeddable":true,"href":"https:\/\/cdnoticias.com\/index.php\/wp-json\/wp\/v2\/tags?post=118703"}],"curies":[{"name":"wp","href":"https:\/\/api.w.org\/{rel}","templated":true}]}}