{"id":11869,"date":"2021-01-20T15:28:28","date_gmt":"2021-01-20T18:28:28","guid":{"rendered":"http:\/\/www.centraldenoticias.com.ar\/?p=11869"},"modified":"2021-01-20T15:28:28","modified_gmt":"2021-01-20T18:28:28","slug":"juan-carlos-quiroga-q-e-p-d","status":"publish","type":"post","link":"https:\/\/cdnoticias.com\/index.php\/2021\/01\/20\/juan-carlos-quiroga-q-e-p-d\/","title":{"rendered":"Juan Carlos Quiroga (Q.E.P.D.)"},"content":{"rendered":"<p>Falleci\u00f3 en Olavarr\u00eda el 20 de enero a los 71 a\u00f1os. Su esposa Rosa Edith Pucheta, Sus hijas Claudia Marcela y Mar\u00eda Gabriela; sus hijos pol\u00edticos Claudio Delfino y Cristian G\u00f3mez; sus nietos Rodrigo Maril\u00fa, B\u00e1rbara Gon, Jerem\u00edas Delfino y Pilar Delfino; sus nietos pol\u00edticos Ezequiel y Soledad Vivas; sus bisnietos Zoe y Sebasti\u00e1n; su hermano pol\u00edtico Carlos Alfredo Pucheta, sus sobrinos y dem\u00e1s deudos participan su fallecimiento.<\/p>\n<p>&nbsp;<\/p>\n<p>No se realiza velatorio y sus restos ser\u00e1n cremados en Crematorio Pinos de Paz en d\u00eda y horario a confirmar. Vecino de barrio PYM. Oriundo de Laprida. Mec\u00e1nico.<\/p>\n","protected":false},"excerpt":{"rendered":"<p>Falleci\u00f3 en Olavarr\u00eda el 20 de enero a los 71 a\u00f1os. Su esposa Rosa Edith Pucheta, Sus hijas Claudia Marcela<\/p>\n","protected":false},"author":5,"featured_media":0,"comment_status":"closed","ping_status":"closed","sticky":false,"template":"","format":"standard","meta":{"_jetpack_memberships_contains_paid_content":false,"footnotes":""},"categories":[10],"tags":[],"class_list":["post-11869","post","type-post","status-publish","format-standard","hentry","category-necrologicas"],"jetpack_featured_media_url":"","jetpack_sharing_enabled":true,"_links":{"self":[{"href":"https:\/\/cdnoticias.com\/index.php\/wp-json\/wp\/v2\/posts\/11869","targetHints":{"allow":["GET"]}}],"collection":[{"href":"https:\/\/cdnoticias.com\/index.php\/wp-json\/wp\/v2\/posts"}],"about":[{"href":"https:\/\/cdnoticias.com\/index.php\/wp-json\/wp\/v2\/types\/post"}],"author":[{"embeddable":true,"href":"https:\/\/cdnoticias.com\/index.php\/wp-json\/wp\/v2\/users\/5"}],"replies":[{"embeddable":true,"href":"https:\/\/cdnoticias.com\/index.php\/wp-json\/wp\/v2\/comments?post=11869"}],"version-history":[{"count":0,"href":"https:\/\/cdnoticias.com\/index.php\/wp-json\/wp\/v2\/posts\/11869\/revisions"}],"wp:attachment":[{"href":"https:\/\/cdnoticias.com\/index.php\/wp-json\/wp\/v2\/media?parent=11869"}],"wp:term":[{"taxonomy":"category","embeddable":true,"href":"https:\/\/cdnoticias.com\/index.php\/wp-json\/wp\/v2\/categories?post=11869"},{"taxonomy":"post_tag","embeddable":true,"href":"https:\/\/cdnoticias.com\/index.php\/wp-json\/wp\/v2\/tags?post=11869"}],"curies":[{"name":"wp","href":"https:\/\/api.w.org\/{rel}","templated":true}]}}