{"id":118649,"date":"2024-06-16T14:00:31","date_gmt":"2024-06-16T17:00:31","guid":{"rendered":"https:\/\/cdnoticias.com\/?p=118649"},"modified":"2024-06-16T14:00:33","modified_gmt":"2024-06-16T17:00:33","slug":"la-lista-amarilla-de-coopelectric-abrira-su-sede","status":"publish","type":"post","link":"https:\/\/cdnoticias.com\/index.php\/2024\/06\/16\/la-lista-amarilla-de-coopelectric-abrira-su-sede\/","title":{"rendered":"La Lista Amarilla de Coopelectric abrir\u00e1 su sede"},"content":{"rendered":"<p>Atender\u00e1 en Sargento Cabral 3332 de lunes a viernes de 18 a 20 horas. Se convertir\u00e1 en el punto de encuentro para los integrantes de la agrupaci\u00f3n y las consultas de los asociados.<!--more--><\/p>\n<hr \/>\n<p>La<strong> Lista Amarilla<\/strong> se reuni\u00f3 en <strong>su local situado en Sargento Cabral 3332<\/strong>, el cual estar\u00e1 abierto a la comunidad olavarriense de<strong> lunes a viernes de 18 a 20 horas.<\/strong><\/p>\n<p>El encuentro cont\u00f3 con la <strong>participaci\u00f3n de su referente Mario Cura<\/strong>, el <strong>presidente del Consejo de Administraci\u00f3n de Coopelectric Cruz Arouxet<\/strong>, miembros del Consejo, la <strong>presidenta del cuerpo de delegados Vanesa Andreis<\/strong>, los delegados que conforman la Asamblea y parte del grupo de la juventud amarilla.<\/p>\n<blockquote><p>Se indic\u00f3 que la &#8220;casita amarilla&#8221; se convertir\u00e1 en \u201cun espacio donde se establecer\u00e1n las bases de trabajo, se atender\u00e1n consultas de los asociados y vecinos, y se generar\u00e1n ideas para seguir fortaleciendo el cooperativismo que ha caracterizado a la Lista Amarilla a lo largo de los a\u00f1os, con el objetivo de mejorar la calidad de cada servicio ofrecido\u201d.<\/p><\/blockquote>\n<p><img data-recalc-dims=\"1\" loading=\"lazy\" decoding=\"async\" class=\"size-full wp-image-118651 aligncenter\" src=\"https:\/\/i0.wp.com\/cdnoticias.com\/wp-content\/uploads\/2024\/06\/lista-amarilla-02.jpg?resize=800%2C445&#038;ssl=1\" alt=\"\" width=\"800\" height=\"445\" srcset=\"https:\/\/i0.wp.com\/cdnoticias.com\/wp-content\/uploads\/2024\/06\/lista-amarilla-02.jpg?w=800&amp;ssl=1 800w, https:\/\/i0.wp.com\/cdnoticias.com\/wp-content\/uploads\/2024\/06\/lista-amarilla-02.jpg?resize=300%2C167&amp;ssl=1 300w, https:\/\/i0.wp.com\/cdnoticias.com\/wp-content\/uploads\/2024\/06\/lista-amarilla-02.jpg?resize=768%2C427&amp;ssl=1 768w\" sizes=\"auto, (max-width: 800px) 100vw, 800px\" \/><\/p>\n<p>\u201cReconocemos el <strong>papel fundamental que desempe\u00f1a la Cooperativa El\u00e9ctrica en la ciudad de Olavarr\u00eda<\/strong>, y nos comprometemos a seguir trabajando de manera constante para satisfacer las demandas de los asociados, atender sus necesidades y proporcionar servicios de alta calidad. Esto incluye tanto el \u00e1mbito el\u00e9ctrico como el de obras sanitarias, as\u00ed como los servicios sociales de Pinos de Paz y el centro de estudios universitarios\u201d defini\u00f3 la agrupaci\u00f3n.<\/p>\n<p>Se remarc\u00f3 que \u201ccon una visi\u00f3n centrada en el bienestar y el progreso de la comunidad, seguiremos impulsando proyectos a trav\u00e9s de todos los integrantes de la Lista Amarilla, siendo el <strong>nexo fundamental con cada vecino olavarriense<\/strong>. Juntos, tejemos los v\u00ednculos que fortalecen nuestra comunidad y nos encaminan hacia un futuro compartido y pr\u00f3spero\u201d.<\/p>\n","protected":false},"excerpt":{"rendered":"<p>Atender\u00e1 en Sargento Cabral 3332 de lunes a viernes de 18 a 20 horas. Se convertir\u00e1 en el punto de<\/p>\n","protected":false},"author":4,"featured_media":118650,"comment_status":"closed","ping_status":"closed","sticky":false,"template":"","format":"standard","meta":{"_jetpack_memberships_contains_paid_content":false,"footnotes":""},"categories":[4,1],"tags":[],"class_list":["post-118649","post","type-post","status-publish","format-standard","has-post-thumbnail","hentry","category-politica","category-portada"],"jetpack_featured_media_url":"https:\/\/i0.wp.com\/cdnoticias.com\/wp-content\/uploads\/2024\/06\/lista-amarilla-01.jpg?fit=800%2C445&ssl=1","jetpack_sharing_enabled":true,"_links":{"self":[{"href":"https:\/\/cdnoticias.com\/index.php\/wp-json\/wp\/v2\/posts\/118649","targetHints":{"allow":["GET"]}}],"collection":[{"href":"https:\/\/cdnoticias.com\/index.php\/wp-json\/wp\/v2\/posts"}],"about":[{"href":"https:\/\/cdnoticias.com\/index.php\/wp-json\/wp\/v2\/types\/post"}],"author":[{"embeddable":true,"href":"https:\/\/cdnoticias.com\/index.php\/wp-json\/wp\/v2\/users\/4"}],"replies":[{"embeddable":true,"href":"https:\/\/cdnoticias.com\/index.php\/wp-json\/wp\/v2\/comments?post=118649"}],"version-history":[{"count":0,"href":"https:\/\/cdnoticias.com\/index.php\/wp-json\/wp\/v2\/posts\/118649\/revisions"}],"wp:featuredmedia":[{"embeddable":true,"href":"https:\/\/cdnoticias.com\/index.php\/wp-json\/wp\/v2\/media\/118650"}],"wp:attachment":[{"href":"https:\/\/cdnoticias.com\/index.php\/wp-json\/wp\/v2\/media?parent=118649"}],"wp:term":[{"taxonomy":"category","embeddable":true,"href":"https:\/\/cdnoticias.com\/index.php\/wp-json\/wp\/v2\/categories?post=118649"},{"taxonomy":"post_tag","embeddable":true,"href":"https:\/\/cdnoticias.com\/index.php\/wp-json\/wp\/v2\/tags?post=118649"}],"curies":[{"name":"wp","href":"https:\/\/api.w.org\/{rel}","templated":true}]}}