{"id":118643,"date":"2024-06-16T13:07:23","date_gmt":"2024-06-16T16:07:23","guid":{"rendered":"https:\/\/cdnoticias.com\/?p=118643"},"modified":"2024-06-16T13:07:24","modified_gmt":"2024-06-16T16:07:24","slug":"hector-laplace-sobre-el-rigi-argentina-va-a-ir-a-negociar-con-los-inversores-con-los-pantalones-en-la-mano","status":"publish","type":"post","link":"https:\/\/cdnoticias.com\/index.php\/2024\/06\/16\/hector-laplace-sobre-el-rigi-argentina-va-a-ir-a-negociar-con-los-inversores-con-los-pantalones-en-la-mano\/","title":{"rendered":"H\u00e9ctor Laplace sobre el RIGI: \u201cArgentina va a ir a negociar con los inversores con los pantalones en la mano\u201d"},"content":{"rendered":"<p>El secretario general de la Asociaci\u00f3n Obrera Minera Argentina (AOMA) agreg\u00f3 que \u201cse va a transformar en un pa\u00eds extractivista exclusivamente. Esto no va a ser desarrollo, va a ser saqueo de nuestros recursos naturales\u201d.<!--more--><\/p>\n<hr \/>\n<p><strong>La votaci\u00f3n favorable de la Ley Bases<\/strong> <a href=\"https:\/\/cdnoticias.com\/index.php\/2024\/06\/13\/con-el-voto-de-villarruel-que-desempato-el-senado-aprobo-la-ley-bases\/\" target=\"_blank\" rel=\"noopener\">en el Senado de la Naci\u00f3n Argentina<\/a> contempla una serie de<strong> retrocesos para la vida de los trabajadores y las trabajadoras<\/strong> del pa\u00eds. Entre ello, se aprob\u00f3 la <strong>implementaci\u00f3n del RIGI.\u00a0<\/strong>Por este \u00faltimo tema, y m\u00e1s, el<strong> Secretario General de la Asociaci\u00f3n Obrera Minera Argentina (AOMA), H\u00e9ctor Laplace<\/strong>, dio una entrevista en \u201cDe ahora en m\u00e1s\u201d, el programa que conduce Mar\u00eda O\u2019Donnell en Urbana Play.<\/p>\n<p>All\u00ed, al ser consultado sobre por qu\u00e9 est\u00e1 en contra si el RIGI podr\u00eda traer m\u00e1s empleo para el sector, explic\u00f3 que \u201cese es el argumento que m\u00e1s asiduamente escuchamos de los inversores pero, aunque cualquiera en su sano juicio lo pensar\u00eda, tenemos que ser claros y conscientes de algo, y es que m\u00e1s all\u00e1 de un gremio somos argentinos, y<strong> estamos absolutamente convencidos de que con este r\u00e9gimen no se est\u00e1 beneficiando al pa\u00eds. Por eso estamos en contra\u201d.<\/strong><\/p>\n<p>Continuando en la l\u00ednea de los retrocesos en materia de derechos laborales, contextualiz\u00f3 que \u201choy tenemos alrededor de 35.000 afiliados, y en la miner\u00eda metal\u00edfera hoy un sueldo de ingreso debe estar en 1.800.000 y hay algunos que alcanzan los 4.000.000. Y ah\u00ed <strong>tenemos un tema con las ganancias<\/strong>, porque a los inversores externos, que me sobran con el dedo de una mano para que entiendan a quienes vamos a beneficiar, <strong>vamos a terminar perjudicando a los trabajadores con la habilitaci\u00f3n de ganancias en la cuarta categor\u00eda<\/strong>\u201d y agreg\u00f3: \u201cEstas son las barbaridades que no entendemos\u201d.<\/p>\n<p>Tras ser consultado sobre la actualidad de la actividad, Laplace hizo hincapi\u00e9 en que la radiograf\u00eda minera se explica en que<strong> \u201cla mayor cantidad de los trabajadores mineros los tenemos en Santa Cruz, San Juan<\/strong> y tenemos que prestar atenci\u00f3n al <strong>noroeste argentino particularmente con el litio<\/strong>. Ah\u00ed hay tres empresas en explotaci\u00f3n a nivel comercial, y hay alrededor de 40 proyectos con plantas pilotos y en muchos casos con nivel avanzado del proyecto. Yo creo que ahora a fin de mes arranca el cuarto proyecto en la provincia de Salta\u201d.<\/p>\n<p><img data-recalc-dims=\"1\" loading=\"lazy\" decoding=\"async\" class=\"size-full wp-image-86021 aligncenter\" src=\"https:\/\/i0.wp.com\/cdnoticias.com\/wp-content\/uploads\/2023\/05\/aoma-laplace-arminera-1.jpg?resize=800%2C445&#038;ssl=1\" alt=\"\" width=\"800\" height=\"445\" srcset=\"https:\/\/i0.wp.com\/cdnoticias.com\/wp-content\/uploads\/2023\/05\/aoma-laplace-arminera-1.jpg?w=800&amp;ssl=1 800w, https:\/\/i0.wp.com\/cdnoticias.com\/wp-content\/uploads\/2023\/05\/aoma-laplace-arminera-1.jpg?resize=300%2C167&amp;ssl=1 300w, https:\/\/i0.wp.com\/cdnoticias.com\/wp-content\/uploads\/2023\/05\/aoma-laplace-arminera-1.jpg?resize=768%2C427&amp;ssl=1 768w\" sizes=\"auto, (max-width: 800px) 100vw, 800px\" \/><\/p>\n<p>Esto a\u00fan contando la nula explotaci\u00f3n del cobre en nuestro pa\u00eds, la cual: \u201cla argumentan por los costos de la extracci\u00f3n. Fijate que a pesar de que les pretendan dar este r\u00e9gimen, tambi\u00e9n tenemos que ser conscientes que en<strong> el Senado se modific\u00f3 que las regal\u00edas van a pasar del 3 al 5%<\/strong>, y dicen que esto los deja afuera de la posibilidad de explotaci\u00f3n. Esto es una injusticia absoluta para los argentinos,<strong> esto nos va a obligar e incluso si hay disidencias con la explotaci\u00f3n, a ir a tribunales internacionales\u201d.<\/strong><\/p>\n<blockquote><p>Volviendo al RIGI, Laplace fue tajante y se\u00f1al\u00f3 que la implementaci\u00f3n del r\u00e9gimen es \u201ccasi como obligar a nuestra Argentina a ir a negociar con los inversores con los pantalones en la mano, y nosotros no vamos a ser c\u00f3mplices de lo que se va a transformar en un pa\u00eds extractivista exclusivamente. Esto no va a ser desarrollo, va a ser saqueo de nuestros recursos naturales\u201d.<\/p><\/blockquote>\n<p>Al ser consultado sobre la participaci\u00f3n de mujeres en la actividad, destac\u00f3: <strong>\u201cTenemos mujeres en el gremio y en la actividad, y estamos muy orgullosos de ello. Hoy est\u00e1 oscilando en el 7% la cantidad<\/strong>, pero ven\u00edamos de 0%. Los cambios legislativos, porque antes estaba prohibido que trabajen las mujeres por el c\u00f3digo de miner\u00eda, lo propuso la Asociaci\u00f3n Obrera Minera Argentina para que las mujeres tambi\u00e9n puedan ir a la miner\u00eda\u201d.<\/p>\n<p>Para finalizar, record\u00f3 que<strong> \u201centre los trabajadores mineros, los proveedores y pymes, somos m\u00e1s de 100.000 familias que vivimos de la miner\u00eda\u201d.<\/strong><\/p>\n","protected":false},"excerpt":{"rendered":"<p>El secretario general de la Asociaci\u00f3n Obrera Minera Argentina (AOMA) agreg\u00f3 que \u201cse va a transformar en un pa\u00eds extractivista<\/p>\n","protected":false},"author":4,"featured_media":8926,"comment_status":"closed","ping_status":"closed","sticky":false,"template":"","format":"standard","meta":{"_jetpack_memberships_contains_paid_content":false,"footnotes":""},"categories":[6,1],"tags":[],"class_list":["post-118643","post","type-post","status-publish","format-standard","has-post-thumbnail","hentry","category-nacionales","category-portada"],"jetpack_featured_media_url":"https:\/\/i0.wp.com\/cdnoticias.com\/wp-content\/uploads\/2020\/12\/laplace800x445a.jpg?fit=1500%2C835&ssl=1","jetpack_sharing_enabled":true,"_links":{"self":[{"href":"https:\/\/cdnoticias.com\/index.php\/wp-json\/wp\/v2\/posts\/118643","targetHints":{"allow":["GET"]}}],"collection":[{"href":"https:\/\/cdnoticias.com\/index.php\/wp-json\/wp\/v2\/posts"}],"about":[{"href":"https:\/\/cdnoticias.com\/index.php\/wp-json\/wp\/v2\/types\/post"}],"author":[{"embeddable":true,"href":"https:\/\/cdnoticias.com\/index.php\/wp-json\/wp\/v2\/users\/4"}],"replies":[{"embeddable":true,"href":"https:\/\/cdnoticias.com\/index.php\/wp-json\/wp\/v2\/comments?post=118643"}],"version-history":[{"count":0,"href":"https:\/\/cdnoticias.com\/index.php\/wp-json\/wp\/v2\/posts\/118643\/revisions"}],"wp:featuredmedia":[{"embeddable":true,"href":"https:\/\/cdnoticias.com\/index.php\/wp-json\/wp\/v2\/media\/8926"}],"wp:attachment":[{"href":"https:\/\/cdnoticias.com\/index.php\/wp-json\/wp\/v2\/media?parent=118643"}],"wp:term":[{"taxonomy":"category","embeddable":true,"href":"https:\/\/cdnoticias.com\/index.php\/wp-json\/wp\/v2\/categories?post=118643"},{"taxonomy":"post_tag","embeddable":true,"href":"https:\/\/cdnoticias.com\/index.php\/wp-json\/wp\/v2\/tags?post=118643"}],"curies":[{"name":"wp","href":"https:\/\/api.w.org\/{rel}","templated":true}]}}